{"id":1593,"date":"2024-06-12T17:03:01","date_gmt":"2024-06-12T17:03:01","guid":{"rendered":"https:\/\/noorbe.com\/?p=1593"},"modified":"2025-11-06T16:39:52","modified_gmt":"2025-11-06T16:39:52","slug":"festivais-de-musica-saiba-quais-ainda-acontecerao-em-2024","status":"publish","type":"post","link":"https:\/\/noorbe.com.br\/index.php\/2024\/06\/12\/festivais-de-musica-saiba-quais-ainda-acontecerao-em-2024\/","title":{"rendered":"Festivais de M\u00fasica: saiba quais ainda acontecer\u00e3o em 2024"},"content":{"rendered":"\t\t<div data-elementor-type=\"wp-post\" data-elementor-id=\"1593\" class=\"elementor elementor-1593\" data-elementor-post-type=\"post\">\n\t\t\t\t<div class=\"elementor-element elementor-element-0946a0c e-flex e-con-boxed e-con e-parent\" data-id=\"0946a0c\" data-element_type=\"container\" data-e-type=\"container\">\n\t\t\t\t\t<div class=\"e-con-inner\">\n\t\t\t\t<div class=\"elementor-element elementor-element-530aeed elementor-widget elementor-widget-image\" data-id=\"530aeed\" data-element_type=\"widget\" data-e-type=\"widget\" data-widget_type=\"image.default\">\n\t\t\t\t<div class=\"elementor-widget-container\">\n\t\t\t\t\t\t\t\t\t\t\t\t\t\t\t<img fetchpriority=\"high\" decoding=\"async\" width=\"800\" height=\"534\" src=\"https:\/\/noorbe.com.br\/wp-content\/uploads\/2024\/06\/shutterstock_612941954-1024x683.jpg\" class=\"attachment-large size-large wp-image-1595\" alt=\"multidao\" srcset=\"https:\/\/noorbe.com.br\/wp-content\/uploads\/2024\/06\/shutterstock_612941954-1024x683.jpg 1024w, https:\/\/noorbe.com.br\/wp-content\/uploads\/2024\/06\/shutterstock_612941954-300x200.jpg 300w, https:\/\/noorbe.com.br\/wp-content\/uploads\/2024\/06\/shutterstock_612941954-768x512.jpg 768w, https:\/\/noorbe.com.br\/wp-content\/uploads\/2024\/06\/shutterstock_612941954-1536x1024.jpg 1536w, https:\/\/noorbe.com.br\/wp-content\/uploads\/2024\/06\/shutterstock_612941954-2048x1365.jpg 2048w\" sizes=\"(max-width: 800px) 100vw, 800px\" \/>\t\t\t\t\t\t\t\t\t\t\t\t\t\t\t<\/div>\n\t\t\t\t<\/div>\n\t\t\t\t<div class=\"elementor-element elementor-element-12c0026 elementor-widget elementor-widget-text-editor\" data-id=\"12c0026\" data-element_type=\"widget\" data-e-type=\"widget\" data-widget_type=\"text-editor.default\">\n\t\t\t\t<div class=\"elementor-widget-container\">\n\t\t\t\t\t\t\t\t\t<h1>Festivais de M\u00fasica: saiba quais ainda acontecer\u00e3o em 2024<\/h1>\nSe antes os <strong>festivais de m\u00fasica <\/strong>j\u00e1 eram muito procurados pelos grandes f\u00e3s e amantes de shows nacionais e internacionais, o per\u00edodo p\u00f3s pandemia contribuiu para um <a style=\"color: #f12b7a;\" href=\"https:\/\/diariodonordeste.verdesmares.com.br\/verso\/festivais-de-musica-tem-crescimento-de-mais-de-54-no-brasil-e-fortalecem-nomes-nacionais-1.3422707\">crescimento de mais de 54% de novos eventos neste setor no Brasil<\/a>, em dados do ano de 2023. Artistas e bandas internacionais est\u00e3o cada vez mais comparecendo em territ\u00f3rio brasileiro, onde, junto a atra\u00e7\u00f5es nacionais, s\u00f3 em 2023, <a style=\"color: #f12b7a;\" href=\"https:\/\/rollingstone.uol.com.br\/musica\/mapa-dos-festivais-pesquisa-revela-que-71-festivais-tiveram-a-primeira-edicao-no-brasil-em-2023\/\">71 festivais tiveram a sua primeira edi\u00e7\u00e3o no Brasil<\/a>, totalizando ao todo <strong>298 eventos de todas as regi\u00f5es do pa\u00eds<\/strong>.\n\nUm dos grandes nomes no setor de festivais de m\u00fasica, o <strong>Lollapalooza Brasil<\/strong> teve sua 11\u00aa edi\u00e7\u00e3o em mar\u00e7o, trazendo artistas internacionais como <strong>Blink 182<\/strong>, <strong>SZA<\/strong> e <strong>Kings Of Leon<\/strong>, teve um p\u00fablico de <strong>240 mil pessoas<\/strong>. Isso exemplifica uma atual realidade onde existe um grande p\u00fablico que busca investir seu tempo e dinheiro nessas experi\u00eancias.\n\nSe voc\u00ea \u00e9 um desses \u201cratos de festivais de m\u00fasica\u201d e est\u00e1 procurando qual sua nova aventura nesses eventos, o <strong>Noorbe<\/strong> trouxe alguns festivais que ir\u00e3o ocorrer ainda neste ano de 2024 no Brasil (em ordem cronol\u00f3gica). <strong>Separa a agenda e continue lendo!<\/strong>\n\n<strong>\u00a0<\/strong>\t\t\t\t\t\t\t\t<\/div>\n\t\t\t\t<\/div>\n\t\t\t\t\t<\/div>\n\t\t\t\t<\/div>\n\t\t<div class=\"elementor-element elementor-element-4ab1d86 e-flex e-con-boxed e-con e-parent\" data-id=\"4ab1d86\" data-element_type=\"container\" data-e-type=\"container\">\n\t\t\t\t\t<div class=\"e-con-inner\">\n\t\t\t\t<div class=\"elementor-element elementor-element-82154c5 elementor-widget elementor-widget-image\" data-id=\"82154c5\" data-element_type=\"widget\" data-e-type=\"widget\" data-widget_type=\"image.default\">\n\t\t\t\t<div class=\"elementor-widget-container\">\n\t\t\t\t\t\t\t\t\t\t\t\t\t\t\t<img decoding=\"async\" width=\"800\" height=\"534\" src=\"https:\/\/noorbe.com.br\/wp-content\/uploads\/2024\/06\/shutterstock_2184612253-1024x683.jpg\" class=\"attachment-large size-large wp-image-1596\" alt=\"galera\" srcset=\"https:\/\/noorbe.com.br\/wp-content\/uploads\/2024\/06\/shutterstock_2184612253-1024x683.jpg 1024w, https:\/\/noorbe.com.br\/wp-content\/uploads\/2024\/06\/shutterstock_2184612253-300x200.jpg 300w, https:\/\/noorbe.com.br\/wp-content\/uploads\/2024\/06\/shutterstock_2184612253-768x512.jpg 768w, https:\/\/noorbe.com.br\/wp-content\/uploads\/2024\/06\/shutterstock_2184612253-1536x1025.jpg 1536w, https:\/\/noorbe.com.br\/wp-content\/uploads\/2024\/06\/shutterstock_2184612253-2048x1366.jpg 2048w\" sizes=\"(max-width: 800px) 100vw, 800px\" \/>\t\t\t\t\t\t\t\t\t\t\t\t\t\t\t<\/div>\n\t\t\t\t<\/div>\n\t\t\t\t<div class=\"elementor-element elementor-element-8ffb5c0 elementor-widget elementor-widget-text-editor\" data-id=\"8ffb5c0\" data-element_type=\"widget\" data-e-type=\"widget\" data-widget_type=\"text-editor.default\">\n\t\t\t\t<div class=\"elementor-widget-container\">\n\t\t\t\t\t\t\t\t\t<h2><\/h2>\n<h2><strong>Agenda de Festivais de M\u00fasica em 2024 no Brasil<\/strong><\/h2>\n<h3><strong>C6 Fest (S\u00e3o Paulo\/SP) &#8211; 17 a 19 de maio<\/strong><\/h3>\nAp\u00f3s uma edi\u00e7\u00e3o muito bem sucedida em 2023, o <a style=\"color: #f12b7a;\" href=\"https:\/\/www.c6fest.com.br\/line-up\"><strong>C6 Fest<\/strong><\/a> retorna em 2024, no <strong>Parque do Ibirapuera<\/strong>, em S\u00e3o Paulo, para reunir uma sele\u00e7\u00e3o diversificada de <strong>30 atra\u00e7\u00f5es<\/strong> vindas de dez pa\u00edses, destacando diferentes g\u00eaneros musicais, como jazz, rock, soul e pop, al\u00e9m de MPB e world music. Entre os artistas principais est\u00e3o <strong>Pavement<\/strong>, <strong>Black Pumas<\/strong> e<strong> Charles Loyd<\/strong>, prometendo uma \u00f3tima experi\u00eancia musical para os amantes de m\u00fasica de todos os estilos.\n<h3><strong>Festival Coolritiba (Curitiba\/PR) &#8211; 18 de maio<\/strong><\/h3>\nEm mais uma edi\u00e7\u00e3o, o <a style=\"color: #f12b7a;\" href=\"https:\/\/coolritiba.art.br\"><strong>Festival Coolritiba<\/strong><\/a> vai transformar a <strong>Pedreira Paulo Leminski<\/strong>, em Curitiba, em um espa\u00e7o vibrante de m\u00fasica, arte e cultura urbana. O evento traz uma mistura de artistas nacionais e internacionais de destaque, incluindo <strong>Milky Chance<\/strong>, <strong>Lulu Santos<\/strong>, <strong>Kevin O Chris<\/strong>, <strong>WIU<\/strong>, <strong>Marina Sena<\/strong> e <strong>BaianaSystem<\/strong>, garantindo uma atmosfera cheia de energia para todos os gostos.\n<h3><strong>Doce Maravilha (Rio de Janeiro\/RJ) &#8211; 25 e 26 de maio<\/strong><\/h3>\nO festival <a style=\"color: #f12b7a;\"\nhref=\"https:\/\/www.eventim.com.br\/campaign\/docemaravilha\"><strong>Doce Maravilha<\/strong><\/a> acontecer\u00e1 no <strong>Jockey Club<\/strong>, na G\u00e1vea, Rio de Janeiro, e tem em seu line-up grandes nomes da m\u00fasica brasileira. Entre as atra\u00e7\u00f5es est\u00e3o<strong> Maria Beth\u00e2nia<\/strong>, que convida <strong>Xande de Pilares<\/strong>, e <strong>Jorge Ben Jor<\/strong>, que far\u00e1 um dos shows da sua nova turn\u00ea &#8220;\u00c9 Coisa Nossa&#8221;. O evento ter\u00e1 uma programa\u00e7\u00e3o variada com mais de 40 artistas distribu\u00eddos em dois palcos diferentes.\n<h3><strong>Curitiba Country Festival (Curitiba\/PR) &#8211; 25 e 26 de maio<\/strong><\/h3>\nO <a style=\"color: #f12b7a;\" href=\"https:\/\/curitibacountryfestival.uhuu.com\"><strong>Curitiba Country Festival<\/strong><\/a> chega \u00e0 sua <strong>15\u00aa edi\u00e7\u00e3o<\/strong> trazendo grandes nomes da m\u00fasica sertaneja e popular. Acontecer\u00e1 no Expotrade Convention Center e em nomes como <strong>Jorge &amp; Mateus<\/strong>, <strong>Ana Castela<\/strong>, <strong>L\u00e9o Santana<\/strong>, <strong>Simone Mendes<\/strong> e <strong>Luan Santana<\/strong> como alguns dos artistas confirmados para este evento. Esse festival \u00e9 considerado um dos mais importantes do g\u00eanero no pa\u00eds.\n<h3><strong>Jo\u00e3o Rock (Ribeir\u00e3o Preto\/SP) &#8211; 8 de junho<\/strong><\/h3>\nO festival <a style=\"color: #f12b7a;\" href=\"https:\/\/www.joaorock.com.br\/atracoes\/\"><strong>Jo\u00e3o Rock<\/strong><\/a> acontecer\u00e1 no<strong> Parque Permanente de Exposi\u00e7\u00f5es<\/strong>, em Ribeir\u00e3o Preto, e promete um dia repleto de m\u00fasica com mais de 30 atra\u00e7\u00f5es distribu\u00eddas em quatro palcos. Entre os artistas confirmados est\u00e3o<strong> Lulu Santos<\/strong>, <strong>Pitty<\/strong>, <strong>Paralamas do Sucesso<\/strong> e <strong>Ebony<\/strong>, al\u00e9m de encontros in\u00e9ditos e shows exclusivos. Esta edi\u00e7\u00e3o busca celebrar lendas da m\u00fasica e proporcionar uma experi\u00eancia \u00fanica para o p\u00fablico.\n<h3><strong>Festival Tur\u00e1 (S\u00e3o Paulo\/SP) &#8211; 29 e 30 de junho<\/strong><\/h3>\nPrometendo ser uma experi\u00eancia musical memor\u00e1vel, o <a style=\"color: #f12b7a;\" href=\"https:\/\/www.festivaltura.com.br\"><strong>Festival Tur\u00e1<\/strong><\/a> est\u00e1 de volta a S\u00e3o Paulo em junho, no Parque Ibirapuera com uma programa\u00e7\u00e3o que inclui artistas como <strong>Djavan<\/strong>, <strong>Alcione<\/strong>, <strong>Fresno<\/strong> e <strong>Pabllo Vittar<\/strong>. Esta edi\u00e7\u00e3o do festival busca oferecer ao p\u00fablico dois dias de entretenimento, m\u00fasica e cultura em um dos espa\u00e7os mais ic\u00f4nicos da cidade.\t\t\t\t\t\t\t\t<\/div>\n\t\t\t\t<\/div>\n\t\t\t\t<div class=\"elementor-element elementor-element-e2372d8 elementor-widget elementor-widget-image\" data-id=\"e2372d8\" data-element_type=\"widget\" data-e-type=\"widget\" data-widget_type=\"image.default\">\n\t\t\t\t<div class=\"elementor-widget-container\">\n\t\t\t\t\t\t\t\t\t\t\t\t\t\t\t<img decoding=\"async\" width=\"800\" height=\"534\" src=\"https:\/\/noorbe.com.br\/wp-content\/uploads\/2024\/06\/shutterstock_2416593441-1024x683.jpg\" class=\"attachment-large size-large wp-image-1598\" alt=\"galera-2\" srcset=\"https:\/\/noorbe.com.br\/wp-content\/uploads\/2024\/06\/shutterstock_2416593441-1024x683.jpg 1024w, https:\/\/noorbe.com.br\/wp-content\/uploads\/2024\/06\/shutterstock_2416593441-300x200.jpg 300w, https:\/\/noorbe.com.br\/wp-content\/uploads\/2024\/06\/shutterstock_2416593441-768x513.jpg 768w, https:\/\/noorbe.com.br\/wp-content\/uploads\/2024\/06\/shutterstock_2416593441-1536x1025.jpg 1536w, https:\/\/noorbe.com.br\/wp-content\/uploads\/2024\/06\/shutterstock_2416593441-2048x1367.jpg 2048w\" sizes=\"(max-width: 800px) 100vw, 800px\" \/>\t\t\t\t\t\t\t\t\t\t\t\t\t\t\t<\/div>\n\t\t\t\t<\/div>\n\t\t\t\t<div class=\"elementor-element elementor-element-196a295 elementor-widget elementor-widget-text-editor\" data-id=\"196a295\" data-element_type=\"widget\" data-e-type=\"widget\" data-widget_type=\"text-editor.default\">\n\t\t\t\t<div class=\"elementor-widget-container\">\n\t\t\t\t\t\t\t\t\t<h3><strong>\u00a0<\/strong><strong style=\"color: var( --e-global-color-secondary ); font-family: var( --e-global-typography-d3dae9a-font-family ), Sans-serif; font-size: var( --e-global-typography-d3dae9a-font-size ); letter-spacing: var( --e-global-typography-d3dae9a-letter-spacing ); word-spacing: var( --e-global-typography-d3dae9a-word-spacing ); text-align: var(--text-align);\">Festival Coala (S\u00e3o Paulo\/SP) &#8211; 6, 7 e 8 de setembro<\/strong><\/h3><p>O <a href=\"https:\/\/coalafestival.com.br\"><strong>Festival Coala<\/strong><\/a> est\u00e1 pronto para comemorar seus 10 anos com uma programa\u00e7\u00e3o especial no Memorial da Am\u00e9rica Latina, em S\u00e3o Paulo. Entre as atra\u00e7\u00f5es j\u00e1 confirmadas est\u00e3o o retorno de <strong>5 a Seco<\/strong>, <strong>Xande de Pilares<\/strong> interpretando m\u00fasicas de <strong>Caetano Veloso<\/strong> e o encontro musical entre <strong>Mariana Aydar<\/strong> e <strong>Mestrinho<\/strong><\/p><h3><strong>Rock In Rio (Rio de Janeiro\/RJ) &#8211; 13 a 22 de setembro<\/strong><\/h3><p>E um dos mais tradicionais festivais de m\u00fasica de todos os tempos, o <a href=\"https:\/\/rockinrio.com\/rio\/pt-br\/home\/\"><strong>Rock in Rio<\/strong><\/a> volta em 2024 para comemorar seus <strong>40 anos<\/strong> com uma programa\u00e7\u00e3o recheada de artistas renomados. Grandes nomes da m\u00fasica como <strong>Ed Sheeran<\/strong>, <strong>Mariah Carey<\/strong>, <strong>Katy Perry<\/strong> e<strong> Imagine Dragons<\/strong> est\u00e3o confirmados, al\u00e9m de outras atra\u00e7\u00f5es que ainda ser\u00e3o reveladas. O festival promete dias inesquec\u00edveis de shows, marcando uma celebra\u00e7\u00e3o especial dessa data hist\u00f3rica.<\/p><h3><strong>Tomorrowland Brasil (Itu\/SP) &#8211; 11 a 13 de outubro<\/strong><\/h3><p><a href=\"https:\/\/brasil.tomorrowland.com\/pt\/?utm_source=google&amp;utm_medium=pmax&amp;utm_campaign=we-cadastros-institucional-pre-registro-abril&amp;utm_term=google-pmax-pre-registro-24-4-2024-pmax-brasil-18-40-todos-generos-institucional-interesse&amp;utm_content=institucional-pmax-pre-registro_24-4-2024&amp;gad_source=1\"><strong>Tomorrowland Brasil<\/strong><\/a> est\u00e1 programado para agitar Itu, no interior de S\u00e3o Paulo, com um dos maiores festivais de m\u00fasica eletr\u00f4nica do mundo. O tema deste ano, &#8220;Adscendo&#8221;, promete uma experi\u00eancia imersiva com uma hist\u00f3ria m\u00edstica. J\u00e1 est\u00e3o confirmadas as presen\u00e7as de grandes nomes internacionais como <strong>Alesso<\/strong>, <strong>Armin van Buuren<\/strong>, <strong>Hardwell <\/strong>e <strong>Nico Moreno<\/strong>.<\/p><h3><strong>Festival MADA (Natal\/RN) &#8211; 18 e 19 de outubro<\/strong><\/h3><p>O <a href=\"https:\/\/www.madafestival.com\"><strong>Festival MADA<\/strong><\/a>, que acontece em Natal, celebra a riqueza da m\u00fasica brasileira, com um foco especial nas tradi\u00e7\u00f5es do Nordeste. A primeira atra\u00e7\u00e3o confirmada \u00e9 <strong>Ana Frango El\u00e9trico<\/strong>, e o festival promete uma programa\u00e7\u00e3o diversificada que destaca a pluralidade musical do pa\u00eds.<\/p><h3><strong>Festival Rock The Mountain (Petr\u00f3polis\/RJ) &#8211; 16 e 17 de novembro<\/strong><\/h3><p>Em um line-up de destaque com nomes como <strong>Zeca Pagodinho<\/strong>, <strong>O Grande Encontro<\/strong> e <strong>Nando Reis<\/strong>, o <a href=\"https:\/\/www.rockthemountain.com.br\"><strong>Festival Rock The Mountain<\/strong><\/a> acontecer\u00e1 na cidade de Petr\u00f3polis, em novembro. Os participantes podem esperar um fim de semana repleto de boa m\u00fasica e um ambiente envolvente no Rio de Janeiro.<\/p><h3><strong>Primavera Sound S\u00e3o Paulo (S\u00e3o Paulo\/SP) &#8211; 30 de novembro e 01 de dezembro<\/strong><\/h3><p>O <a href=\"https:\/\/www.primaverasound.com\/pt\/sao-paulo\"><strong>Primavera Sound S\u00e3o Paulo<\/strong><\/a> est\u00e1 programado para o \u00faltimo dia de novembro e o primeiro dia de dezembro no <strong>Aut\u00f3dromo de Interlagos<\/strong>. Embora o line-up ainda n\u00e3o tenha sido divulgado, a expectativa \u00e9 alta, pois o festival \u00e9 conhecido por trazer grandes nomes nacionais e internacionais. A pr\u00e9-venda dos ingressos j\u00e1 ocorreu ap\u00f3s a edi\u00e7\u00e3o de 2023, mostrando o interesse e entusiasmo do p\u00fablico por este evento que se tornou um dos mais aguardados do calend\u00e1rio musical da capital paulista.<\/p>\t\t\t\t\t\t\t\t<\/div>\n\t\t\t\t<\/div>\n\t\t\t\t<div class=\"elementor-element elementor-element-bbdbd5c elementor-widget elementor-widget-image\" data-id=\"bbdbd5c\" data-element_type=\"widget\" data-e-type=\"widget\" data-widget_type=\"image.default\">\n\t\t\t\t<div class=\"elementor-widget-container\">\n\t\t\t\t\t\t\t\t\t\t\t\t\t\t\t<img loading=\"lazy\" decoding=\"async\" width=\"800\" height=\"294\" src=\"https:\/\/noorbe.com.br\/wp-content\/uploads\/2024\/06\/shutterstock_2266047749-1024x376.jpg\" class=\"attachment-large size-large wp-image-1597\" alt=\"galera-3\" srcset=\"https:\/\/noorbe.com.br\/wp-content\/uploads\/2024\/06\/shutterstock_2266047749-1024x376.jpg 1024w, https:\/\/noorbe.com.br\/wp-content\/uploads\/2024\/06\/shutterstock_2266047749-300x110.jpg 300w, https:\/\/noorbe.com.br\/wp-content\/uploads\/2024\/06\/shutterstock_2266047749-768x282.jpg 768w, https:\/\/noorbe.com.br\/wp-content\/uploads\/2024\/06\/shutterstock_2266047749-1536x563.jpg 1536w, https:\/\/noorbe.com.br\/wp-content\/uploads\/2024\/06\/shutterstock_2266047749-2048x751.jpg 2048w\" sizes=\"(max-width: 800px) 100vw, 800px\" \/>\t\t\t\t\t\t\t\t\t\t\t\t\t\t\t<\/div>\n\t\t\t\t<\/div>\n\t\t\t\t<div class=\"elementor-element elementor-element-75e0d24 elementor-widget elementor-widget-text-editor\" data-id=\"75e0d24\" data-element_type=\"widget\" data-e-type=\"widget\" data-widget_type=\"text-editor.default\">\n\t\t\t\t<div class=\"elementor-widget-container\">\n\t\t\t\t\t\t\t\t\t<h2><strong>&nbsp;<\/strong><strong style=\"color: var( --e-global-color-secondary ); font-family: var( --e-global-typography-5d167aa-font-family ), Sans-serif; font-size: var( --e-global-typography-5d167aa-font-size ); letter-spacing: var( --e-global-typography-5d167aa-letter-spacing ); word-spacing: var( --e-global-typography-5d167aa-word-spacing ); text-align: var(--text-align);\">Quer saber mais sobre festivais de m\u00fasica e outros temas?<\/strong><\/h2>\n<p>Agora que voc\u00ea j\u00e1 conhece as diversas op\u00e7\u00f5es de festivais de m\u00fasica para se aventurar ainda em 2024, pode escolher a dedo quais eventos voc\u00ea n\u00e3o quer perder. O ano de 2024 promete ser repleto de festivais de m\u00fasicas com shows para todos os gostos, e os amantes da m\u00fasica podem esperar uma variedade de g\u00eaneros e estilos, desde m\u00fasica eletr\u00f4nica at\u00e9 rock, sertanejo, MPB e pop.<\/p>\n<p><strong>Quer saber mais sobre shows e festivais de m\u00fasica?<\/strong> Voc\u00ea pode explorar o portal <strong>Noorbe<\/strong> &nbsp;para se manter atualizado com not\u00edcias e conte\u00fados especiais sobre o mundo da m\u00fasica e outros temas de interesse. Desde esportes at\u00e9 sa\u00fade, televis\u00e3o e decora\u00e7\u00e3o, o Noorbe oferece textos interessantes para voc\u00ea ficar por dentro das novidades e tend\u00eancias.&nbsp;<\/p>\n<p>E lembre-se de nos acompanhar nas <strong>redes sociais<\/strong>&nbsp;! At\u00e9 a pr\u00f3xima leitura.<\/p>\n<p><\/p>\t\t\t\t\t\t\t\t<\/div>\n\t\t\t\t<\/div>\n\t\t\t\t\t<\/div>\n\t\t\t\t<\/div>\n\t\t\t\t<\/div>\n\t\t","protected":false},"excerpt":{"rendered":"<p>Saiba quais festivais de m\u00fasica ainda acontecer\u00e3o em 2024 e se programe para assistir seus artistas, bandas e shows preferidos.<\/p>\n","protected":false},"author":1,"featured_media":1595,"comment_status":"open","ping_status":"open","sticky":false,"template":"","format":"standard","meta":{"footnotes":""},"categories":[31,89,33],"tags":[94,95,96],"class_list":["post-1593","post","type-post","status-publish","format-standard","has-post-thumbnail","hentry","category-entretenimento","category-mais-lidas","category-musica","tag-festivais","tag-musicas","tag-shows"],"yoast_head":"<!-- This site is optimized with the Yoast SEO plugin v26.2 - https:\/\/yoast.com\/wordpress\/plugins\/seo\/ -->\n<title>Festivais de M\u00fasica: saiba quais ainda acontecer\u00e3o em 2024 - Noorbe<\/title>\n<meta name=\"description\" content=\"Saiba quais festivais de m\u00fasica ainda acontecer\u00e3o em 2024 e se programe para assistir seus artistas, bandas e shows preferidos.\" \/>\n<meta name=\"robots\" content=\"index, follow, max-snippet:-1, max-image-preview:large, max-video-preview:-1\" \/>\n<link rel=\"canonical\" href=\"https:\/\/noorbe.com.br\/index.php\/2024\/06\/12\/festivais-de-musica-saiba-quais-ainda-acontecerao-em-2024\/\" \/>\n<meta property=\"og:locale\" content=\"pt_BR\" \/>\n<meta property=\"og:type\" content=\"article\" \/>\n<meta property=\"og:title\" content=\"Festivais de M\u00fasica: saiba quais ainda acontecer\u00e3o em 2024 - Noorbe\" \/>\n<meta property=\"og:description\" content=\"Saiba quais festivais de m\u00fasica ainda acontecer\u00e3o em 2024 e se programe para assistir seus artistas, bandas e shows preferidos.\" \/>\n<meta property=\"og:url\" content=\"https:\/\/noorbe.com.br\/index.php\/2024\/06\/12\/festivais-de-musica-saiba-quais-ainda-acontecerao-em-2024\/\" \/>\n<meta property=\"og:site_name\" content=\"Noorbe\" \/>\n<meta property=\"article:published_time\" content=\"2024-06-12T17:03:01+00:00\" \/>\n<meta property=\"article:modified_time\" content=\"2025-11-06T16:39:52+00:00\" \/>\n<meta property=\"og:image\" content=\"https:\/\/noorbe.com.br\/wp-content\/uploads\/2024\/06\/shutterstock_612941954-scaled.jpg\" \/>\n\t<meta property=\"og:image:width\" content=\"2560\" \/>\n\t<meta property=\"og:image:height\" content=\"1706\" \/>\n\t<meta property=\"og:image:type\" content=\"image\/jpeg\" \/>\n<meta name=\"author\" content=\"reda\u00e7\u00e3o\" \/>\n<meta name=\"twitter:card\" content=\"summary_large_image\" \/>\n<meta name=\"twitter:label1\" content=\"Escrito por\" \/>\n\t<meta name=\"twitter:data1\" content=\"reda\u00e7\u00e3o\" \/>\n\t<meta name=\"twitter:label2\" content=\"Est. tempo de leitura\" \/>\n\t<meta name=\"twitter:data2\" content=\"8 minutos\" \/>\n<script type=\"application\/ld+json\" class=\"yoast-schema-graph\">{\"@context\":\"https:\/\/schema.org\",\"@graph\":[{\"@type\":\"Article\",\"@id\":\"https:\/\/noorbe.com.br\/index.php\/2024\/06\/12\/festivais-de-musica-saiba-quais-ainda-acontecerao-em-2024\/#article\",\"isPartOf\":{\"@id\":\"https:\/\/noorbe.com.br\/index.php\/2024\/06\/12\/festivais-de-musica-saiba-quais-ainda-acontecerao-em-2024\/\"},\"author\":{\"name\":\"reda\u00e7\u00e3o\",\"@id\":\"https:\/\/noorbe.com.br\/#\/schema\/person\/91c15812f01705e694e85f3d97ca918b\"},\"headline\":\"Festivais de M\u00fasica: saiba quais ainda acontecer\u00e3o em 2024\",\"datePublished\":\"2024-06-12T17:03:01+00:00\",\"dateModified\":\"2025-11-06T16:39:52+00:00\",\"mainEntityOfPage\":{\"@id\":\"https:\/\/noorbe.com.br\/index.php\/2024\/06\/12\/festivais-de-musica-saiba-quais-ainda-acontecerao-em-2024\/\"},\"wordCount\":1299,\"commentCount\":0,\"publisher\":{\"@id\":\"https:\/\/noorbe.com.br\/#organization\"},\"image\":{\"@id\":\"https:\/\/noorbe.com.br\/index.php\/2024\/06\/12\/festivais-de-musica-saiba-quais-ainda-acontecerao-em-2024\/#primaryimage\"},\"thumbnailUrl\":\"https:\/\/noorbe.com.br\/wp-content\/uploads\/2024\/06\/shutterstock_612941954-scaled.jpg\",\"keywords\":[\"festivais\",\"musicas\",\"shows\"],\"articleSection\":[\"Entretenimento\",\"Mais Lidas\",\"M\u00fasica\"],\"inLanguage\":\"pt-BR\",\"potentialAction\":[{\"@type\":\"CommentAction\",\"name\":\"Comment\",\"target\":[\"https:\/\/noorbe.com.br\/index.php\/2024\/06\/12\/festivais-de-musica-saiba-quais-ainda-acontecerao-em-2024\/#respond\"]}]},{\"@type\":\"WebPage\",\"@id\":\"https:\/\/noorbe.com.br\/index.php\/2024\/06\/12\/festivais-de-musica-saiba-quais-ainda-acontecerao-em-2024\/\",\"url\":\"https:\/\/noorbe.com.br\/index.php\/2024\/06\/12\/festivais-de-musica-saiba-quais-ainda-acontecerao-em-2024\/\",\"name\":\"Festivais de M\u00fasica: saiba quais ainda acontecer\u00e3o em 2024 - Noorbe\",\"isPartOf\":{\"@id\":\"https:\/\/noorbe.com.br\/#website\"},\"primaryImageOfPage\":{\"@id\":\"https:\/\/noorbe.com.br\/index.php\/2024\/06\/12\/festivais-de-musica-saiba-quais-ainda-acontecerao-em-2024\/#primaryimage\"},\"image\":{\"@id\":\"https:\/\/noorbe.com.br\/index.php\/2024\/06\/12\/festivais-de-musica-saiba-quais-ainda-acontecerao-em-2024\/#primaryimage\"},\"thumbnailUrl\":\"https:\/\/noorbe.com.br\/wp-content\/uploads\/2024\/06\/shutterstock_612941954-scaled.jpg\",\"datePublished\":\"2024-06-12T17:03:01+00:00\",\"dateModified\":\"2025-11-06T16:39:52+00:00\",\"description\":\"Saiba quais festivais de m\u00fasica ainda acontecer\u00e3o em 2024 e se programe para assistir seus artistas, bandas e shows preferidos.\",\"breadcrumb\":{\"@id\":\"https:\/\/noorbe.com.br\/index.php\/2024\/06\/12\/festivais-de-musica-saiba-quais-ainda-acontecerao-em-2024\/#breadcrumb\"},\"inLanguage\":\"pt-BR\",\"potentialAction\":[{\"@type\":\"ReadAction\",\"target\":[\"https:\/\/noorbe.com.br\/index.php\/2024\/06\/12\/festivais-de-musica-saiba-quais-ainda-acontecerao-em-2024\/\"]}]},{\"@type\":\"ImageObject\",\"inLanguage\":\"pt-BR\",\"@id\":\"https:\/\/noorbe.com.br\/index.php\/2024\/06\/12\/festivais-de-musica-saiba-quais-ainda-acontecerao-em-2024\/#primaryimage\",\"url\":\"https:\/\/noorbe.com.br\/wp-content\/uploads\/2024\/06\/shutterstock_612941954-scaled.jpg\",\"contentUrl\":\"https:\/\/noorbe.com.br\/wp-content\/uploads\/2024\/06\/shutterstock_612941954-scaled.jpg\",\"width\":2560,\"height\":1706,\"caption\":\"multidao\"},{\"@type\":\"BreadcrumbList\",\"@id\":\"https:\/\/noorbe.com.br\/index.php\/2024\/06\/12\/festivais-de-musica-saiba-quais-ainda-acontecerao-em-2024\/#breadcrumb\",\"itemListElement\":[{\"@type\":\"ListItem\",\"position\":1,\"name\":\"In\u00edcio\",\"item\":\"https:\/\/noorbe.com.br\/\"},{\"@type\":\"ListItem\",\"position\":2,\"name\":\"Festivais de M\u00fasica: saiba quais ainda acontecer\u00e3o em 2024\"}]},{\"@type\":\"WebSite\",\"@id\":\"https:\/\/noorbe.com.br\/#website\",\"url\":\"https:\/\/noorbe.com.br\/\",\"name\":\"Noorbe\",\"description\":\"\",\"publisher\":{\"@id\":\"https:\/\/noorbe.com.br\/#organization\"},\"potentialAction\":[{\"@type\":\"SearchAction\",\"target\":{\"@type\":\"EntryPoint\",\"urlTemplate\":\"https:\/\/noorbe.com.br\/?s={search_term_string}\"},\"query-input\":{\"@type\":\"PropertyValueSpecification\",\"valueRequired\":true,\"valueName\":\"search_term_string\"}}],\"inLanguage\":\"pt-BR\"},{\"@type\":\"Organization\",\"@id\":\"https:\/\/noorbe.com.br\/#organization\",\"name\":\"Noorbe\",\"url\":\"https:\/\/noorbe.com.br\/\",\"logo\":{\"@type\":\"ImageObject\",\"inLanguage\":\"pt-BR\",\"@id\":\"https:\/\/noorbe.com.br\/#\/schema\/logo\/image\/\",\"url\":\"https:\/\/noorbe.com.br\/wp-content\/uploads\/2024\/05\/noorbe.jpg\",\"contentUrl\":\"https:\/\/noorbe.com.br\/wp-content\/uploads\/2024\/05\/noorbe.jpg\",\"width\":300,\"height\":53,\"caption\":\"Noorbe\"},\"image\":{\"@id\":\"https:\/\/noorbe.com.br\/#\/schema\/logo\/image\/\"}},{\"@type\":\"Person\",\"@id\":\"https:\/\/noorbe.com.br\/#\/schema\/person\/91c15812f01705e694e85f3d97ca918b\",\"name\":\"reda\u00e7\u00e3o\",\"image\":{\"@type\":\"ImageObject\",\"inLanguage\":\"pt-BR\",\"@id\":\"https:\/\/noorbe.com.br\/#\/schema\/person\/image\/\",\"url\":\"https:\/\/secure.gravatar.com\/avatar\/8127b64fc9b7ae806aaaf0ceb8dc77bbe9560462241d5264f19dd5635e941324?s=96&d=mm&r=g\",\"contentUrl\":\"https:\/\/secure.gravatar.com\/avatar\/8127b64fc9b7ae806aaaf0ceb8dc77bbe9560462241d5264f19dd5635e941324?s=96&d=mm&r=g\",\"caption\":\"reda\u00e7\u00e3o\"},\"sameAs\":[\"https:\/\/noorbe.com.br\"],\"url\":\"https:\/\/noorbe.com.br\/index.php\/author\/noorbeamz\/\"}]}<\/script>\n<!-- \/ Yoast SEO plugin. -->","yoast_head_json":{"title":"Festivais de M\u00fasica: saiba quais ainda acontecer\u00e3o em 2024 - Noorbe","description":"Saiba quais festivais de m\u00fasica ainda acontecer\u00e3o em 2024 e se programe para assistir seus artistas, bandas e shows preferidos.","robots":{"index":"index","follow":"follow","max-snippet":"max-snippet:-1","max-image-preview":"max-image-preview:large","max-video-preview":"max-video-preview:-1"},"canonical":"https:\/\/noorbe.com.br\/index.php\/2024\/06\/12\/festivais-de-musica-saiba-quais-ainda-acontecerao-em-2024\/","og_locale":"pt_BR","og_type":"article","og_title":"Festivais de M\u00fasica: saiba quais ainda acontecer\u00e3o em 2024 - Noorbe","og_description":"Saiba quais festivais de m\u00fasica ainda acontecer\u00e3o em 2024 e se programe para assistir seus artistas, bandas e shows preferidos.","og_url":"https:\/\/noorbe.com.br\/index.php\/2024\/06\/12\/festivais-de-musica-saiba-quais-ainda-acontecerao-em-2024\/","og_site_name":"Noorbe","article_published_time":"2024-06-12T17:03:01+00:00","article_modified_time":"2025-11-06T16:39:52+00:00","og_image":[{"width":2560,"height":1706,"url":"https:\/\/noorbe.com.br\/wp-content\/uploads\/2024\/06\/shutterstock_612941954-scaled.jpg","type":"image\/jpeg"}],"author":"reda\u00e7\u00e3o","twitter_card":"summary_large_image","twitter_misc":{"Escrito por":"reda\u00e7\u00e3o","Est. tempo de leitura":"8 minutos"},"schema":{"@context":"https:\/\/schema.org","@graph":[{"@type":"Article","@id":"https:\/\/noorbe.com.br\/index.php\/2024\/06\/12\/festivais-de-musica-saiba-quais-ainda-acontecerao-em-2024\/#article","isPartOf":{"@id":"https:\/\/noorbe.com.br\/index.php\/2024\/06\/12\/festivais-de-musica-saiba-quais-ainda-acontecerao-em-2024\/"},"author":{"name":"reda\u00e7\u00e3o","@id":"https:\/\/noorbe.com.br\/#\/schema\/person\/91c15812f01705e694e85f3d97ca918b"},"headline":"Festivais de M\u00fasica: saiba quais ainda acontecer\u00e3o em 2024","datePublished":"2024-06-12T17:03:01+00:00","dateModified":"2025-11-06T16:39:52+00:00","mainEntityOfPage":{"@id":"https:\/\/noorbe.com.br\/index.php\/2024\/06\/12\/festivais-de-musica-saiba-quais-ainda-acontecerao-em-2024\/"},"wordCount":1299,"commentCount":0,"publisher":{"@id":"https:\/\/noorbe.com.br\/#organization"},"image":{"@id":"https:\/\/noorbe.com.br\/index.php\/2024\/06\/12\/festivais-de-musica-saiba-quais-ainda-acontecerao-em-2024\/#primaryimage"},"thumbnailUrl":"https:\/\/noorbe.com.br\/wp-content\/uploads\/2024\/06\/shutterstock_612941954-scaled.jpg","keywords":["festivais","musicas","shows"],"articleSection":["Entretenimento","Mais Lidas","M\u00fasica"],"inLanguage":"pt-BR","potentialAction":[{"@type":"CommentAction","name":"Comment","target":["https:\/\/noorbe.com.br\/index.php\/2024\/06\/12\/festivais-de-musica-saiba-quais-ainda-acontecerao-em-2024\/#respond"]}]},{"@type":"WebPage","@id":"https:\/\/noorbe.com.br\/index.php\/2024\/06\/12\/festivais-de-musica-saiba-quais-ainda-acontecerao-em-2024\/","url":"https:\/\/noorbe.com.br\/index.php\/2024\/06\/12\/festivais-de-musica-saiba-quais-ainda-acontecerao-em-2024\/","name":"Festivais de M\u00fasica: saiba quais ainda acontecer\u00e3o em 2024 - Noorbe","isPartOf":{"@id":"https:\/\/noorbe.com.br\/#website"},"primaryImageOfPage":{"@id":"https:\/\/noorbe.com.br\/index.php\/2024\/06\/12\/festivais-de-musica-saiba-quais-ainda-acontecerao-em-2024\/#primaryimage"},"image":{"@id":"https:\/\/noorbe.com.br\/index.php\/2024\/06\/12\/festivais-de-musica-saiba-quais-ainda-acontecerao-em-2024\/#primaryimage"},"thumbnailUrl":"https:\/\/noorbe.com.br\/wp-content\/uploads\/2024\/06\/shutterstock_612941954-scaled.jpg","datePublished":"2024-06-12T17:03:01+00:00","dateModified":"2025-11-06T16:39:52+00:00","description":"Saiba quais festivais de m\u00fasica ainda acontecer\u00e3o em 2024 e se programe para assistir seus artistas, bandas e shows preferidos.","breadcrumb":{"@id":"https:\/\/noorbe.com.br\/index.php\/2024\/06\/12\/festivais-de-musica-saiba-quais-ainda-acontecerao-em-2024\/#breadcrumb"},"inLanguage":"pt-BR","potentialAction":[{"@type":"ReadAction","target":["https:\/\/noorbe.com.br\/index.php\/2024\/06\/12\/festivais-de-musica-saiba-quais-ainda-acontecerao-em-2024\/"]}]},{"@type":"ImageObject","inLanguage":"pt-BR","@id":"https:\/\/noorbe.com.br\/index.php\/2024\/06\/12\/festivais-de-musica-saiba-quais-ainda-acontecerao-em-2024\/#primaryimage","url":"https:\/\/noorbe.com.br\/wp-content\/uploads\/2024\/06\/shutterstock_612941954-scaled.jpg","contentUrl":"https:\/\/noorbe.com.br\/wp-content\/uploads\/2024\/06\/shutterstock_612941954-scaled.jpg","width":2560,"height":1706,"caption":"multidao"},{"@type":"BreadcrumbList","@id":"https:\/\/noorbe.com.br\/index.php\/2024\/06\/12\/festivais-de-musica-saiba-quais-ainda-acontecerao-em-2024\/#breadcrumb","itemListElement":[{"@type":"ListItem","position":1,"name":"In\u00edcio","item":"https:\/\/noorbe.com.br\/"},{"@type":"ListItem","position":2,"name":"Festivais de M\u00fasica: saiba quais ainda acontecer\u00e3o em 2024"}]},{"@type":"WebSite","@id":"https:\/\/noorbe.com.br\/#website","url":"https:\/\/noorbe.com.br\/","name":"Noorbe","description":"","publisher":{"@id":"https:\/\/noorbe.com.br\/#organization"},"potentialAction":[{"@type":"SearchAction","target":{"@type":"EntryPoint","urlTemplate":"https:\/\/noorbe.com.br\/?s={search_term_string}"},"query-input":{"@type":"PropertyValueSpecification","valueRequired":true,"valueName":"search_term_string"}}],"inLanguage":"pt-BR"},{"@type":"Organization","@id":"https:\/\/noorbe.com.br\/#organization","name":"Noorbe","url":"https:\/\/noorbe.com.br\/","logo":{"@type":"ImageObject","inLanguage":"pt-BR","@id":"https:\/\/noorbe.com.br\/#\/schema\/logo\/image\/","url":"https:\/\/noorbe.com.br\/wp-content\/uploads\/2024\/05\/noorbe.jpg","contentUrl":"https:\/\/noorbe.com.br\/wp-content\/uploads\/2024\/05\/noorbe.jpg","width":300,"height":53,"caption":"Noorbe"},"image":{"@id":"https:\/\/noorbe.com.br\/#\/schema\/logo\/image\/"}},{"@type":"Person","@id":"https:\/\/noorbe.com.br\/#\/schema\/person\/91c15812f01705e694e85f3d97ca918b","name":"reda\u00e7\u00e3o","image":{"@type":"ImageObject","inLanguage":"pt-BR","@id":"https:\/\/noorbe.com.br\/#\/schema\/person\/image\/","url":"https:\/\/secure.gravatar.com\/avatar\/8127b64fc9b7ae806aaaf0ceb8dc77bbe9560462241d5264f19dd5635e941324?s=96&d=mm&r=g","contentUrl":"https:\/\/secure.gravatar.com\/avatar\/8127b64fc9b7ae806aaaf0ceb8dc77bbe9560462241d5264f19dd5635e941324?s=96&d=mm&r=g","caption":"reda\u00e7\u00e3o"},"sameAs":["https:\/\/noorbe.com.br"],"url":"https:\/\/noorbe.com.br\/index.php\/author\/noorbeamz\/"}]}},"views":471,"_links":{"self":[{"href":"https:\/\/noorbe.com.br\/index.php\/wp-json\/wp\/v2\/posts\/1593","targetHints":{"allow":["GET"]}}],"collection":[{"href":"https:\/\/noorbe.com.br\/index.php\/wp-json\/wp\/v2\/posts"}],"about":[{"href":"https:\/\/noorbe.com.br\/index.php\/wp-json\/wp\/v2\/types\/post"}],"author":[{"embeddable":true,"href":"https:\/\/noorbe.com.br\/index.php\/wp-json\/wp\/v2\/users\/1"}],"replies":[{"embeddable":true,"href":"https:\/\/noorbe.com.br\/index.php\/wp-json\/wp\/v2\/comments?post=1593"}],"version-history":[{"count":69,"href":"https:\/\/noorbe.com.br\/index.php\/wp-json\/wp\/v2\/posts\/1593\/revisions"}],"predecessor-version":[{"id":4545,"href":"https:\/\/noorbe.com.br\/index.php\/wp-json\/wp\/v2\/posts\/1593\/revisions\/4545"}],"wp:featuredmedia":[{"embeddable":true,"href":"https:\/\/noorbe.com.br\/index.php\/wp-json\/wp\/v2\/media\/1595"}],"wp:attachment":[{"href":"https:\/\/noorbe.com.br\/index.php\/wp-json\/wp\/v2\/media?parent=1593"}],"wp:term":[{"taxonomy":"category","embeddable":true,"href":"https:\/\/noorbe.com.br\/index.php\/wp-json\/wp\/v2\/categories?post=1593"},{"taxonomy":"post_tag","embeddable":true,"href":"https:\/\/noorbe.com.br\/index.php\/wp-json\/wp\/v2\/tags?post=1593"}],"curies":[{"name":"wp","href":"https:\/\/api.w.org\/{rel}","templated":true}]}}