{"id":1760,"date":"2024-06-13T16:19:27","date_gmt":"2024-06-13T16:19:27","guid":{"rendered":"https:\/\/noorbe.com\/?p=1760"},"modified":"2024-08-27T19:36:11","modified_gmt":"2024-08-27T19:36:11","slug":"como-a-filosofia-e-a-razao-me-auxiliaram-na-fe-em-deus","status":"publish","type":"post","link":"https:\/\/noorbe.com.br\/index.php\/2024\/06\/13\/como-a-filosofia-e-a-razao-me-auxiliaram-na-fe-em-deus\/","title":{"rendered":"Como a filosofia e a raz\u00e3o me auxiliaram na f\u00e9 em Deus"},"content":{"rendered":"\t\t<div data-elementor-type=\"wp-post\" data-elementor-id=\"1760\" class=\"elementor elementor-1760\" data-elementor-post-type=\"post\">\n\t\t\t\t<div class=\"elementor-element elementor-element-cd5356a e-flex e-con-boxed e-con e-parent\" data-id=\"cd5356a\" data-element_type=\"container\" data-e-type=\"container\">\n\t\t\t\t\t<div class=\"e-con-inner\">\n\t\t\t\t<div class=\"elementor-element elementor-element-27c6211 elementor-widget elementor-widget-image\" data-id=\"27c6211\" data-element_type=\"widget\" data-e-type=\"widget\" data-widget_type=\"image.default\">\n\t\t\t\t<div class=\"elementor-widget-container\">\n\t\t\t\t\t\t\t\t\t\t\t\t\t\t\t<img fetchpriority=\"high\" decoding=\"async\" width=\"800\" height=\"571\" src=\"https:\/\/noorbe.com.br\/wp-content\/uploads\/2024\/06\/shutterstock_1008222754-1024x731.jpg\" class=\"attachment-large size-large wp-image-1761\" alt=\"filosofia f\u00e9 em Deus\" srcset=\"https:\/\/noorbe.com.br\/wp-content\/uploads\/2024\/06\/shutterstock_1008222754-1024x731.jpg 1024w, https:\/\/noorbe.com.br\/wp-content\/uploads\/2024\/06\/shutterstock_1008222754-300x214.jpg 300w, https:\/\/noorbe.com.br\/wp-content\/uploads\/2024\/06\/shutterstock_1008222754-768x549.jpg 768w, https:\/\/noorbe.com.br\/wp-content\/uploads\/2024\/06\/shutterstock_1008222754-1536x1097.jpg 1536w, https:\/\/noorbe.com.br\/wp-content\/uploads\/2024\/06\/shutterstock_1008222754-2048x1463.jpg 2048w\" sizes=\"(max-width: 800px) 100vw, 800px\" \/>\t\t\t\t\t\t\t\t\t\t\t\t\t\t\t<\/div>\n\t\t\t\t<\/div>\n\t\t\t\t\t<\/div>\n\t\t\t\t<\/div>\n\t\t<div class=\"elementor-element elementor-element-c5fbade e-flex e-con-boxed e-con e-parent\" data-id=\"c5fbade\" data-element_type=\"container\" data-e-type=\"container\">\n\t\t\t\t\t<div class=\"e-con-inner\">\n\t\t\t\t<div class=\"elementor-element elementor-element-e9c20c4 elementor-widget elementor-widget-text-editor\" data-id=\"e9c20c4\" data-element_type=\"widget\" data-e-type=\"widget\" data-widget_type=\"text-editor.default\">\n\t\t\t\t<div class=\"elementor-widget-container\">\n\t\t\t\t\t\t\t\t\t<p>Como meu primeiro blog para o noorbe.com, eu resolvi compartilhar com voc\u00eas como eu passei pelo processo de ser ateu, depois agn\u00f3stico e depois ter certeza de que Deus existe.<\/p><h2>Como era ser ateu?<\/h2><p>Bem, aqui acredito que nunca foi um problema meu com Deus, e sim com a religi\u00e3o.<\/p><p>Naquele momento da vida, at\u00e9 ent\u00e3o, n\u00e3o havia me identificado com nenhuma religi\u00e3o, logo n\u00e3o acreditar em Deus era algo direto e correlacionado, se n\u00e3o acredito em religi\u00e3o, logo n\u00e3o acredito em Deus. As quest\u00f5es vinham na minha cabe\u00e7a e as repostas me convenciam da n\u00e3o exist\u00eancia de Deus.<\/p><p>N\u00e3o \u00e9 poss\u00edvel que existe um homem de barba, sentado numa poltrona que fica olhando todo mundo&#8230;<\/p><p>Onde est\u00e1 Deus quando as pessoas passam por problemas?<\/p><p>Onde est\u00e1 Deus quando as pessoas passam fome?<\/p><p>Onde est\u00e1 Deus quando um teto de uma igreja cai?<\/p><p>Onde est\u00e1 Deus que o Vaticano precisa de para-raios na igreja de S\u00e3o Pedro?<\/p><p>As respostas eram: ele n\u00e3o est\u00e1 nesses momentos, logo n\u00e3o deve existir.<\/p><h2>Como passei de ateu para agn\u00f3stico?\u00a0<\/h2><p>Essa mudan\u00e7a foi muito simples e l\u00f3gica.<\/p><p>Estava eu, num bar em S\u00e3o Paulo, sentado no balc\u00e3o, fazendo amizades com as pessoas que estavam em volta.<\/p><p>O assunto Deus e religi\u00e3o veio \u00e0 tona e um menino mais novo que eu me questionou:<\/p><p>\u201cSe voc\u00ea \u00e9 ateu, \u00e9 porque voc\u00ea tem certeza de que Deus n\u00e3o existe?!\u201d<\/p><p>Mas eu n\u00e3o tinha essa certeza.<\/p><p>E ele ent\u00e3o me falou: \u201cEnt\u00e3o voc\u00ea n\u00e3o \u00e9 ateu, voc\u00ea \u00e9 agn\u00f3stico, n\u00e3o sabe nem se existe, nem se n\u00e3o existe.\u201d<\/p><p>Aquele dia voltei para casa mais feliz, pois me sentia ainda mais inteligente.<\/p><p>Poxa, que legal! Sou agn\u00f3stico!<\/p><h2>Deus, uma quest\u00e3o de l\u00f3gica\u00a0<\/h2><p>Pegue um monte de peda\u00e7os de madeira, quantas vezes voc\u00ea precisa jogar pela escada para que quando o punhado de madeira chegar no final da escada, ele termine em um formato de cadeira?<\/p><p>Pegue uma sopa de letrinhas, quantas vezes ser\u00e1 preciso derrubar a panela na mesa para que se forme um poema?<\/p><p>Pegue uma m\u00e1quina fotogr\u00e1fica, comece a girar o bra\u00e7o e a bater fotos, quantas fotos ter\u00e3o um enquadramento perfeito?<\/p><p>O acaso n\u00e3o constr\u00f3i nada. O acaso acontece e nunca se repete.<\/p><p>E as regras da natureza se repetem.<\/p><p>Todos os dias, a Terra demora a mesma quantidade de tempo para dar a volta em torno dela mesma, as fases da Lua se repetem a cada 28 dias, os demais planetas se movem sempre no mesmo ritmo, a Terra d\u00e1 uma volta em torno do Sol a cada ano.<\/p><p>\u00c9 imposs\u00edvel pensar racionalmente e achar que todas as coisas surgiram do nada, pela sorte.<\/p><p>Os minerais, as bact\u00e9rias, as plantas, os animais, o homem, o planeta, o universo.<\/p><p>Seria il\u00f3gico pensar que tudo isso foi criado pelo acaso, sem querer, em um golpe de sorte.<\/p><p>Logo, h\u00e1 um Deus, n\u00e3o um homem de barba sentado numa poltrona, mas sim uma intelig\u00eancia suprema, uma causa prim\u00e1ria de todas as coisas.<\/p>\t\t\t\t\t\t\t\t<\/div>\n\t\t\t\t<\/div>\n\t\t\t\t\t<\/div>\n\t\t\t\t<\/div>\n\t\t\t\t<\/div>\n\t\t","protected":false},"excerpt":{"rendered":"<p>Como foi meu processo de ateu at\u00e9 ter certeza que Deus existe, atrav\u00e9s de l\u00f3gica e filosofia, sem precisar de ajuda da religi\u00e3o.<\/p>\n","protected":false},"author":1,"featured_media":1761,"comment_status":"open","ping_status":"open","sticky":false,"template":"","format":"standard","meta":{"footnotes":""},"categories":[54,89],"tags":[67,70,71,69,68],"class_list":["post-1760","post","type-post","status-publish","format-standard","has-post-thumbnail","hentry","category-bruno-carvalho","category-mais-lidas","tag-deus","tag-fe","tag-logica-e-filosofia","tag-razao","tag-religiao"],"yoast_head":"<!-- This site is optimized with the Yoast SEO plugin v26.2 - https:\/\/yoast.com\/wordpress\/plugins\/seo\/ -->\n<title>Como a filosofia e a raz\u00e3o me auxiliaram na f\u00e9 em Deus - Noorbe<\/title>\n<meta name=\"description\" content=\"Como foi meu processo de ateu at\u00e9 ter certeza que Deus existe, atrav\u00e9s de l\u00f3gica e filosofia, sem precisar de ajuda da religi\u00e3o.\" \/>\n<meta name=\"robots\" content=\"index, follow, max-snippet:-1, max-image-preview:large, max-video-preview:-1\" \/>\n<link rel=\"canonical\" href=\"https:\/\/noorbe.com.br\/index.php\/2024\/06\/13\/como-a-filosofia-e-a-razao-me-auxiliaram-na-fe-em-deus\/\" \/>\n<meta property=\"og:locale\" content=\"pt_BR\" \/>\n<meta property=\"og:type\" content=\"article\" \/>\n<meta property=\"og:title\" content=\"Como a filosofia e a raz\u00e3o me auxiliaram na f\u00e9 em Deus - Noorbe\" \/>\n<meta property=\"og:description\" content=\"Como foi meu processo de ateu at\u00e9 ter certeza que Deus existe, atrav\u00e9s de l\u00f3gica e filosofia, sem precisar de ajuda da religi\u00e3o.\" \/>\n<meta property=\"og:url\" content=\"https:\/\/noorbe.com.br\/index.php\/2024\/06\/13\/como-a-filosofia-e-a-razao-me-auxiliaram-na-fe-em-deus\/\" \/>\n<meta property=\"og:site_name\" content=\"Noorbe\" \/>\n<meta property=\"article:published_time\" content=\"2024-06-13T16:19:27+00:00\" \/>\n<meta property=\"article:modified_time\" content=\"2024-08-27T19:36:11+00:00\" \/>\n<meta property=\"og:image\" content=\"https:\/\/noorbe.com.br\/wp-content\/uploads\/2024\/06\/shutterstock_1008222754-scaled.jpg\" \/>\n\t<meta property=\"og:image:width\" content=\"2560\" \/>\n\t<meta property=\"og:image:height\" content=\"1828\" \/>\n\t<meta property=\"og:image:type\" content=\"image\/jpeg\" \/>\n<meta name=\"author\" content=\"reda\u00e7\u00e3o\" \/>\n<meta name=\"twitter:card\" content=\"summary_large_image\" \/>\n<meta name=\"twitter:label1\" content=\"Escrito por\" \/>\n\t<meta name=\"twitter:data1\" content=\"reda\u00e7\u00e3o\" \/>\n\t<meta name=\"twitter:label2\" content=\"Est. tempo de leitura\" \/>\n\t<meta name=\"twitter:data2\" content=\"4 minutos\" \/>\n<script type=\"application\/ld+json\" class=\"yoast-schema-graph\">{\"@context\":\"https:\/\/schema.org\",\"@graph\":[{\"@type\":\"Article\",\"@id\":\"https:\/\/noorbe.com.br\/index.php\/2024\/06\/13\/como-a-filosofia-e-a-razao-me-auxiliaram-na-fe-em-deus\/#article\",\"isPartOf\":{\"@id\":\"https:\/\/noorbe.com.br\/index.php\/2024\/06\/13\/como-a-filosofia-e-a-razao-me-auxiliaram-na-fe-em-deus\/\"},\"author\":{\"name\":\"reda\u00e7\u00e3o\",\"@id\":\"https:\/\/noorbe.com.br\/#\/schema\/person\/91c15812f01705e694e85f3d97ca918b\"},\"headline\":\"Como a filosofia e a raz\u00e3o me auxiliaram na f\u00e9 em Deus\",\"datePublished\":\"2024-06-13T16:19:27+00:00\",\"dateModified\":\"2024-08-27T19:36:11+00:00\",\"mainEntityOfPage\":{\"@id\":\"https:\/\/noorbe.com.br\/index.php\/2024\/06\/13\/como-a-filosofia-e-a-razao-me-auxiliaram-na-fe-em-deus\/\"},\"wordCount\":549,\"commentCount\":0,\"publisher\":{\"@id\":\"https:\/\/noorbe.com.br\/#organization\"},\"image\":{\"@id\":\"https:\/\/noorbe.com.br\/index.php\/2024\/06\/13\/como-a-filosofia-e-a-razao-me-auxiliaram-na-fe-em-deus\/#primaryimage\"},\"thumbnailUrl\":\"https:\/\/noorbe.com.br\/wp-content\/uploads\/2024\/06\/shutterstock_1008222754-scaled.jpg\",\"keywords\":[\"Deus\",\"f\u00e9\",\"l\u00f3gica e filosofia\",\"raz\u00e3o\",\"religi\u00e3o\"],\"articleSection\":[\"Bruno Carvalho\",\"Mais Lidas\"],\"inLanguage\":\"pt-BR\",\"potentialAction\":[{\"@type\":\"CommentAction\",\"name\":\"Comment\",\"target\":[\"https:\/\/noorbe.com.br\/index.php\/2024\/06\/13\/como-a-filosofia-e-a-razao-me-auxiliaram-na-fe-em-deus\/#respond\"]}]},{\"@type\":\"WebPage\",\"@id\":\"https:\/\/noorbe.com.br\/index.php\/2024\/06\/13\/como-a-filosofia-e-a-razao-me-auxiliaram-na-fe-em-deus\/\",\"url\":\"https:\/\/noorbe.com.br\/index.php\/2024\/06\/13\/como-a-filosofia-e-a-razao-me-auxiliaram-na-fe-em-deus\/\",\"name\":\"Como a filosofia e a raz\u00e3o me auxiliaram na f\u00e9 em Deus - Noorbe\",\"isPartOf\":{\"@id\":\"https:\/\/noorbe.com.br\/#website\"},\"primaryImageOfPage\":{\"@id\":\"https:\/\/noorbe.com.br\/index.php\/2024\/06\/13\/como-a-filosofia-e-a-razao-me-auxiliaram-na-fe-em-deus\/#primaryimage\"},\"image\":{\"@id\":\"https:\/\/noorbe.com.br\/index.php\/2024\/06\/13\/como-a-filosofia-e-a-razao-me-auxiliaram-na-fe-em-deus\/#primaryimage\"},\"thumbnailUrl\":\"https:\/\/noorbe.com.br\/wp-content\/uploads\/2024\/06\/shutterstock_1008222754-scaled.jpg\",\"datePublished\":\"2024-06-13T16:19:27+00:00\",\"dateModified\":\"2024-08-27T19:36:11+00:00\",\"description\":\"Como foi meu processo de ateu at\u00e9 ter certeza que Deus existe, atrav\u00e9s de l\u00f3gica e filosofia, sem precisar de ajuda da religi\u00e3o.\",\"breadcrumb\":{\"@id\":\"https:\/\/noorbe.com.br\/index.php\/2024\/06\/13\/como-a-filosofia-e-a-razao-me-auxiliaram-na-fe-em-deus\/#breadcrumb\"},\"inLanguage\":\"pt-BR\",\"potentialAction\":[{\"@type\":\"ReadAction\",\"target\":[\"https:\/\/noorbe.com.br\/index.php\/2024\/06\/13\/como-a-filosofia-e-a-razao-me-auxiliaram-na-fe-em-deus\/\"]}]},{\"@type\":\"ImageObject\",\"inLanguage\":\"pt-BR\",\"@id\":\"https:\/\/noorbe.com.br\/index.php\/2024\/06\/13\/como-a-filosofia-e-a-razao-me-auxiliaram-na-fe-em-deus\/#primaryimage\",\"url\":\"https:\/\/noorbe.com.br\/wp-content\/uploads\/2024\/06\/shutterstock_1008222754-scaled.jpg\",\"contentUrl\":\"https:\/\/noorbe.com.br\/wp-content\/uploads\/2024\/06\/shutterstock_1008222754-scaled.jpg\",\"width\":2560,\"height\":1828,\"caption\":\"filosofia f\u00e9 em Deus\"},{\"@type\":\"BreadcrumbList\",\"@id\":\"https:\/\/noorbe.com.br\/index.php\/2024\/06\/13\/como-a-filosofia-e-a-razao-me-auxiliaram-na-fe-em-deus\/#breadcrumb\",\"itemListElement\":[{\"@type\":\"ListItem\",\"position\":1,\"name\":\"In\u00edcio\",\"item\":\"https:\/\/noorbe.com.br\/\"},{\"@type\":\"ListItem\",\"position\":2,\"name\":\"Como a filosofia e a raz\u00e3o me auxiliaram na f\u00e9 em Deus\"}]},{\"@type\":\"WebSite\",\"@id\":\"https:\/\/noorbe.com.br\/#website\",\"url\":\"https:\/\/noorbe.com.br\/\",\"name\":\"Noorbe\",\"description\":\"\",\"publisher\":{\"@id\":\"https:\/\/noorbe.com.br\/#organization\"},\"potentialAction\":[{\"@type\":\"SearchAction\",\"target\":{\"@type\":\"EntryPoint\",\"urlTemplate\":\"https:\/\/noorbe.com.br\/?s={search_term_string}\"},\"query-input\":{\"@type\":\"PropertyValueSpecification\",\"valueRequired\":true,\"valueName\":\"search_term_string\"}}],\"inLanguage\":\"pt-BR\"},{\"@type\":\"Organization\",\"@id\":\"https:\/\/noorbe.com.br\/#organization\",\"name\":\"Noorbe\",\"url\":\"https:\/\/noorbe.com.br\/\",\"logo\":{\"@type\":\"ImageObject\",\"inLanguage\":\"pt-BR\",\"@id\":\"https:\/\/noorbe.com.br\/#\/schema\/logo\/image\/\",\"url\":\"https:\/\/noorbe.com.br\/wp-content\/uploads\/2024\/05\/noorbe.jpg\",\"contentUrl\":\"https:\/\/noorbe.com.br\/wp-content\/uploads\/2024\/05\/noorbe.jpg\",\"width\":300,\"height\":53,\"caption\":\"Noorbe\"},\"image\":{\"@id\":\"https:\/\/noorbe.com.br\/#\/schema\/logo\/image\/\"}},{\"@type\":\"Person\",\"@id\":\"https:\/\/noorbe.com.br\/#\/schema\/person\/91c15812f01705e694e85f3d97ca918b\",\"name\":\"reda\u00e7\u00e3o\",\"image\":{\"@type\":\"ImageObject\",\"inLanguage\":\"pt-BR\",\"@id\":\"https:\/\/noorbe.com.br\/#\/schema\/person\/image\/\",\"url\":\"https:\/\/secure.gravatar.com\/avatar\/8127b64fc9b7ae806aaaf0ceb8dc77bbe9560462241d5264f19dd5635e941324?s=96&d=mm&r=g\",\"contentUrl\":\"https:\/\/secure.gravatar.com\/avatar\/8127b64fc9b7ae806aaaf0ceb8dc77bbe9560462241d5264f19dd5635e941324?s=96&d=mm&r=g\",\"caption\":\"reda\u00e7\u00e3o\"},\"sameAs\":[\"https:\/\/noorbe.com.br\"],\"url\":\"https:\/\/noorbe.com.br\/index.php\/author\/noorbeamz\/\"}]}<\/script>\n<!-- \/ Yoast SEO plugin. -->","yoast_head_json":{"title":"Como a filosofia e a raz\u00e3o me auxiliaram na f\u00e9 em Deus - Noorbe","description":"Como foi meu processo de ateu at\u00e9 ter certeza que Deus existe, atrav\u00e9s de l\u00f3gica e filosofia, sem precisar de ajuda da religi\u00e3o.","robots":{"index":"index","follow":"follow","max-snippet":"max-snippet:-1","max-image-preview":"max-image-preview:large","max-video-preview":"max-video-preview:-1"},"canonical":"https:\/\/noorbe.com.br\/index.php\/2024\/06\/13\/como-a-filosofia-e-a-razao-me-auxiliaram-na-fe-em-deus\/","og_locale":"pt_BR","og_type":"article","og_title":"Como a filosofia e a raz\u00e3o me auxiliaram na f\u00e9 em Deus - Noorbe","og_description":"Como foi meu processo de ateu at\u00e9 ter certeza que Deus existe, atrav\u00e9s de l\u00f3gica e filosofia, sem precisar de ajuda da religi\u00e3o.","og_url":"https:\/\/noorbe.com.br\/index.php\/2024\/06\/13\/como-a-filosofia-e-a-razao-me-auxiliaram-na-fe-em-deus\/","og_site_name":"Noorbe","article_published_time":"2024-06-13T16:19:27+00:00","article_modified_time":"2024-08-27T19:36:11+00:00","og_image":[{"width":2560,"height":1828,"url":"https:\/\/noorbe.com.br\/wp-content\/uploads\/2024\/06\/shutterstock_1008222754-scaled.jpg","type":"image\/jpeg"}],"author":"reda\u00e7\u00e3o","twitter_card":"summary_large_image","twitter_misc":{"Escrito por":"reda\u00e7\u00e3o","Est. tempo de leitura":"4 minutos"},"schema":{"@context":"https:\/\/schema.org","@graph":[{"@type":"Article","@id":"https:\/\/noorbe.com.br\/index.php\/2024\/06\/13\/como-a-filosofia-e-a-razao-me-auxiliaram-na-fe-em-deus\/#article","isPartOf":{"@id":"https:\/\/noorbe.com.br\/index.php\/2024\/06\/13\/como-a-filosofia-e-a-razao-me-auxiliaram-na-fe-em-deus\/"},"author":{"name":"reda\u00e7\u00e3o","@id":"https:\/\/noorbe.com.br\/#\/schema\/person\/91c15812f01705e694e85f3d97ca918b"},"headline":"Como a filosofia e a raz\u00e3o me auxiliaram na f\u00e9 em Deus","datePublished":"2024-06-13T16:19:27+00:00","dateModified":"2024-08-27T19:36:11+00:00","mainEntityOfPage":{"@id":"https:\/\/noorbe.com.br\/index.php\/2024\/06\/13\/como-a-filosofia-e-a-razao-me-auxiliaram-na-fe-em-deus\/"},"wordCount":549,"commentCount":0,"publisher":{"@id":"https:\/\/noorbe.com.br\/#organization"},"image":{"@id":"https:\/\/noorbe.com.br\/index.php\/2024\/06\/13\/como-a-filosofia-e-a-razao-me-auxiliaram-na-fe-em-deus\/#primaryimage"},"thumbnailUrl":"https:\/\/noorbe.com.br\/wp-content\/uploads\/2024\/06\/shutterstock_1008222754-scaled.jpg","keywords":["Deus","f\u00e9","l\u00f3gica e filosofia","raz\u00e3o","religi\u00e3o"],"articleSection":["Bruno Carvalho","Mais Lidas"],"inLanguage":"pt-BR","potentialAction":[{"@type":"CommentAction","name":"Comment","target":["https:\/\/noorbe.com.br\/index.php\/2024\/06\/13\/como-a-filosofia-e-a-razao-me-auxiliaram-na-fe-em-deus\/#respond"]}]},{"@type":"WebPage","@id":"https:\/\/noorbe.com.br\/index.php\/2024\/06\/13\/como-a-filosofia-e-a-razao-me-auxiliaram-na-fe-em-deus\/","url":"https:\/\/noorbe.com.br\/index.php\/2024\/06\/13\/como-a-filosofia-e-a-razao-me-auxiliaram-na-fe-em-deus\/","name":"Como a filosofia e a raz\u00e3o me auxiliaram na f\u00e9 em Deus - Noorbe","isPartOf":{"@id":"https:\/\/noorbe.com.br\/#website"},"primaryImageOfPage":{"@id":"https:\/\/noorbe.com.br\/index.php\/2024\/06\/13\/como-a-filosofia-e-a-razao-me-auxiliaram-na-fe-em-deus\/#primaryimage"},"image":{"@id":"https:\/\/noorbe.com.br\/index.php\/2024\/06\/13\/como-a-filosofia-e-a-razao-me-auxiliaram-na-fe-em-deus\/#primaryimage"},"thumbnailUrl":"https:\/\/noorbe.com.br\/wp-content\/uploads\/2024\/06\/shutterstock_1008222754-scaled.jpg","datePublished":"2024-06-13T16:19:27+00:00","dateModified":"2024-08-27T19:36:11+00:00","description":"Como foi meu processo de ateu at\u00e9 ter certeza que Deus existe, atrav\u00e9s de l\u00f3gica e filosofia, sem precisar de ajuda da religi\u00e3o.","breadcrumb":{"@id":"https:\/\/noorbe.com.br\/index.php\/2024\/06\/13\/como-a-filosofia-e-a-razao-me-auxiliaram-na-fe-em-deus\/#breadcrumb"},"inLanguage":"pt-BR","potentialAction":[{"@type":"ReadAction","target":["https:\/\/noorbe.com.br\/index.php\/2024\/06\/13\/como-a-filosofia-e-a-razao-me-auxiliaram-na-fe-em-deus\/"]}]},{"@type":"ImageObject","inLanguage":"pt-BR","@id":"https:\/\/noorbe.com.br\/index.php\/2024\/06\/13\/como-a-filosofia-e-a-razao-me-auxiliaram-na-fe-em-deus\/#primaryimage","url":"https:\/\/noorbe.com.br\/wp-content\/uploads\/2024\/06\/shutterstock_1008222754-scaled.jpg","contentUrl":"https:\/\/noorbe.com.br\/wp-content\/uploads\/2024\/06\/shutterstock_1008222754-scaled.jpg","width":2560,"height":1828,"caption":"filosofia f\u00e9 em Deus"},{"@type":"BreadcrumbList","@id":"https:\/\/noorbe.com.br\/index.php\/2024\/06\/13\/como-a-filosofia-e-a-razao-me-auxiliaram-na-fe-em-deus\/#breadcrumb","itemListElement":[{"@type":"ListItem","position":1,"name":"In\u00edcio","item":"https:\/\/noorbe.com.br\/"},{"@type":"ListItem","position":2,"name":"Como a filosofia e a raz\u00e3o me auxiliaram na f\u00e9 em Deus"}]},{"@type":"WebSite","@id":"https:\/\/noorbe.com.br\/#website","url":"https:\/\/noorbe.com.br\/","name":"Noorbe","description":"","publisher":{"@id":"https:\/\/noorbe.com.br\/#organization"},"potentialAction":[{"@type":"SearchAction","target":{"@type":"EntryPoint","urlTemplate":"https:\/\/noorbe.com.br\/?s={search_term_string}"},"query-input":{"@type":"PropertyValueSpecification","valueRequired":true,"valueName":"search_term_string"}}],"inLanguage":"pt-BR"},{"@type":"Organization","@id":"https:\/\/noorbe.com.br\/#organization","name":"Noorbe","url":"https:\/\/noorbe.com.br\/","logo":{"@type":"ImageObject","inLanguage":"pt-BR","@id":"https:\/\/noorbe.com.br\/#\/schema\/logo\/image\/","url":"https:\/\/noorbe.com.br\/wp-content\/uploads\/2024\/05\/noorbe.jpg","contentUrl":"https:\/\/noorbe.com.br\/wp-content\/uploads\/2024\/05\/noorbe.jpg","width":300,"height":53,"caption":"Noorbe"},"image":{"@id":"https:\/\/noorbe.com.br\/#\/schema\/logo\/image\/"}},{"@type":"Person","@id":"https:\/\/noorbe.com.br\/#\/schema\/person\/91c15812f01705e694e85f3d97ca918b","name":"reda\u00e7\u00e3o","image":{"@type":"ImageObject","inLanguage":"pt-BR","@id":"https:\/\/noorbe.com.br\/#\/schema\/person\/image\/","url":"https:\/\/secure.gravatar.com\/avatar\/8127b64fc9b7ae806aaaf0ceb8dc77bbe9560462241d5264f19dd5635e941324?s=96&d=mm&r=g","contentUrl":"https:\/\/secure.gravatar.com\/avatar\/8127b64fc9b7ae806aaaf0ceb8dc77bbe9560462241d5264f19dd5635e941324?s=96&d=mm&r=g","caption":"reda\u00e7\u00e3o"},"sameAs":["https:\/\/noorbe.com.br"],"url":"https:\/\/noorbe.com.br\/index.php\/author\/noorbeamz\/"}]}},"views":655,"_links":{"self":[{"href":"https:\/\/noorbe.com.br\/index.php\/wp-json\/wp\/v2\/posts\/1760","targetHints":{"allow":["GET"]}}],"collection":[{"href":"https:\/\/noorbe.com.br\/index.php\/wp-json\/wp\/v2\/posts"}],"about":[{"href":"https:\/\/noorbe.com.br\/index.php\/wp-json\/wp\/v2\/types\/post"}],"author":[{"embeddable":true,"href":"https:\/\/noorbe.com.br\/index.php\/wp-json\/wp\/v2\/users\/1"}],"replies":[{"embeddable":true,"href":"https:\/\/noorbe.com.br\/index.php\/wp-json\/wp\/v2\/comments?post=1760"}],"version-history":[{"count":11,"href":"https:\/\/noorbe.com.br\/index.php\/wp-json\/wp\/v2\/posts\/1760\/revisions"}],"predecessor-version":[{"id":2079,"href":"https:\/\/noorbe.com.br\/index.php\/wp-json\/wp\/v2\/posts\/1760\/revisions\/2079"}],"wp:featuredmedia":[{"embeddable":true,"href":"https:\/\/noorbe.com.br\/index.php\/wp-json\/wp\/v2\/media\/1761"}],"wp:attachment":[{"href":"https:\/\/noorbe.com.br\/index.php\/wp-json\/wp\/v2\/media?parent=1760"}],"wp:term":[{"taxonomy":"category","embeddable":true,"href":"https:\/\/noorbe.com.br\/index.php\/wp-json\/wp\/v2\/categories?post=1760"},{"taxonomy":"post_tag","embeddable":true,"href":"https:\/\/noorbe.com.br\/index.php\/wp-json\/wp\/v2\/tags?post=1760"}],"curies":[{"name":"wp","href":"https:\/\/api.w.org\/{rel}","templated":true}]}}