{"id":1840,"date":"2024-06-20T11:15:59","date_gmt":"2024-06-20T11:15:59","guid":{"rendered":"https:\/\/noorbe.com\/?p=1840"},"modified":"2025-11-06T16:32:15","modified_gmt":"2025-11-06T16:32:15","slug":"category-futebol-dudu-palmeiras","status":"publish","type":"post","link":"https:\/\/noorbe.com.br\/index.php\/2024\/06\/20\/category-futebol-dudu-palmeiras\/","title":{"rendered":"Dudu fica no Palmeiras! Relembre 5 grandes momentos com a camisa do Verd\u00e3o"},"content":{"rendered":"\t\t<div data-elementor-type=\"wp-post\" data-elementor-id=\"1840\" class=\"elementor elementor-1840\" data-elementor-post-type=\"post\">\n\t\t\t\t<div class=\"elementor-element elementor-element-df31646 e-flex e-con-boxed e-con e-parent\" data-id=\"df31646\" data-element_type=\"container\" data-e-type=\"container\">\n\t\t\t\t\t<div class=\"e-con-inner\">\n\t\t\t\t<div class=\"elementor-element elementor-element-be99970 elementor-widget elementor-widget-text-editor\" data-id=\"be99970\" data-element_type=\"widget\" data-e-type=\"widget\" data-widget_type=\"text-editor.default\">\n\t\t\t\t<div class=\"elementor-widget-container\">\n\t\t\t\t\t\t\t\t\t<p>Depois de uma negocia\u00e7\u00e3o tensa e tumultuada entre Palmeiras e Cruzeiro, Dudu confirmou o \u201cfico\u201d no Palmeiras, ap\u00f3s uma s\u00e9rie de reviravoltas. Uma novela que parecia n\u00e3o ter fim.<\/p><p>O camisa 7 tem contrato com o clube paulista at\u00e9 dezembro de 2025 e j\u00e1 tem 12 t\u00edtulos conquistados pelo Alviverde!<\/p><p>Relembramos momentos marcantes do \u201cbaixola\u201d com a camisa verde e branca. Confira tudo abaixo.<\/p><h2><strong>\u201cChap\u00e9u\u201d nos rivais Corinthians e S\u00e3o Paulo <\/strong><\/h2><p>Dudu come\u00e7ou a sua carreira no Cruzeiro e, depois de passagens por Dynamo de Kiev, Coritiba e Gr\u00eamio, se transferiu para o Palmeiras em 2015.<\/p><p>O atacante estava praticamente acordado com o Corinthians (luvas e sal\u00e1rios acertados) e estava em negocia\u00e7\u00f5es com o S\u00e3o Paulo, mas surpreendendo a todos, Dudu assinou com o Verd\u00e3o. O famoso \u201cchap\u00e9u\u201d.<\/p><p>O atacante era o nome ideal do projeto de recupera\u00e7\u00e3o: bom jogador, possibilidade de valoriza\u00e7\u00e3o e, claro, disputado pelos dois grandes rivais. Era o recome\u00e7o de um clube que sofria com derrotas e vexames marcantes nos anos 2000.<\/p><h2><strong>Primeiro t\u00edtulo com o Palmeiras e dois gols na final <\/strong><\/h2><p>O Santos foi a primeira v\u00edtima de Dudu. Na sua temporada de estreia, o camisa 7 entrou para a galeria de t\u00edtulos sendo campe\u00e3o da Copa do Brasil de 2015, em uma final eletrizante contra o rival paulista, no Allianz Parque.<\/p><p>Ap\u00f3s a derrota por 1 a 0 na primeira partida, Dudu foi autor dos dois gols do Palmeiras na final\u00edssima levando a decis\u00e3o para as penalidades e, posteriormente, o t\u00edtulo.<\/p><p>Confira os melhores momentos deste jogo no link abaixo:<\/p><p><span style=\"text-decoration: underline;\"><a target=\"_blank\" href=\"https:\/\/www.youtube.com\/watch?v=WOcJ4MVIk6w\" rel=\"noopener\">https:\/\/www.youtube.com\/watch?v=WOcJ4MVIk6w<\/a><\/span><\/p><h2><strong>Campe\u00e3o brasileiro sendo o capit\u00e3o do time <\/strong><\/h2><p>O ano era 2016. H\u00e1 22 anos o Palmeiras n\u00e3o conquistava o Campeonato Brasileiro. Dudu, Cuca e companhia trataram de encerrar o longo jejum. Depois de 38 rodadas, o \u201cbaixola\u201d (capit\u00e3o da equipe) levantou o nono t\u00edtulo nacional do Verd\u00e3o, que fez 80 pontos naquela competi\u00e7\u00e3o.<\/p><p>Dudu foi um dos principais pilares do Palmeiras na conquista do Campeonato Brasileiro. Vamos aos n\u00fameros. Das 38 rodadas, o meia atuou em 33 jogos. Foram seis gols marcados e dez assist\u00eancias, sendo o l\u00edder da competi\u00e7\u00e3o neste fundamento.<\/p>\t\t\t\t\t\t\t\t<\/div>\n\t\t\t\t<\/div>\n\t\t\t\t<div class=\"elementor-element elementor-element-8018949 elementor-widget elementor-widget-image\" data-id=\"8018949\" data-element_type=\"widget\" data-e-type=\"widget\" data-widget_type=\"image.default\">\n\t\t\t\t<div class=\"elementor-widget-container\">\n\t\t\t\t\t\t\t\t\t\t\t\t\t\t\t<img fetchpriority=\"high\" decoding=\"async\" width=\"567\" height=\"331\" src=\"https:\/\/noorbe.com.br\/wp-content\/uploads\/2024\/06\/dudu_3.jpg\" class=\"attachment-large size-large wp-image-1845\" alt=\"\" srcset=\"https:\/\/noorbe.com.br\/wp-content\/uploads\/2024\/06\/dudu_3.jpg 567w, https:\/\/noorbe.com.br\/wp-content\/uploads\/2024\/06\/dudu_3-300x175.jpg 300w\" sizes=\"(max-width: 567px) 100vw, 567px\" \/>\t\t\t\t\t\t\t\t\t\t\t\t\t\t\t<\/div>\n\t\t\t\t<\/div>\n\t\t\t\t<div class=\"elementor-element elementor-element-987cc76 elementor-widget elementor-widget-text-editor\" data-id=\"987cc76\" data-element_type=\"widget\" data-e-type=\"widget\" data-widget_type=\"text-editor.default\">\n\t\t\t\t<div class=\"elementor-widget-container\">\n\t\t\t\t\t\t\t\t\t<p><em>Cr\u00e9ditos: S.E.Palmeiras <\/em><\/p><h2><strong>Gol de cobertura em cima do S\u00e3o Paulo <\/strong><\/h2><p>Apesar de 2017 n\u00e3o ser uma temporada de t\u00edtulos para o Verd\u00e3o, a torcida guarda para si um jogo em especial: Palmeiras 3&#215;0 S\u00e3o Paulo, em jogo v\u00e1lido pelo Campeonato Paulista.<\/p><p>Na ocasi\u00e3o, o camisa 7 abriu o placar com um belo gol, quase do meio campo, que acabou encobrindo o goleiro Denis e levou a torcida ao del\u00edrio.<\/p><p>Por esse gol, o atacante foi presenteado pelo ent\u00e3o presidente do clube, Maur\u00edcio Galiotte, com uma placa comemorativa.<\/p><p><span style=\"text-decoration: underline;\"><a target=\"_blank\" href=\"https:\/\/www.youtube.com\/watch?v=E7LqIYtMVH0\" rel=\"noopener\">https:\/\/www.youtube.com\/watch?v=E7LqIYtMVH0<\/a><\/span><\/p><h2><strong>Decacampeonato brasileiro e eleito Craque do Brasileir\u00e3o <\/strong><\/h2><p>2018 foi um ano especial para o atacante no clube. Com Felip\u00e3o no comando, o Verd\u00e3o deu uma arrancada hist\u00f3rica e conquistou o seu d\u00e9cimo t\u00edtulo do Brasileir\u00e3o. Dudu foi o grande nome da campanha vitoriosa.<\/p><p>Naquele ano, o baixola recebeu um pr\u00eamio especial: foi eleito o craque da competi\u00e7\u00e3o, com sete gols marcados e 14 assist\u00eancias, a maior estat\u00edstica da d\u00e9cada. J\u00e1 estava cravado na hist\u00f3ria do clube.<\/p>\t\t\t\t\t\t\t\t<\/div>\n\t\t\t\t<\/div>\n\t\t\t\t<div class=\"elementor-element elementor-element-6214c5c elementor-widget elementor-widget-image\" data-id=\"6214c5c\" data-element_type=\"widget\" data-e-type=\"widget\" data-widget_type=\"image.default\">\n\t\t\t\t<div class=\"elementor-widget-container\">\n\t\t\t\t\t\t\t\t\t\t\t\t\t\t\t<img decoding=\"async\" width=\"800\" height=\"534\" src=\"https:\/\/noorbe.com.br\/wp-content\/uploads\/2024\/06\/Foto-2-Dudu-Brasileiro-1024x683.jpg\" class=\"attachment-large size-large wp-image-1846\" alt=\"\" srcset=\"https:\/\/noorbe.com.br\/wp-content\/uploads\/2024\/06\/Foto-2-Dudu-Brasileiro-1024x683.jpg 1024w, https:\/\/noorbe.com.br\/wp-content\/uploads\/2024\/06\/Foto-2-Dudu-Brasileiro-300x200.jpg 300w, https:\/\/noorbe.com.br\/wp-content\/uploads\/2024\/06\/Foto-2-Dudu-Brasileiro-768x512.jpg 768w, https:\/\/noorbe.com.br\/wp-content\/uploads\/2024\/06\/Foto-2-Dudu-Brasileiro.jpg 1200w\" sizes=\"(max-width: 800px) 100vw, 800px\" \/>\t\t\t\t\t\t\t\t\t\t\t\t\t\t\t<\/div>\n\t\t\t\t<\/div>\n\t\t\t\t<div class=\"elementor-element elementor-element-5488b1f elementor-widget elementor-widget-text-editor\" data-id=\"5488b1f\" data-element_type=\"widget\" data-e-type=\"widget\" data-widget_type=\"text-editor.default\">\n\t\t\t\t<div class=\"elementor-widget-container\">\n\t\t\t\t\t\t\t\t\t<p><em>Cr\u00e9dito: Lucas Figueiredo \/ CBF<\/em><\/p><h2><strong>\u00a0<\/strong><strong>O retorno em 2021 com o tri da Libertadores <\/strong><\/h2><p>Antes disso, precisamos voltar rapidamente em 2020. Acusado de viol\u00eancia dom\u00e9stica (inocentado tempos depois), Dudu pediu para ser negociado e foi emprestado para o Al Duhail, do Qatar.<\/p><p>365 dias se passaram e o craque voltou para o Alviverde. 2021 ficou marcado pelo tricampeonato da Libertadores e o atacante foi protagonista. Dudu fez grandes jogos na competi\u00e7\u00e3o, sendo decisivo nas quartas de final diante do S\u00e3o Paulo, mas o principal estava por vir.<\/p><p>Na semifinal, diante do Atl\u00e9tico-MG, o \u201cbaixola\u201d marcou o gol decisivo que classificou o Palmeiras para a final\u00edssima e, consequentemente, a conquista do seu grande sonho: a Libertadores da Am\u00e9rica. Era o \u00e1pice de Dudu no clube. A obsess\u00e3o estava, enfim, conquistada.<\/p><p><span style=\"text-decoration: underline;\"><a target=\"_blank\" href=\"https:\/\/www.youtube.com\/watch?v=nTkmuzkIUCg\" rel=\"noopener\">https:\/\/www.youtube.com\/watch?v=nTkmuzkIUCg<\/a><\/span><\/p><h2><strong>Reviravolta da final\u00edssima do Campeonato Paulista <\/strong><\/h2><p>Campe\u00e3o Paulista, da Recopa Sulamericana e, mais uma vez, do Brasileir\u00e3o. Dudu foi o \u00fanico jogador do elenco que participou das 38 rodadas do torneio nacional de pontos corridos. Mas a sua principal partida foi a decis\u00e3o do Paulist\u00e3o, diante do S\u00e3o Paulo, no Allianz Parque.<\/p><p>Depois de uma derrota de 3&#215;1 no Morumbis, o Palmeiras precisaria vencer por, pelo menos, 3 gols para levar o \u201ccaneco\u201d. Dudu teve uma atua\u00e7\u00e3o hist\u00f3rica, foi um dos protagonistas, e o Verd\u00e3o goleou o rival por 4&#215;0.<\/p><p><span style=\"text-decoration: underline;\"><a target=\"_blank\" href=\"https:\/\/www.youtube.com\/watch?v=3kXJG0o4ZOo\" rel=\"noopener\">https:\/\/www.youtube.com\/watch?v=3kXJG0o4ZOo<\/a><\/span><\/p><h2><strong>T\u00edtulos, conquistas e n\u00fameros <\/strong><\/h2><p>Depois de recusar o Cruzeiro e com contrato at\u00e9 o fim de 2025, Dudu coleciona \u00f3timos n\u00fameros com a camisa alviverde.<\/p><p>At\u00e9 aqui s\u00e3o 433 jogos e 88 gols pelo Palmeiras. S\u00e3o 12 t\u00edtulos conquistados e a hist\u00f3ria do craque no clube paulista continua!<\/p>\t\t\t\t\t\t\t\t<\/div>\n\t\t\t\t<\/div>\n\t\t\t\t\t<\/div>\n\t\t\t\t<\/div>\n\t\t\t\t<\/div>\n\t\t","protected":false},"excerpt":{"rendered":"<p>Dudu fica no Palmeiras! Relembre momentos com a camisa do Verd\u00e3o<\/p>\n","protected":false},"author":1,"featured_media":1841,"comment_status":"open","ping_status":"open","sticky":false,"template":"","format":"standard","meta":{"footnotes":""},"categories":[38,89],"tags":[84,82,85,83],"class_list":["post-1840","post","type-post","status-publish","format-standard","has-post-thumbnail","hentry","category-futebol","category-mais-lidas","tag-dudu","tag-futebol","tag-mercado-da-bola","tag-palmeiras"],"yoast_head":"<!-- This site is optimized with the Yoast SEO plugin v26.2 - https:\/\/yoast.com\/wordpress\/plugins\/seo\/ -->\n<title>Dudu fica no Palmeiras! Relembre 5 grandes momentos com a camisa do Verd\u00e3o - Noorbe<\/title>\n<meta name=\"description\" content=\"Dudu fica no Palmeiras! Relembre momentos com a camisa do Verd\u00e3o\" \/>\n<meta name=\"robots\" content=\"index, follow, max-snippet:-1, max-image-preview:large, max-video-preview:-1\" \/>\n<link rel=\"canonical\" href=\"https:\/\/noorbe.com.br\/index.php\/2024\/06\/20\/category-futebol-dudu-palmeiras\/\" \/>\n<meta property=\"og:locale\" content=\"pt_BR\" \/>\n<meta property=\"og:type\" content=\"article\" \/>\n<meta property=\"og:title\" content=\"Dudu fica no Palmeiras! Relembre 5 grandes momentos com a camisa do Verd\u00e3o - Noorbe\" \/>\n<meta property=\"og:description\" content=\"Dudu fica no Palmeiras! Relembre momentos com a camisa do Verd\u00e3o\" \/>\n<meta property=\"og:url\" content=\"https:\/\/noorbe.com.br\/index.php\/2024\/06\/20\/category-futebol-dudu-palmeiras\/\" \/>\n<meta property=\"og:site_name\" content=\"Noorbe\" \/>\n<meta property=\"article:published_time\" content=\"2024-06-20T11:15:59+00:00\" \/>\n<meta property=\"article:modified_time\" content=\"2025-11-06T16:32:15+00:00\" \/>\n<meta property=\"og:image\" content=\"https:\/\/noorbe.com.br\/wp-content\/uploads\/2024\/06\/Foto-Dudu-Brasileiro-2016.jpeg\" \/>\n\t<meta property=\"og:image:width\" content=\"910\" \/>\n\t<meta property=\"og:image:height\" content=\"571\" \/>\n\t<meta property=\"og:image:type\" content=\"image\/jpeg\" \/>\n<meta name=\"author\" content=\"reda\u00e7\u00e3o\" \/>\n<meta name=\"twitter:card\" content=\"summary_large_image\" \/>\n<meta name=\"twitter:label1\" content=\"Escrito por\" \/>\n\t<meta name=\"twitter:data1\" content=\"reda\u00e7\u00e3o\" \/>\n\t<meta name=\"twitter:label2\" content=\"Est. tempo de leitura\" \/>\n\t<meta name=\"twitter:data2\" content=\"5 minutos\" \/>\n<script type=\"application\/ld+json\" class=\"yoast-schema-graph\">{\"@context\":\"https:\/\/schema.org\",\"@graph\":[{\"@type\":\"Article\",\"@id\":\"https:\/\/noorbe.com.br\/index.php\/2024\/06\/20\/category-futebol-dudu-palmeiras\/#article\",\"isPartOf\":{\"@id\":\"https:\/\/noorbe.com.br\/index.php\/2024\/06\/20\/category-futebol-dudu-palmeiras\/\"},\"author\":{\"name\":\"reda\u00e7\u00e3o\",\"@id\":\"https:\/\/noorbe.com.br\/#\/schema\/person\/91c15812f01705e694e85f3d97ca918b\"},\"headline\":\"Dudu fica no Palmeiras! Relembre 5 grandes momentos com a camisa do Verd\u00e3o\",\"datePublished\":\"2024-06-20T11:15:59+00:00\",\"dateModified\":\"2025-11-06T16:32:15+00:00\",\"mainEntityOfPage\":{\"@id\":\"https:\/\/noorbe.com.br\/index.php\/2024\/06\/20\/category-futebol-dudu-palmeiras\/\"},\"wordCount\":881,\"commentCount\":0,\"publisher\":{\"@id\":\"https:\/\/noorbe.com.br\/#organization\"},\"image\":{\"@id\":\"https:\/\/noorbe.com.br\/index.php\/2024\/06\/20\/category-futebol-dudu-palmeiras\/#primaryimage\"},\"thumbnailUrl\":\"https:\/\/noorbe.com.br\/wp-content\/uploads\/2024\/06\/Foto-Dudu-Brasileiro-2016.jpeg\",\"keywords\":[\"Dudu\",\"futebol\",\"mercado da bola\",\"palmeiras\"],\"articleSection\":[\"Futebol\",\"Mais Lidas\"],\"inLanguage\":\"pt-BR\",\"potentialAction\":[{\"@type\":\"CommentAction\",\"name\":\"Comment\",\"target\":[\"https:\/\/noorbe.com.br\/index.php\/2024\/06\/20\/category-futebol-dudu-palmeiras\/#respond\"]}]},{\"@type\":\"WebPage\",\"@id\":\"https:\/\/noorbe.com.br\/index.php\/2024\/06\/20\/category-futebol-dudu-palmeiras\/\",\"url\":\"https:\/\/noorbe.com.br\/index.php\/2024\/06\/20\/category-futebol-dudu-palmeiras\/\",\"name\":\"Dudu fica no Palmeiras! Relembre 5 grandes momentos com a camisa do Verd\u00e3o - Noorbe\",\"isPartOf\":{\"@id\":\"https:\/\/noorbe.com.br\/#website\"},\"primaryImageOfPage\":{\"@id\":\"https:\/\/noorbe.com.br\/index.php\/2024\/06\/20\/category-futebol-dudu-palmeiras\/#primaryimage\"},\"image\":{\"@id\":\"https:\/\/noorbe.com.br\/index.php\/2024\/06\/20\/category-futebol-dudu-palmeiras\/#primaryimage\"},\"thumbnailUrl\":\"https:\/\/noorbe.com.br\/wp-content\/uploads\/2024\/06\/Foto-Dudu-Brasileiro-2016.jpeg\",\"datePublished\":\"2024-06-20T11:15:59+00:00\",\"dateModified\":\"2025-11-06T16:32:15+00:00\",\"description\":\"Dudu fica no Palmeiras! Relembre momentos com a camisa do Verd\u00e3o\",\"breadcrumb\":{\"@id\":\"https:\/\/noorbe.com.br\/index.php\/2024\/06\/20\/category-futebol-dudu-palmeiras\/#breadcrumb\"},\"inLanguage\":\"pt-BR\",\"potentialAction\":[{\"@type\":\"ReadAction\",\"target\":[\"https:\/\/noorbe.com.br\/index.php\/2024\/06\/20\/category-futebol-dudu-palmeiras\/\"]}]},{\"@type\":\"ImageObject\",\"inLanguage\":\"pt-BR\",\"@id\":\"https:\/\/noorbe.com.br\/index.php\/2024\/06\/20\/category-futebol-dudu-palmeiras\/#primaryimage\",\"url\":\"https:\/\/noorbe.com.br\/wp-content\/uploads\/2024\/06\/Foto-Dudu-Brasileiro-2016.jpeg\",\"contentUrl\":\"https:\/\/noorbe.com.br\/wp-content\/uploads\/2024\/06\/Foto-Dudu-Brasileiro-2016.jpeg\",\"width\":910,\"height\":571,\"caption\":\"dudu-palmeiras\"},{\"@type\":\"BreadcrumbList\",\"@id\":\"https:\/\/noorbe.com.br\/index.php\/2024\/06\/20\/category-futebol-dudu-palmeiras\/#breadcrumb\",\"itemListElement\":[{\"@type\":\"ListItem\",\"position\":1,\"name\":\"In\u00edcio\",\"item\":\"https:\/\/noorbe.com.br\/\"},{\"@type\":\"ListItem\",\"position\":2,\"name\":\"Dudu fica no Palmeiras! Relembre 5 grandes momentos com a camisa do Verd\u00e3o\"}]},{\"@type\":\"WebSite\",\"@id\":\"https:\/\/noorbe.com.br\/#website\",\"url\":\"https:\/\/noorbe.com.br\/\",\"name\":\"Noorbe\",\"description\":\"\",\"publisher\":{\"@id\":\"https:\/\/noorbe.com.br\/#organization\"},\"potentialAction\":[{\"@type\":\"SearchAction\",\"target\":{\"@type\":\"EntryPoint\",\"urlTemplate\":\"https:\/\/noorbe.com.br\/?s={search_term_string}\"},\"query-input\":{\"@type\":\"PropertyValueSpecification\",\"valueRequired\":true,\"valueName\":\"search_term_string\"}}],\"inLanguage\":\"pt-BR\"},{\"@type\":\"Organization\",\"@id\":\"https:\/\/noorbe.com.br\/#organization\",\"name\":\"Noorbe\",\"url\":\"https:\/\/noorbe.com.br\/\",\"logo\":{\"@type\":\"ImageObject\",\"inLanguage\":\"pt-BR\",\"@id\":\"https:\/\/noorbe.com.br\/#\/schema\/logo\/image\/\",\"url\":\"https:\/\/noorbe.com.br\/wp-content\/uploads\/2024\/05\/noorbe.jpg\",\"contentUrl\":\"https:\/\/noorbe.com.br\/wp-content\/uploads\/2024\/05\/noorbe.jpg\",\"width\":300,\"height\":53,\"caption\":\"Noorbe\"},\"image\":{\"@id\":\"https:\/\/noorbe.com.br\/#\/schema\/logo\/image\/\"}},{\"@type\":\"Person\",\"@id\":\"https:\/\/noorbe.com.br\/#\/schema\/person\/91c15812f01705e694e85f3d97ca918b\",\"name\":\"reda\u00e7\u00e3o\",\"image\":{\"@type\":\"ImageObject\",\"inLanguage\":\"pt-BR\",\"@id\":\"https:\/\/noorbe.com.br\/#\/schema\/person\/image\/\",\"url\":\"https:\/\/secure.gravatar.com\/avatar\/8127b64fc9b7ae806aaaf0ceb8dc77bbe9560462241d5264f19dd5635e941324?s=96&d=mm&r=g\",\"contentUrl\":\"https:\/\/secure.gravatar.com\/avatar\/8127b64fc9b7ae806aaaf0ceb8dc77bbe9560462241d5264f19dd5635e941324?s=96&d=mm&r=g\",\"caption\":\"reda\u00e7\u00e3o\"},\"sameAs\":[\"https:\/\/noorbe.com.br\"],\"url\":\"https:\/\/noorbe.com.br\/index.php\/author\/noorbeamz\/\"}]}<\/script>\n<!-- \/ Yoast SEO plugin. -->","yoast_head_json":{"title":"Dudu fica no Palmeiras! Relembre 5 grandes momentos com a camisa do Verd\u00e3o - Noorbe","description":"Dudu fica no Palmeiras! Relembre momentos com a camisa do Verd\u00e3o","robots":{"index":"index","follow":"follow","max-snippet":"max-snippet:-1","max-image-preview":"max-image-preview:large","max-video-preview":"max-video-preview:-1"},"canonical":"https:\/\/noorbe.com.br\/index.php\/2024\/06\/20\/category-futebol-dudu-palmeiras\/","og_locale":"pt_BR","og_type":"article","og_title":"Dudu fica no Palmeiras! Relembre 5 grandes momentos com a camisa do Verd\u00e3o - Noorbe","og_description":"Dudu fica no Palmeiras! Relembre momentos com a camisa do Verd\u00e3o","og_url":"https:\/\/noorbe.com.br\/index.php\/2024\/06\/20\/category-futebol-dudu-palmeiras\/","og_site_name":"Noorbe","article_published_time":"2024-06-20T11:15:59+00:00","article_modified_time":"2025-11-06T16:32:15+00:00","og_image":[{"width":910,"height":571,"url":"https:\/\/noorbe.com.br\/wp-content\/uploads\/2024\/06\/Foto-Dudu-Brasileiro-2016.jpeg","type":"image\/jpeg"}],"author":"reda\u00e7\u00e3o","twitter_card":"summary_large_image","twitter_misc":{"Escrito por":"reda\u00e7\u00e3o","Est. tempo de leitura":"5 minutos"},"schema":{"@context":"https:\/\/schema.org","@graph":[{"@type":"Article","@id":"https:\/\/noorbe.com.br\/index.php\/2024\/06\/20\/category-futebol-dudu-palmeiras\/#article","isPartOf":{"@id":"https:\/\/noorbe.com.br\/index.php\/2024\/06\/20\/category-futebol-dudu-palmeiras\/"},"author":{"name":"reda\u00e7\u00e3o","@id":"https:\/\/noorbe.com.br\/#\/schema\/person\/91c15812f01705e694e85f3d97ca918b"},"headline":"Dudu fica no Palmeiras! Relembre 5 grandes momentos com a camisa do Verd\u00e3o","datePublished":"2024-06-20T11:15:59+00:00","dateModified":"2025-11-06T16:32:15+00:00","mainEntityOfPage":{"@id":"https:\/\/noorbe.com.br\/index.php\/2024\/06\/20\/category-futebol-dudu-palmeiras\/"},"wordCount":881,"commentCount":0,"publisher":{"@id":"https:\/\/noorbe.com.br\/#organization"},"image":{"@id":"https:\/\/noorbe.com.br\/index.php\/2024\/06\/20\/category-futebol-dudu-palmeiras\/#primaryimage"},"thumbnailUrl":"https:\/\/noorbe.com.br\/wp-content\/uploads\/2024\/06\/Foto-Dudu-Brasileiro-2016.jpeg","keywords":["Dudu","futebol","mercado da bola","palmeiras"],"articleSection":["Futebol","Mais Lidas"],"inLanguage":"pt-BR","potentialAction":[{"@type":"CommentAction","name":"Comment","target":["https:\/\/noorbe.com.br\/index.php\/2024\/06\/20\/category-futebol-dudu-palmeiras\/#respond"]}]},{"@type":"WebPage","@id":"https:\/\/noorbe.com.br\/index.php\/2024\/06\/20\/category-futebol-dudu-palmeiras\/","url":"https:\/\/noorbe.com.br\/index.php\/2024\/06\/20\/category-futebol-dudu-palmeiras\/","name":"Dudu fica no Palmeiras! Relembre 5 grandes momentos com a camisa do Verd\u00e3o - Noorbe","isPartOf":{"@id":"https:\/\/noorbe.com.br\/#website"},"primaryImageOfPage":{"@id":"https:\/\/noorbe.com.br\/index.php\/2024\/06\/20\/category-futebol-dudu-palmeiras\/#primaryimage"},"image":{"@id":"https:\/\/noorbe.com.br\/index.php\/2024\/06\/20\/category-futebol-dudu-palmeiras\/#primaryimage"},"thumbnailUrl":"https:\/\/noorbe.com.br\/wp-content\/uploads\/2024\/06\/Foto-Dudu-Brasileiro-2016.jpeg","datePublished":"2024-06-20T11:15:59+00:00","dateModified":"2025-11-06T16:32:15+00:00","description":"Dudu fica no Palmeiras! Relembre momentos com a camisa do Verd\u00e3o","breadcrumb":{"@id":"https:\/\/noorbe.com.br\/index.php\/2024\/06\/20\/category-futebol-dudu-palmeiras\/#breadcrumb"},"inLanguage":"pt-BR","potentialAction":[{"@type":"ReadAction","target":["https:\/\/noorbe.com.br\/index.php\/2024\/06\/20\/category-futebol-dudu-palmeiras\/"]}]},{"@type":"ImageObject","inLanguage":"pt-BR","@id":"https:\/\/noorbe.com.br\/index.php\/2024\/06\/20\/category-futebol-dudu-palmeiras\/#primaryimage","url":"https:\/\/noorbe.com.br\/wp-content\/uploads\/2024\/06\/Foto-Dudu-Brasileiro-2016.jpeg","contentUrl":"https:\/\/noorbe.com.br\/wp-content\/uploads\/2024\/06\/Foto-Dudu-Brasileiro-2016.jpeg","width":910,"height":571,"caption":"dudu-palmeiras"},{"@type":"BreadcrumbList","@id":"https:\/\/noorbe.com.br\/index.php\/2024\/06\/20\/category-futebol-dudu-palmeiras\/#breadcrumb","itemListElement":[{"@type":"ListItem","position":1,"name":"In\u00edcio","item":"https:\/\/noorbe.com.br\/"},{"@type":"ListItem","position":2,"name":"Dudu fica no Palmeiras! Relembre 5 grandes momentos com a camisa do Verd\u00e3o"}]},{"@type":"WebSite","@id":"https:\/\/noorbe.com.br\/#website","url":"https:\/\/noorbe.com.br\/","name":"Noorbe","description":"","publisher":{"@id":"https:\/\/noorbe.com.br\/#organization"},"potentialAction":[{"@type":"SearchAction","target":{"@type":"EntryPoint","urlTemplate":"https:\/\/noorbe.com.br\/?s={search_term_string}"},"query-input":{"@type":"PropertyValueSpecification","valueRequired":true,"valueName":"search_term_string"}}],"inLanguage":"pt-BR"},{"@type":"Organization","@id":"https:\/\/noorbe.com.br\/#organization","name":"Noorbe","url":"https:\/\/noorbe.com.br\/","logo":{"@type":"ImageObject","inLanguage":"pt-BR","@id":"https:\/\/noorbe.com.br\/#\/schema\/logo\/image\/","url":"https:\/\/noorbe.com.br\/wp-content\/uploads\/2024\/05\/noorbe.jpg","contentUrl":"https:\/\/noorbe.com.br\/wp-content\/uploads\/2024\/05\/noorbe.jpg","width":300,"height":53,"caption":"Noorbe"},"image":{"@id":"https:\/\/noorbe.com.br\/#\/schema\/logo\/image\/"}},{"@type":"Person","@id":"https:\/\/noorbe.com.br\/#\/schema\/person\/91c15812f01705e694e85f3d97ca918b","name":"reda\u00e7\u00e3o","image":{"@type":"ImageObject","inLanguage":"pt-BR","@id":"https:\/\/noorbe.com.br\/#\/schema\/person\/image\/","url":"https:\/\/secure.gravatar.com\/avatar\/8127b64fc9b7ae806aaaf0ceb8dc77bbe9560462241d5264f19dd5635e941324?s=96&d=mm&r=g","contentUrl":"https:\/\/secure.gravatar.com\/avatar\/8127b64fc9b7ae806aaaf0ceb8dc77bbe9560462241d5264f19dd5635e941324?s=96&d=mm&r=g","caption":"reda\u00e7\u00e3o"},"sameAs":["https:\/\/noorbe.com.br"],"url":"https:\/\/noorbe.com.br\/index.php\/author\/noorbeamz\/"}]}},"views":421,"_links":{"self":[{"href":"https:\/\/noorbe.com.br\/index.php\/wp-json\/wp\/v2\/posts\/1840","targetHints":{"allow":["GET"]}}],"collection":[{"href":"https:\/\/noorbe.com.br\/index.php\/wp-json\/wp\/v2\/posts"}],"about":[{"href":"https:\/\/noorbe.com.br\/index.php\/wp-json\/wp\/v2\/types\/post"}],"author":[{"embeddable":true,"href":"https:\/\/noorbe.com.br\/index.php\/wp-json\/wp\/v2\/users\/1"}],"replies":[{"embeddable":true,"href":"https:\/\/noorbe.com.br\/index.php\/wp-json\/wp\/v2\/comments?post=1840"}],"version-history":[{"count":63,"href":"https:\/\/noorbe.com.br\/index.php\/wp-json\/wp\/v2\/posts\/1840\/revisions"}],"predecessor-version":[{"id":4530,"href":"https:\/\/noorbe.com.br\/index.php\/wp-json\/wp\/v2\/posts\/1840\/revisions\/4530"}],"wp:featuredmedia":[{"embeddable":true,"href":"https:\/\/noorbe.com.br\/index.php\/wp-json\/wp\/v2\/media\/1841"}],"wp:attachment":[{"href":"https:\/\/noorbe.com.br\/index.php\/wp-json\/wp\/v2\/media?parent=1840"}],"wp:term":[{"taxonomy":"category","embeddable":true,"href":"https:\/\/noorbe.com.br\/index.php\/wp-json\/wp\/v2\/categories?post=1840"},{"taxonomy":"post_tag","embeddable":true,"href":"https:\/\/noorbe.com.br\/index.php\/wp-json\/wp\/v2\/tags?post=1840"}],"curies":[{"name":"wp","href":"https:\/\/api.w.org\/{rel}","templated":true}]}}