{"id":1972,"date":"2024-06-20T19:09:02","date_gmt":"2024-06-20T19:09:02","guid":{"rendered":"https:\/\/noorbe.com\/?p=1972"},"modified":"2025-11-06T18:03:49","modified_gmt":"2025-11-06T18:03:49","slug":"o-que-colocar-no-curriculo","status":"publish","type":"post","link":"https:\/\/noorbe.com.br\/index.php\/2024\/06\/20\/o-que-colocar-no-curriculo\/","title":{"rendered":"O que colocar no curr\u00edculo para obter sucesso?"},"content":{"rendered":"\t\t<div data-elementor-type=\"wp-post\" data-elementor-id=\"1972\" class=\"elementor elementor-1972\" data-elementor-post-type=\"post\">\n\t\t\t\t<div class=\"elementor-element elementor-element-0d0f502 e-flex e-con-boxed e-con e-parent\" data-id=\"0d0f502\" data-element_type=\"container\" data-e-type=\"container\">\n\t\t\t\t\t<div class=\"e-con-inner\">\n\t\t\t\t<div class=\"elementor-element elementor-element-8d7196c elementor-widget elementor-widget-text-editor\" data-id=\"8d7196c\" data-element_type=\"widget\" data-e-type=\"widget\" data-widget_type=\"text-editor.default\">\n\t\t\t\t<div class=\"elementor-widget-container\">\n\t\t\t\t\t\t\t\t\t<h2>O que colocar no cabe\u00e7alho do curr\u00edculo?<\/h2>\t\t\t\t\t\t\t\t<\/div>\n\t\t\t\t<\/div>\n\t\t\t\t<div class=\"elementor-element elementor-element-3d6cd4e elementor-widget elementor-widget-image\" data-id=\"3d6cd4e\" data-element_type=\"widget\" data-e-type=\"widget\" data-widget_type=\"image.default\">\n\t\t\t\t<div class=\"elementor-widget-container\">\n\t\t\t\t\t\t\t\t\t\t\t\t\t\t\t<img fetchpriority=\"high\" decoding=\"async\" width=\"800\" height=\"480\" src=\"https:\/\/noorbe.com.br\/wp-content\/uploads\/2024\/06\/shutterstock_2459090657-1024x614.jpg\" class=\"attachment-large size-large wp-image-1914\" alt=\"Recrutador selecionando curr\u00edculo ideal digital\" srcset=\"https:\/\/noorbe.com.br\/wp-content\/uploads\/2024\/06\/shutterstock_2459090657-1024x614.jpg 1024w, https:\/\/noorbe.com.br\/wp-content\/uploads\/2024\/06\/shutterstock_2459090657-300x180.jpg 300w, https:\/\/noorbe.com.br\/wp-content\/uploads\/2024\/06\/shutterstock_2459090657-768x461.jpg 768w, https:\/\/noorbe.com.br\/wp-content\/uploads\/2024\/06\/shutterstock_2459090657.jpg 1400w\" sizes=\"(max-width: 800px) 100vw, 800px\" \/>\t\t\t\t\t\t\t\t\t\t\t\t\t\t\t<\/div>\n\t\t\t\t<\/div>\n\t\t\t\t<div class=\"elementor-element elementor-element-3b565e1 elementor-widget elementor-widget-text-editor\" data-id=\"3b565e1\" data-element_type=\"widget\" data-e-type=\"widget\" data-widget_type=\"text-editor.default\">\n\t\t\t\t<div class=\"elementor-widget-container\">\n\t\t\t\t\t\t\t\t\t<h2><strong>Preenchimento estrat\u00e9gico do Curr\u00edculo como diferencial competitivo para sua candidatura a uma vaga<\/strong><\/h2><div><strong>\u00a0<\/strong><\/div><div><h2>O que colocar no cabe\u00e7alho do curr\u00edculo?<\/h2><\/div><p>Quando se trabalha com an\u00e1lise de curr\u00edculos, muito se v\u00ea por a\u00ed em termos de conte\u00fado e tamb\u00e9m de estrutura. As pessoas est\u00e3o cada vez mais criativas e tentando se diferenciar atrav\u00e9s do papel. Leg\u00edtimo, mas, nem sempre, necess\u00e1rio.<\/p><p>Venho com dicas pr\u00e1ticas de como montar um bom cabe\u00e7alho para o seu curr\u00edculo: eficaz, objetivo e sem firulas.<\/p><p>Vamos l\u00e1?<\/p><p>O cabe\u00e7alho \u00e9 a primeira parte do seu CV que o recrutador vai ver, por isso, d\u00ea destaque para o que precisa ser destacado e lembre-se: menos \u00e9 mais.<\/p><p>Voc\u00ea come\u00e7a com seu nome, em uma fonte maior e com maior destaque (pode colocar negrito, se quiser), podendo ser o nome completo, ou seu primeiro nome com o sobrenome com o qual voc\u00ea mais se identifica.<\/p><p>Depois do nome, minha sugest\u00e3o \u00e9 que voc\u00ea coloque sua idade, ou a sua data de nascimento. Esse tema \u00e9 pol\u00eamico, eu sei, muita gente opta por n\u00e3o colocar essa informa\u00e7\u00e3o no curr\u00edculo com receio de acabar n\u00e3o sendo chamado para uma entrevista por ser &#8220;novo demais&#8221; ou &#8220;velho demais&#8221;.<\/p><p>Mas, no meu ponto de vista, o racioc\u00ednio deveria ser o seguinte: hoje em dia o tempo da gente \u00e9 escasso, est\u00e1 todo mundo correndo o tempo todo. Voc\u00ea quer perder seu tempo participando de uma entrevista para um processo seletivo que n\u00e3o quer voc\u00ea por conta da sua idade? N\u00e3o, n\u00e9? Ent\u00e3o coloca a sua idade, assim, se voc\u00ea n\u00e3o estiver aderente por conta da sua idade, voc\u00ea nem perde seu precioso tempo falando com essa empresa, certo?<\/p><p>Pr\u00f3xima informa\u00e7\u00e3o que n\u00e3o pode faltar: localidade. Mas n\u00e3o precisa colocar endere\u00e7o completo n\u00e3o, isso \u00e9, inclusive, perigoso nos dias atuais (nunca sabemos nas m\u00e3os de quem nosso curr\u00edculo vai parar&#8230;) ent\u00e3o, somente o bairro, cidade e estado (em sigla) s\u00e3o suficientes.<\/p><p>Com o trabalho remoto, existem infinitas possibilidades e voc\u00ea pode sim acabar participando de um processo seletivo e sendo contratado por uma empresa que tem sede em outra cidade, mas, nem por isso, voc\u00ea deve omitir essa informa\u00e7\u00e3o do seu CV. Mesma l\u00f3gica da idade: n\u00e3o vamos perder tempo com entrevistas para cidades para as quais n\u00e3o temos possibilidade e\/ou interesse de nos mudar, certo? Ent\u00e3o coloquemos nossa localidade e, se existir necessidade de um trabalho presencial, eles v\u00e3o te perguntar logo de cara se existe disponibilidade de voc\u00ea se mudar. Simples.<\/p><p>Pr\u00f3ximo t\u00f3pico: telefone que tenha acesso a WhatsApp, de prefer\u00eancia. Foi-se o tempo em que precisava-se colocar telefone para recado, telefone residencial, telefone celular etc. Agora, somente o seu celular pessoal com WhatsApp j\u00e1 est\u00e1 suficiente. \u00canfase para o celular PESSOAL, hein? Nada de colocar o n\u00famero do celular que a atual empregadora disponibilizou para voc\u00ea trabalhar! Pega super mal!<\/p><p>Por \u00faltimo, e igualmente importante, a URL do seu LinkedIn, de prefer\u00eancia personalizada. N\u00e3o sabe personalizar? Fala comigo que eu te ensino, \u00e9 f\u00e1cil, r\u00e1pido e mostra um m\u00ednimo de dedica\u00e7\u00e3o necess\u00e1ria para quem busca uma recoloca\u00e7\u00e3o no mercado.<\/p><p>\u00a0<\/p><h2>Campos &#8220;Resumo&#8221; e &#8220;Informa\u00e7\u00f5es Adicionais&#8221; no Curr\u00edculo<\/h2><div><p>\u00a0<\/p><p>Antes que voc\u00ea entre em p\u00e2nico por possivelmente n\u00e3o\u00a0ter esses campos no seu curr\u00edculo, j\u00e1 quero te tranquilizar logo de cara e te dizer que esses n\u00e3o\u00a0s\u00e3o campos &#8220;obrigat\u00f3rios&#8221;. Voc\u00ea n\u00e3o precisa necessariamente ter esses campos no seu curr\u00edculo, para que ele seja um curr\u00edculo &#8220;forte&#8221;. Mas, caso opte por ter esses campos, saiba exatamente o que colocar em cada um deles.<\/p><p>O campo do &#8220;Resumo&#8221;, como o pr\u00f3prio nome diz, resume as suas principais responsabilidades e realiza\u00e7\u00f5es\/conquistas ao longo da sua trajet\u00f3ria profissional. Eu costumo recomendar a inclus\u00e3o desse campo somente para profissionais com uma vasta experi\u00eancia profissional, com passagens em diversas empresas ou com muitas realiza\u00e7\u00f5es. Isso porque esse campo facilita, para o recrutador, a identifica\u00e7\u00e3o das principais informa\u00e7\u00f5es daquele curr\u00edculo, sem precisar ler o documento inteiro e, a partir da leitura do &#8220;Resumo&#8221;, o recrutador decide se vale a pena, ou n\u00e3o, dar sequ\u00eancia e ler o restante das informa\u00e7\u00f5es.<\/p><p>O campo &#8220;Resumo&#8221; deve ser curto, conter somente o essencial e o que vai contar como vantagem competitiva para voc\u00ea enquanto profissional. Particularmente, tenho uma prefer\u00eancia pessoal por Resumos em formato de texto (vs. em t\u00f3picos), mas vai do gosto do fregu\u00eas, ent\u00e3o, fa\u00e7a como voc\u00ea se sentir melhor.<\/p><p>Gosto de in\u00edcios como &#8220;Profissional com X anos de experi\u00eancia na \u00e1rea Y&#8221; e por a\u00ed segue. Gosto tamb\u00e9m de frases como &#8220;Respons\u00e1vel por&#8221;, &#8220;Gerenciei&#8221;, &#8220;Aumentei&#8221;, &#8220;Diminu\u00ed&#8221; e por a\u00ed vai, pois voc\u00ea est\u00e1 falando sobre voc\u00ea, n\u00e3o sobre seu time, ent\u00e3o, n\u00e3o tenha mod\u00e9stia nessa hora e traga sim o m\u00e9rito que voc\u00ea merece.<\/p><p>Sobre o segundo campo, o de &#8220;Informa\u00e7\u00f5es Adicionais&#8221;, esse \u00e9 ainda mais opcional e eu oriento sua utiliza\u00e7\u00e3o somente para cargos ou vagas extremamente espec\u00edficos que solicitem algo pouco gen\u00e9rico, como, por exemplo, o n\u00famero da CNH para vagas de Motorista, o n\u00famero do CRC para vagas de Contador e etc.<\/p><p>Nesse campo, caso opte por us\u00e1-lo, voc\u00ea pode tamb\u00e9m incluir informa\u00e7\u00f5es interessantes sobre voc\u00ea que voc\u00ea simplesmente n\u00e3o sabe onde colocar no curr\u00edculo, como, por exemplo, algum interc\u00e2mbio que tenha feito no per\u00edodo escolar, algum trabalho volunt\u00e1rio que participe, per\u00edodo sab\u00e1tico e etc. Aquela informa\u00e7\u00e3o que voc\u00ea considera relevante e quer que o recrutador saiba, mas n\u00e3o sabe onde caberia coloc\u00e1-la, pode vir nesse campo.<\/p><p>Mas n\u00e3o, nunca, never deve utilizar esse campo para incluir n\u00famero de documentos pessoais (exceto nos casos citados acima), estado civil, n\u00famero de filhos ou qualquer outra informa\u00e7\u00e3o que n\u00e3o tenha relev\u00e2ncia para o recrutador.<\/p><p>\u00a0<\/p><\/div><div>\u00a0<\/div><p>Para as outras partes do CV, trarei novas dicas em breve!<\/p><p><em>\u00a0<\/em><em>Meu nome \u00e9 Aline Gobbi, sou Psic\u00f3loga com especializa\u00e7\u00e3o em PNL e Administra\u00e7\u00e3o de Empresas e MBA em Recursos Humanos. H\u00e1 mais de 15 anos atuo na lideran\u00e7a estrat\u00e9gica da \u00e1rea de RH de grandes empresas nacionais e multinacionais e, mais recentemente, como Consultora de Carreira e Recoloca\u00e7\u00e3o, para pessoas que gostariam de experimentar novos ares no mercado de trabalho. Trago nessa coluna, insights importantes sobre Curr\u00edculo, LinkedIn, Lideran\u00e7a, Carreira e Mercado de Trabalho, para quem tem interesse em se desenvolver ou em se reposicionar no mercado de trabalho, assim como curiosidades para quem quer estar por dentro das tend\u00eancias em RH.<\/em><\/p><p><em>Siga tamb\u00e9m meu LinkedIn <\/em><span style=\"text-decoration: underline;\"><a target=\"_blank\" href=\"https:\/\/www.linkedin.com\/in\/alinegobbi\/\" rel=\"noopener\">https:\/\/www.linkedin.com\/in\/alinegobbi\/<\/a><\/span><em> e meu instagram @fala.comorh para mais conte\u00fados sobre Carreira &amp; RH.<\/em><\/p><p>\u00a0<\/p><p>.<\/p>\t\t\t\t\t\t\t\t<\/div>\n\t\t\t\t<\/div>\n\t\t\t\t\t<\/div>\n\t\t\t\t<\/div>\n\t\t\t\t<\/div>\n\t\t","protected":false},"excerpt":{"rendered":"<p>O que colocar no cabe\u00e7alho do curr\u00edculo? Venho com dicas pr\u00e1ticas de como montar um bom cabe\u00e7alho: eficaz, objetivo e sem firulas.<\/p>\n","protected":false},"author":1,"featured_media":1914,"comment_status":"open","ping_status":"open","sticky":false,"template":"","format":"standard","meta":{"footnotes":""},"categories":[53,39,43,52,89],"tags":[77],"class_list":["post-1972","post","type-post","status-publish","format-standard","has-post-thumbnail","hentry","category-aline-gobbi","category-business","category-carreiras","category-colunistas","category-mais-lidas","tag-curriculo-cv-processo-seletivo-candidatos-entrevista-dicas"],"yoast_head":"<!-- This site is optimized with the Yoast SEO plugin v26.2 - https:\/\/yoast.com\/wordpress\/plugins\/seo\/ -->\n<title>O que colocar no curr\u00edculo para obter sucesso? - Noorbe<\/title>\n<meta name=\"description\" content=\"O que colocar no cabe\u00e7alho do curr\u00edculo? Venho com dicas pr\u00e1ticas de como montar um bom cabe\u00e7alho: eficaz, objetivo e sem firulas.\" \/>\n<meta name=\"robots\" content=\"index, follow, max-snippet:-1, max-image-preview:large, max-video-preview:-1\" \/>\n<link rel=\"canonical\" href=\"https:\/\/noorbe.com.br\/index.php\/2024\/06\/20\/o-que-colocar-no-curriculo\/\" \/>\n<meta property=\"og:locale\" content=\"pt_BR\" \/>\n<meta property=\"og:type\" content=\"article\" \/>\n<meta property=\"og:title\" content=\"O que colocar no curr\u00edculo para obter sucesso? - Noorbe\" \/>\n<meta property=\"og:description\" content=\"O que colocar no cabe\u00e7alho do curr\u00edculo? Venho com dicas pr\u00e1ticas de como montar um bom cabe\u00e7alho: eficaz, objetivo e sem firulas.\" \/>\n<meta property=\"og:url\" content=\"https:\/\/noorbe.com.br\/index.php\/2024\/06\/20\/o-que-colocar-no-curriculo\/\" \/>\n<meta property=\"og:site_name\" content=\"Noorbe\" \/>\n<meta property=\"article:published_time\" content=\"2024-06-20T19:09:02+00:00\" \/>\n<meta property=\"article:modified_time\" content=\"2025-11-06T18:03:49+00:00\" \/>\n<meta property=\"og:image\" content=\"https:\/\/noorbe.com.br\/wp-content\/uploads\/2024\/06\/shutterstock_2459090657.jpg\" \/>\n\t<meta property=\"og:image:width\" content=\"1400\" \/>\n\t<meta property=\"og:image:height\" content=\"840\" \/>\n\t<meta property=\"og:image:type\" content=\"image\/jpeg\" \/>\n<meta name=\"author\" content=\"reda\u00e7\u00e3o\" \/>\n<meta name=\"twitter:card\" content=\"summary_large_image\" \/>\n<meta name=\"twitter:label1\" content=\"Escrito por\" \/>\n\t<meta name=\"twitter:data1\" content=\"reda\u00e7\u00e3o\" \/>\n\t<meta name=\"twitter:label2\" content=\"Est. tempo de leitura\" \/>\n\t<meta name=\"twitter:data2\" content=\"7 minutos\" \/>\n<script type=\"application\/ld+json\" class=\"yoast-schema-graph\">{\"@context\":\"https:\/\/schema.org\",\"@graph\":[{\"@type\":\"Article\",\"@id\":\"https:\/\/noorbe.com.br\/index.php\/2024\/06\/20\/o-que-colocar-no-curriculo\/#article\",\"isPartOf\":{\"@id\":\"https:\/\/noorbe.com.br\/index.php\/2024\/06\/20\/o-que-colocar-no-curriculo\/\"},\"author\":{\"name\":\"reda\u00e7\u00e3o\",\"@id\":\"https:\/\/noorbe.com.br\/#\/schema\/person\/91c15812f01705e694e85f3d97ca918b\"},\"headline\":\"O que colocar no curr\u00edculo para obter sucesso?\",\"datePublished\":\"2024-06-20T19:09:02+00:00\",\"dateModified\":\"2025-11-06T18:03:49+00:00\",\"mainEntityOfPage\":{\"@id\":\"https:\/\/noorbe.com.br\/index.php\/2024\/06\/20\/o-que-colocar-no-curriculo\/\"},\"wordCount\":1199,\"commentCount\":0,\"publisher\":{\"@id\":\"https:\/\/noorbe.com.br\/#organization\"},\"image\":{\"@id\":\"https:\/\/noorbe.com.br\/index.php\/2024\/06\/20\/o-que-colocar-no-curriculo\/#primaryimage\"},\"thumbnailUrl\":\"https:\/\/noorbe.com.br\/wp-content\/uploads\/2024\/06\/shutterstock_2459090657.jpg\",\"keywords\":[\"Curr\u00edculo; CV; Processo Seletivo; Candidatos; Entrevista; Dicas\"],\"articleSection\":[\"Aline Gobbi\",\"Business\",\"Carreiras\",\"Colunistas\",\"Mais Lidas\"],\"inLanguage\":\"pt-BR\",\"potentialAction\":[{\"@type\":\"CommentAction\",\"name\":\"Comment\",\"target\":[\"https:\/\/noorbe.com.br\/index.php\/2024\/06\/20\/o-que-colocar-no-curriculo\/#respond\"]}]},{\"@type\":\"WebPage\",\"@id\":\"https:\/\/noorbe.com.br\/index.php\/2024\/06\/20\/o-que-colocar-no-curriculo\/\",\"url\":\"https:\/\/noorbe.com.br\/index.php\/2024\/06\/20\/o-que-colocar-no-curriculo\/\",\"name\":\"O que colocar no curr\u00edculo para obter sucesso? - Noorbe\",\"isPartOf\":{\"@id\":\"https:\/\/noorbe.com.br\/#website\"},\"primaryImageOfPage\":{\"@id\":\"https:\/\/noorbe.com.br\/index.php\/2024\/06\/20\/o-que-colocar-no-curriculo\/#primaryimage\"},\"image\":{\"@id\":\"https:\/\/noorbe.com.br\/index.php\/2024\/06\/20\/o-que-colocar-no-curriculo\/#primaryimage\"},\"thumbnailUrl\":\"https:\/\/noorbe.com.br\/wp-content\/uploads\/2024\/06\/shutterstock_2459090657.jpg\",\"datePublished\":\"2024-06-20T19:09:02+00:00\",\"dateModified\":\"2025-11-06T18:03:49+00:00\",\"description\":\"O que colocar no cabe\u00e7alho do curr\u00edculo? Venho com dicas pr\u00e1ticas de como montar um bom cabe\u00e7alho: eficaz, objetivo e sem firulas.\",\"breadcrumb\":{\"@id\":\"https:\/\/noorbe.com.br\/index.php\/2024\/06\/20\/o-que-colocar-no-curriculo\/#breadcrumb\"},\"inLanguage\":\"pt-BR\",\"potentialAction\":[{\"@type\":\"ReadAction\",\"target\":[\"https:\/\/noorbe.com.br\/index.php\/2024\/06\/20\/o-que-colocar-no-curriculo\/\"]}]},{\"@type\":\"ImageObject\",\"inLanguage\":\"pt-BR\",\"@id\":\"https:\/\/noorbe.com.br\/index.php\/2024\/06\/20\/o-que-colocar-no-curriculo\/#primaryimage\",\"url\":\"https:\/\/noorbe.com.br\/wp-content\/uploads\/2024\/06\/shutterstock_2459090657.jpg\",\"contentUrl\":\"https:\/\/noorbe.com.br\/wp-content\/uploads\/2024\/06\/shutterstock_2459090657.jpg\",\"width\":1400,\"height\":840,\"caption\":\"Recrutador selecionando curr\u00edculo ideal digital\"},{\"@type\":\"BreadcrumbList\",\"@id\":\"https:\/\/noorbe.com.br\/index.php\/2024\/06\/20\/o-que-colocar-no-curriculo\/#breadcrumb\",\"itemListElement\":[{\"@type\":\"ListItem\",\"position\":1,\"name\":\"In\u00edcio\",\"item\":\"https:\/\/noorbe.com.br\/\"},{\"@type\":\"ListItem\",\"position\":2,\"name\":\"O que colocar no curr\u00edculo para obter sucesso?\"}]},{\"@type\":\"WebSite\",\"@id\":\"https:\/\/noorbe.com.br\/#website\",\"url\":\"https:\/\/noorbe.com.br\/\",\"name\":\"Noorbe\",\"description\":\"\",\"publisher\":{\"@id\":\"https:\/\/noorbe.com.br\/#organization\"},\"potentialAction\":[{\"@type\":\"SearchAction\",\"target\":{\"@type\":\"EntryPoint\",\"urlTemplate\":\"https:\/\/noorbe.com.br\/?s={search_term_string}\"},\"query-input\":{\"@type\":\"PropertyValueSpecification\",\"valueRequired\":true,\"valueName\":\"search_term_string\"}}],\"inLanguage\":\"pt-BR\"},{\"@type\":\"Organization\",\"@id\":\"https:\/\/noorbe.com.br\/#organization\",\"name\":\"Noorbe\",\"url\":\"https:\/\/noorbe.com.br\/\",\"logo\":{\"@type\":\"ImageObject\",\"inLanguage\":\"pt-BR\",\"@id\":\"https:\/\/noorbe.com.br\/#\/schema\/logo\/image\/\",\"url\":\"https:\/\/noorbe.com.br\/wp-content\/uploads\/2024\/05\/noorbe.jpg\",\"contentUrl\":\"https:\/\/noorbe.com.br\/wp-content\/uploads\/2024\/05\/noorbe.jpg\",\"width\":300,\"height\":53,\"caption\":\"Noorbe\"},\"image\":{\"@id\":\"https:\/\/noorbe.com.br\/#\/schema\/logo\/image\/\"}},{\"@type\":\"Person\",\"@id\":\"https:\/\/noorbe.com.br\/#\/schema\/person\/91c15812f01705e694e85f3d97ca918b\",\"name\":\"reda\u00e7\u00e3o\",\"image\":{\"@type\":\"ImageObject\",\"inLanguage\":\"pt-BR\",\"@id\":\"https:\/\/noorbe.com.br\/#\/schema\/person\/image\/\",\"url\":\"https:\/\/secure.gravatar.com\/avatar\/8127b64fc9b7ae806aaaf0ceb8dc77bbe9560462241d5264f19dd5635e941324?s=96&d=mm&r=g\",\"contentUrl\":\"https:\/\/secure.gravatar.com\/avatar\/8127b64fc9b7ae806aaaf0ceb8dc77bbe9560462241d5264f19dd5635e941324?s=96&d=mm&r=g\",\"caption\":\"reda\u00e7\u00e3o\"},\"sameAs\":[\"https:\/\/noorbe.com.br\"],\"url\":\"https:\/\/noorbe.com.br\/index.php\/author\/noorbeamz\/\"}]}<\/script>\n<!-- \/ Yoast SEO plugin. -->","yoast_head_json":{"title":"O que colocar no curr\u00edculo para obter sucesso? - Noorbe","description":"O que colocar no cabe\u00e7alho do curr\u00edculo? Venho com dicas pr\u00e1ticas de como montar um bom cabe\u00e7alho: eficaz, objetivo e sem firulas.","robots":{"index":"index","follow":"follow","max-snippet":"max-snippet:-1","max-image-preview":"max-image-preview:large","max-video-preview":"max-video-preview:-1"},"canonical":"https:\/\/noorbe.com.br\/index.php\/2024\/06\/20\/o-que-colocar-no-curriculo\/","og_locale":"pt_BR","og_type":"article","og_title":"O que colocar no curr\u00edculo para obter sucesso? - Noorbe","og_description":"O que colocar no cabe\u00e7alho do curr\u00edculo? Venho com dicas pr\u00e1ticas de como montar um bom cabe\u00e7alho: eficaz, objetivo e sem firulas.","og_url":"https:\/\/noorbe.com.br\/index.php\/2024\/06\/20\/o-que-colocar-no-curriculo\/","og_site_name":"Noorbe","article_published_time":"2024-06-20T19:09:02+00:00","article_modified_time":"2025-11-06T18:03:49+00:00","og_image":[{"width":1400,"height":840,"url":"https:\/\/noorbe.com.br\/wp-content\/uploads\/2024\/06\/shutterstock_2459090657.jpg","type":"image\/jpeg"}],"author":"reda\u00e7\u00e3o","twitter_card":"summary_large_image","twitter_misc":{"Escrito por":"reda\u00e7\u00e3o","Est. tempo de leitura":"7 minutos"},"schema":{"@context":"https:\/\/schema.org","@graph":[{"@type":"Article","@id":"https:\/\/noorbe.com.br\/index.php\/2024\/06\/20\/o-que-colocar-no-curriculo\/#article","isPartOf":{"@id":"https:\/\/noorbe.com.br\/index.php\/2024\/06\/20\/o-que-colocar-no-curriculo\/"},"author":{"name":"reda\u00e7\u00e3o","@id":"https:\/\/noorbe.com.br\/#\/schema\/person\/91c15812f01705e694e85f3d97ca918b"},"headline":"O que colocar no curr\u00edculo para obter sucesso?","datePublished":"2024-06-20T19:09:02+00:00","dateModified":"2025-11-06T18:03:49+00:00","mainEntityOfPage":{"@id":"https:\/\/noorbe.com.br\/index.php\/2024\/06\/20\/o-que-colocar-no-curriculo\/"},"wordCount":1199,"commentCount":0,"publisher":{"@id":"https:\/\/noorbe.com.br\/#organization"},"image":{"@id":"https:\/\/noorbe.com.br\/index.php\/2024\/06\/20\/o-que-colocar-no-curriculo\/#primaryimage"},"thumbnailUrl":"https:\/\/noorbe.com.br\/wp-content\/uploads\/2024\/06\/shutterstock_2459090657.jpg","keywords":["Curr\u00edculo; CV; Processo Seletivo; Candidatos; Entrevista; Dicas"],"articleSection":["Aline Gobbi","Business","Carreiras","Colunistas","Mais Lidas"],"inLanguage":"pt-BR","potentialAction":[{"@type":"CommentAction","name":"Comment","target":["https:\/\/noorbe.com.br\/index.php\/2024\/06\/20\/o-que-colocar-no-curriculo\/#respond"]}]},{"@type":"WebPage","@id":"https:\/\/noorbe.com.br\/index.php\/2024\/06\/20\/o-que-colocar-no-curriculo\/","url":"https:\/\/noorbe.com.br\/index.php\/2024\/06\/20\/o-que-colocar-no-curriculo\/","name":"O que colocar no curr\u00edculo para obter sucesso? - Noorbe","isPartOf":{"@id":"https:\/\/noorbe.com.br\/#website"},"primaryImageOfPage":{"@id":"https:\/\/noorbe.com.br\/index.php\/2024\/06\/20\/o-que-colocar-no-curriculo\/#primaryimage"},"image":{"@id":"https:\/\/noorbe.com.br\/index.php\/2024\/06\/20\/o-que-colocar-no-curriculo\/#primaryimage"},"thumbnailUrl":"https:\/\/noorbe.com.br\/wp-content\/uploads\/2024\/06\/shutterstock_2459090657.jpg","datePublished":"2024-06-20T19:09:02+00:00","dateModified":"2025-11-06T18:03:49+00:00","description":"O que colocar no cabe\u00e7alho do curr\u00edculo? Venho com dicas pr\u00e1ticas de como montar um bom cabe\u00e7alho: eficaz, objetivo e sem firulas.","breadcrumb":{"@id":"https:\/\/noorbe.com.br\/index.php\/2024\/06\/20\/o-que-colocar-no-curriculo\/#breadcrumb"},"inLanguage":"pt-BR","potentialAction":[{"@type":"ReadAction","target":["https:\/\/noorbe.com.br\/index.php\/2024\/06\/20\/o-que-colocar-no-curriculo\/"]}]},{"@type":"ImageObject","inLanguage":"pt-BR","@id":"https:\/\/noorbe.com.br\/index.php\/2024\/06\/20\/o-que-colocar-no-curriculo\/#primaryimage","url":"https:\/\/noorbe.com.br\/wp-content\/uploads\/2024\/06\/shutterstock_2459090657.jpg","contentUrl":"https:\/\/noorbe.com.br\/wp-content\/uploads\/2024\/06\/shutterstock_2459090657.jpg","width":1400,"height":840,"caption":"Recrutador selecionando curr\u00edculo ideal digital"},{"@type":"BreadcrumbList","@id":"https:\/\/noorbe.com.br\/index.php\/2024\/06\/20\/o-que-colocar-no-curriculo\/#breadcrumb","itemListElement":[{"@type":"ListItem","position":1,"name":"In\u00edcio","item":"https:\/\/noorbe.com.br\/"},{"@type":"ListItem","position":2,"name":"O que colocar no curr\u00edculo para obter sucesso?"}]},{"@type":"WebSite","@id":"https:\/\/noorbe.com.br\/#website","url":"https:\/\/noorbe.com.br\/","name":"Noorbe","description":"","publisher":{"@id":"https:\/\/noorbe.com.br\/#organization"},"potentialAction":[{"@type":"SearchAction","target":{"@type":"EntryPoint","urlTemplate":"https:\/\/noorbe.com.br\/?s={search_term_string}"},"query-input":{"@type":"PropertyValueSpecification","valueRequired":true,"valueName":"search_term_string"}}],"inLanguage":"pt-BR"},{"@type":"Organization","@id":"https:\/\/noorbe.com.br\/#organization","name":"Noorbe","url":"https:\/\/noorbe.com.br\/","logo":{"@type":"ImageObject","inLanguage":"pt-BR","@id":"https:\/\/noorbe.com.br\/#\/schema\/logo\/image\/","url":"https:\/\/noorbe.com.br\/wp-content\/uploads\/2024\/05\/noorbe.jpg","contentUrl":"https:\/\/noorbe.com.br\/wp-content\/uploads\/2024\/05\/noorbe.jpg","width":300,"height":53,"caption":"Noorbe"},"image":{"@id":"https:\/\/noorbe.com.br\/#\/schema\/logo\/image\/"}},{"@type":"Person","@id":"https:\/\/noorbe.com.br\/#\/schema\/person\/91c15812f01705e694e85f3d97ca918b","name":"reda\u00e7\u00e3o","image":{"@type":"ImageObject","inLanguage":"pt-BR","@id":"https:\/\/noorbe.com.br\/#\/schema\/person\/image\/","url":"https:\/\/secure.gravatar.com\/avatar\/8127b64fc9b7ae806aaaf0ceb8dc77bbe9560462241d5264f19dd5635e941324?s=96&d=mm&r=g","contentUrl":"https:\/\/secure.gravatar.com\/avatar\/8127b64fc9b7ae806aaaf0ceb8dc77bbe9560462241d5264f19dd5635e941324?s=96&d=mm&r=g","caption":"reda\u00e7\u00e3o"},"sameAs":["https:\/\/noorbe.com.br"],"url":"https:\/\/noorbe.com.br\/index.php\/author\/noorbeamz\/"}]}},"views":437,"_links":{"self":[{"href":"https:\/\/noorbe.com.br\/index.php\/wp-json\/wp\/v2\/posts\/1972","targetHints":{"allow":["GET"]}}],"collection":[{"href":"https:\/\/noorbe.com.br\/index.php\/wp-json\/wp\/v2\/posts"}],"about":[{"href":"https:\/\/noorbe.com.br\/index.php\/wp-json\/wp\/v2\/types\/post"}],"author":[{"embeddable":true,"href":"https:\/\/noorbe.com.br\/index.php\/wp-json\/wp\/v2\/users\/1"}],"replies":[{"embeddable":true,"href":"https:\/\/noorbe.com.br\/index.php\/wp-json\/wp\/v2\/comments?post=1972"}],"version-history":[{"count":42,"href":"https:\/\/noorbe.com.br\/index.php\/wp-json\/wp\/v2\/posts\/1972\/revisions"}],"predecessor-version":[{"id":4842,"href":"https:\/\/noorbe.com.br\/index.php\/wp-json\/wp\/v2\/posts\/1972\/revisions\/4842"}],"wp:featuredmedia":[{"embeddable":true,"href":"https:\/\/noorbe.com.br\/index.php\/wp-json\/wp\/v2\/media\/1914"}],"wp:attachment":[{"href":"https:\/\/noorbe.com.br\/index.php\/wp-json\/wp\/v2\/media?parent=1972"}],"wp:term":[{"taxonomy":"category","embeddable":true,"href":"https:\/\/noorbe.com.br\/index.php\/wp-json\/wp\/v2\/categories?post=1972"},{"taxonomy":"post_tag","embeddable":true,"href":"https:\/\/noorbe.com.br\/index.php\/wp-json\/wp\/v2\/tags?post=1972"}],"curies":[{"name":"wp","href":"https:\/\/api.w.org\/{rel}","templated":true}]}}