{"id":2512,"date":"2024-08-08T15:19:26","date_gmt":"2024-08-08T15:19:26","guid":{"rendered":"https:\/\/noorbe.com\/?p=2512"},"modified":"2025-11-06T17:46:21","modified_gmt":"2025-11-06T17:46:21","slug":"7-licoes-essenciais-sobre-contratacao-e-retencao-de-talentos","status":"publish","type":"post","link":"https:\/\/noorbe.com.br\/index.php\/2024\/08\/08\/7-licoes-essenciais-sobre-contratacao-e-retencao-de-talentos\/","title":{"rendered":"7 li\u00e7\u00f5es essenciais sobre contrata\u00e7\u00e3o e reten\u00e7\u00e3o de talentos"},"content":{"rendered":"\t\t<div data-elementor-type=\"wp-post\" data-elementor-id=\"2512\" class=\"elementor elementor-2512\" data-elementor-post-type=\"post\">\n\t\t\t\t<div class=\"elementor-element elementor-element-87f3378 e-flex e-con-boxed e-con e-parent\" data-id=\"87f3378\" data-element_type=\"container\" data-e-type=\"container\">\n\t\t\t\t\t<div class=\"e-con-inner\">\n\t\t\t\t<div class=\"elementor-element elementor-element-9c102bd elementor-widget elementor-widget-image\" data-id=\"9c102bd\" data-element_type=\"widget\" data-e-type=\"widget\" data-widget_type=\"image.default\">\n\t\t\t\t<div class=\"elementor-widget-container\">\n\t\t\t\t\t\t\t\t\t\t\t\t\t\t\t<img fetchpriority=\"high\" decoding=\"async\" width=\"800\" height=\"493\" src=\"https:\/\/noorbe.com.br\/wp-content\/uploads\/2024\/08\/shutterstock_2477849983-1024x631.jpg\" class=\"attachment-large size-large wp-image-2513\" alt=\"Um grupo diverso de profissionais tirando uma selfie alegre juntos durante um semin\u00e1rio ou workshop. Eles est\u00e3o sorrindo e parecem engajados.\" srcset=\"https:\/\/noorbe.com.br\/wp-content\/uploads\/2024\/08\/shutterstock_2477849983-1024x631.jpg 1024w, https:\/\/noorbe.com.br\/wp-content\/uploads\/2024\/08\/shutterstock_2477849983-300x185.jpg 300w, https:\/\/noorbe.com.br\/wp-content\/uploads\/2024\/08\/shutterstock_2477849983-768x473.jpg 768w, https:\/\/noorbe.com.br\/wp-content\/uploads\/2024\/08\/shutterstock_2477849983-1536x946.jpg 1536w, https:\/\/noorbe.com.br\/wp-content\/uploads\/2024\/08\/shutterstock_2477849983-2048x1261.jpg 2048w\" sizes=\"(max-width: 800px) 100vw, 800px\" \/>\t\t\t\t\t\t\t\t\t\t\t\t\t\t\t<\/div>\n\t\t\t\t<\/div>\n\t\t\t\t<div class=\"elementor-element elementor-element-219e034 elementor-widget elementor-widget-text-editor\" data-id=\"219e034\" data-element_type=\"widget\" data-e-type=\"widget\" data-widget_type=\"text-editor.default\">\n\t\t\t\t<div class=\"elementor-widget-container\">\n\t\t\t\t\t\t\t\t\t<p>Todo executivo sabe disso: contratar as pessoas certas para os cargos certos \u00e9 o primeiro passo para criar uma equipe capaz de entregar resultados. Encontrar essas pessoas j\u00e1 \u00e9 uma tarefa dif\u00edcil por si s\u00f3. Mas, tamb\u00e9m sabemos que n\u00e3o basta apenas contratar os melhores. Uma organiza\u00e7\u00e3o precisa tamb\u00e9m saber ret\u00ea-los. Embora muitas vezes negligenciada, a reten\u00e7\u00e3o de colaboradores \u00e9 igualmente importante para construir e manter uma grande equipe. Sem reten\u00e7\u00e3o, uma organiza\u00e7\u00e3o se torna uma porta girat\u00f3ria (ou um liquidificador, como diria uma querida amiga minha).<\/p><p>Os grandes executivos de renome internacional j\u00e1 sabem desses desafios h\u00e1 anos. Aqui est\u00e3o sete percep\u00e7\u00f5es de executivos sobre contrata\u00e7\u00e3o e reten\u00e7\u00e3o de colaboradores e o que voc\u00ea pode aprender com elas.<\/p><p><strong>&#8220;N\u00e3o faz sentido contratar pessoas inteligentes e depois dizer o que elas devem fazer; n\u00f3s contratamos pessoas inteligentes para que elas nos digam o que fazer.&#8221;<\/strong><br \/><em>Steve Jobs, Ex-Fundador e CEO da Apple<\/em><\/p><p><br \/>As empresas n\u00e3o devem contratar indiv\u00edduos inteligentes, criativos e talentosos apenas para seguir instru\u00e7\u00f5es e executar tarefas. Em vez disso, eles precisam trazer suas perspectivas e ideias \u00fanicas para a mesa. Steve Jobs sempre focou no processo de contrata\u00e7\u00e3o em vez de microgerenciar, pois boas pr\u00e1ticas de contrata\u00e7\u00e3o levam a colaboradores em quem voc\u00ea pode confiar e capacitar.<\/p><p><strong>&#8220;Voc\u00ea pode ter a melhor estrat\u00e9gia e o melhor edif\u00edcio do mundo, mas se voc\u00ea n\u00e3o tiver o cora\u00e7\u00e3o e a mente das pessoas que trabalham com voc\u00ea, nada disso se concretiza.&#8221;<\/strong><br \/><em>Renee West, Ex-Presidente dos Hot\u00e9is Luxor e Excalibur<\/em><\/p><p><br \/>Mesmo que uma empresa tenha uma \u00f3tima estrat\u00e9gia ou a infraestrutura f\u00edsica perfeita, nunca atingir\u00e1 seu potencial m\u00e1ximo sem o apoio de seus colaboradores. Como West destaca, reter \u00f3timas pessoas e mant\u00ea-las engajadas no neg\u00f3cio \u00e9 fundamental para transformar sua estrat\u00e9gia em realidade.<\/p><p><strong>&#8220;Cuide dos seus colaboradores, e eles cuidar\u00e3o do seu neg\u00f3cio.&#8221;<\/strong><br \/><em>Richard Branson, Fundador e CEO do Virgin Group<\/em><\/p><p><br \/>Branson tem um ponto: oferecer bons sal\u00e1rios e benef\u00edcios, tornar o ambiente de trabalho mais agrad\u00e1vel e apoiar o crescimento dos colaboradores n\u00e3o \u00e9 apenas o certo a fazer. Isso os far\u00e1 se sentir mais motivados e envolvidos, levando-os a se esfor\u00e7arem mais e a terem mais propens\u00e3o a permanecer na empresa e ajudar a expandir o neg\u00f3cio.<\/p><p><strong>&#8220;Uma empresa \u00e9 t\u00e3o boa quanto as pessoas que mant\u00e9m.&#8221;<\/strong><br \/><em>Mary Kay Ash, Fundadora da Mary Kay Cosmetics<\/em><\/p><p><br \/>Como Ash afirma, a reten\u00e7\u00e3o de colaboradores \u00e9 fundamental para o sucesso de uma empresa. Al\u00e9m de manter os melhores talentos, reter bons colaboradores permite que a empresa mantenha sua vantagem competitiva, construa uma marca forte e crie um ambiente de trabalho est\u00e1vel e produtivo. Perder consistentemente colaboradores -chave pode ter o efeito oposto, onde uma empresa falha repetidamente em executar suas estrat\u00e9gias.<\/p><p><strong>&#8220;Voc\u00ea n\u00e3o constr\u00f3i um neg\u00f3cio, voc\u00ea constr\u00f3i pessoas, e ent\u00e3o as pessoas constroem o neg\u00f3cio.&#8221;<\/strong><br \/><em>Zig Ziglar, autor best-seller e empreendedor<\/em><\/p><p><br \/>Embora construir um neg\u00f3cio pare\u00e7a envolver principalmente a cria\u00e7\u00e3o de um produto, o estabelecimento de uma presen\u00e7a no mercado e o desenvolvimento de uma marca, Ziglar diz que o elemento mais cr\u00edtico \u00e9 construir uma equipe de colaboradores talentosos e motivados, comprometidos com o sucesso da empresa. Essa percep\u00e7\u00e3o realmente captura a interdepend\u00eancia entre os colaboradores e as organiza\u00e7\u00f5es para construir o sucesso m\u00fatuo.<\/p><p><strong>&#8220;Reter colaboradores envolve mais do que apenas oferecer remunera\u00e7\u00e3o e benef\u00edcios competitivos. Trata-se de criar uma cultura de confian\u00e7a, respeito e apoio.&#8221;<\/strong><br \/><em>Indra Nooyi, Ex-CEO da Pepsi<\/em><\/p><p><br \/>Nooyi acredita que um ambiente de trabalho positivo pode ajudar os colaboradores a se sentirem mais conectados e satisfeitos com seus empregos do que apenas dinheiro e benef\u00edcios. Quando os colaboradores se sentem valorizados e apoiados pela organiza\u00e7\u00e3o, \u00e9 muito mais prov\u00e1vel que se esforcem mais, sejam mais eficientes e permane\u00e7am na empresa por mais tempo. Uma cultura de abertura, considera\u00e7\u00e3o e incentivo tamb\u00e9m pode fomentar colabora\u00e7\u00e3o, imagina\u00e7\u00e3o e ideias inovadoras.<\/p><p>\u00a0<\/p><p><strong>&#8220;Se voc\u00ea quer ser uma grande empresa, pense em qual problema voc\u00ea pode resolver para o mundo e comece contratando as melhores pessoas para resolv\u00ea-lo.&#8221;<\/strong><br \/><em>Brian Chesky, cofundador e CEO do Airbnb<\/em><\/p><p><br \/>Essa cita\u00e7\u00e3o enfatiza a import\u00e2ncia de uma empresa ter uma vis\u00e3o e um prop\u00f3sito claros. Fazer isso pode ajudar qualquer empresa a atrair as pessoas certas para alcan\u00e7ar suas aspira\u00e7\u00f5es e planos para o mundo. Identificando um problema no mundo e buscando aqueles que est\u00e3o ansiosos para resolv\u00ea-lo, qualquer organiza\u00e7\u00e3o pode trazer mudan\u00e7as positivas e alcan\u00e7ar seus objetivos.<\/p><p>Essas percep\u00e7\u00f5es dos principais executivos s\u00e3o lembretes \u00fateis sobre o que \u00e9 importante quando se trata de contratar e reter talentos em uma organiza\u00e7\u00e3o.<\/p><p>\u00a0<\/p><p><strong>Saiba mais sobre como posso ajudar voc\u00ea!<\/strong><\/p><p><strong>Aline Gobbi<\/strong><\/p><p>Ajudo Executivos a constru\u00edrem sua marca no mercado de trabalho | +15 anos como l\u00edder de RH de grandes empresas nacionais e multinacionais, Executive Search, Psic\u00f3loga | +34k seguidores | 147 artigos publicados.<\/p><p>\u00a0<\/p><p><strong>Contatos<\/strong>:<\/p><p>\u2192 Siga-me no LinkedIn <span style=\"text-decoration: underline;\"><a target=\"_blank\" href=\"https:\/\/www.linkedin.com\/in\/alinegobbi\/\" rel=\"noopener\">https:\/\/www.linkedin.com\/in\/alinegobbi\/<\/a><\/span> e clique no \ud83d\udd14 no topo da minha p\u00e1gina de perfil para nunca perder uma postagem<\/p><p>\u2192 Siga-me no Instagram <span style=\"text-decoration: underline;\"><a target=\"_blank\" href=\"http:\/\/www.instagram.com\/fala.comorh\/\" rel=\"noopener\">www.instagram.com\/fala.comorh\/<\/a><\/span><\/p>\t\t\t\t\t\t\t\t<\/div>\n\t\t\t\t<\/div>\n\t\t\t\t\t<\/div>\n\t\t\t\t<\/div>\n\t\t\t\t<\/div>\n\t\t","protected":false},"excerpt":{"rendered":"<p>Existe um grande desafio em contratar a pessoa certa para a posi\u00e7\u00e3o certa, mas o trabalho n\u00e3o acaba por a\u00ed. Se contratar \u00e9 dif\u00edcil, reter pode ser ainda mais desafiador. Veja 7 li\u00e7\u00f5es que os grandes gurus da lideran\u00e7a nos d\u00e3o.<\/p>\n","protected":false},"author":1,"featured_media":2513,"comment_status":"open","ping_status":"open","sticky":false,"template":"","format":"standard","meta":{"footnotes":""},"categories":[53,39,43,52],"tags":[131],"class_list":["post-2512","post","type-post","status-publish","format-standard","has-post-thumbnail","hentry","category-aline-gobbi","category-business","category-carreiras","category-colunistas","tag-contratacao-retencao-talentos-empresa-estrategia-rh-gestores-executivos-gestao"],"yoast_head":"<!-- This site is optimized with the Yoast SEO plugin v26.2 - https:\/\/yoast.com\/wordpress\/plugins\/seo\/ -->\n<title>7 li\u00e7\u00f5es essenciais sobre contrata\u00e7\u00e3o e reten\u00e7\u00e3o de talentos - Noorbe<\/title>\n<meta name=\"description\" content=\"Existe um grande desafio em contratar a pessoa certa para a posi\u00e7\u00e3o certa, mas o trabalho n\u00e3o acaba por a\u00ed. Se contratar \u00e9 dif\u00edcil, reter pode ser ainda mais desafiador. Veja 7 li\u00e7\u00f5es que os grandes gurus da lideran\u00e7a nos d\u00e3o.\" \/>\n<meta name=\"robots\" content=\"index, follow, max-snippet:-1, max-image-preview:large, max-video-preview:-1\" \/>\n<link rel=\"canonical\" href=\"https:\/\/noorbe.com.br\/index.php\/2024\/08\/08\/7-licoes-essenciais-sobre-contratacao-e-retencao-de-talentos\/\" \/>\n<meta property=\"og:locale\" content=\"pt_BR\" \/>\n<meta property=\"og:type\" content=\"article\" \/>\n<meta property=\"og:title\" content=\"7 li\u00e7\u00f5es essenciais sobre contrata\u00e7\u00e3o e reten\u00e7\u00e3o de talentos - Noorbe\" \/>\n<meta property=\"og:description\" content=\"Existe um grande desafio em contratar a pessoa certa para a posi\u00e7\u00e3o certa, mas o trabalho n\u00e3o acaba por a\u00ed. Se contratar \u00e9 dif\u00edcil, reter pode ser ainda mais desafiador. Veja 7 li\u00e7\u00f5es que os grandes gurus da lideran\u00e7a nos d\u00e3o.\" \/>\n<meta property=\"og:url\" content=\"https:\/\/noorbe.com.br\/index.php\/2024\/08\/08\/7-licoes-essenciais-sobre-contratacao-e-retencao-de-talentos\/\" \/>\n<meta property=\"og:site_name\" content=\"Noorbe\" \/>\n<meta property=\"article:published_time\" content=\"2024-08-08T15:19:26+00:00\" \/>\n<meta property=\"article:modified_time\" content=\"2025-11-06T17:46:21+00:00\" \/>\n<meta property=\"og:image\" content=\"https:\/\/noorbe.com.br\/wp-content\/uploads\/2024\/08\/shutterstock_2477849983-scaled.jpg\" \/>\n\t<meta property=\"og:image:width\" content=\"2560\" \/>\n\t<meta property=\"og:image:height\" content=\"1576\" \/>\n\t<meta property=\"og:image:type\" content=\"image\/jpeg\" \/>\n<meta name=\"author\" content=\"reda\u00e7\u00e3o\" \/>\n<meta name=\"twitter:card\" content=\"summary_large_image\" \/>\n<meta name=\"twitter:label1\" content=\"Escrito por\" \/>\n\t<meta name=\"twitter:data1\" content=\"reda\u00e7\u00e3o\" \/>\n\t<meta name=\"twitter:label2\" content=\"Est. tempo de leitura\" \/>\n\t<meta name=\"twitter:data2\" content=\"5 minutos\" \/>\n<script type=\"application\/ld+json\" class=\"yoast-schema-graph\">{\"@context\":\"https:\/\/schema.org\",\"@graph\":[{\"@type\":\"Article\",\"@id\":\"https:\/\/noorbe.com.br\/index.php\/2024\/08\/08\/7-licoes-essenciais-sobre-contratacao-e-retencao-de-talentos\/#article\",\"isPartOf\":{\"@id\":\"https:\/\/noorbe.com.br\/index.php\/2024\/08\/08\/7-licoes-essenciais-sobre-contratacao-e-retencao-de-talentos\/\"},\"author\":{\"name\":\"reda\u00e7\u00e3o\",\"@id\":\"https:\/\/noorbe.com.br\/#\/schema\/person\/91c15812f01705e694e85f3d97ca918b\"},\"headline\":\"7 li\u00e7\u00f5es essenciais sobre contrata\u00e7\u00e3o e reten\u00e7\u00e3o de talentos\",\"datePublished\":\"2024-08-08T15:19:26+00:00\",\"dateModified\":\"2025-11-06T17:46:21+00:00\",\"mainEntityOfPage\":{\"@id\":\"https:\/\/noorbe.com.br\/index.php\/2024\/08\/08\/7-licoes-essenciais-sobre-contratacao-e-retencao-de-talentos\/\"},\"wordCount\":911,\"commentCount\":0,\"publisher\":{\"@id\":\"https:\/\/noorbe.com.br\/#organization\"},\"image\":{\"@id\":\"https:\/\/noorbe.com.br\/index.php\/2024\/08\/08\/7-licoes-essenciais-sobre-contratacao-e-retencao-de-talentos\/#primaryimage\"},\"thumbnailUrl\":\"https:\/\/noorbe.com.br\/wp-content\/uploads\/2024\/08\/shutterstock_2477849983-scaled.jpg\",\"keywords\":[\"Contrata\u00e7\u00e3o; Reten\u00e7\u00e3o; Talentos; Empresa; Estrat\u00e9gia; RH; Gestores; Executivos; Gest\u00e3o\"],\"articleSection\":[\"Aline Gobbi\",\"Business\",\"Carreiras\",\"Colunistas\"],\"inLanguage\":\"pt-BR\",\"potentialAction\":[{\"@type\":\"CommentAction\",\"name\":\"Comment\",\"target\":[\"https:\/\/noorbe.com.br\/index.php\/2024\/08\/08\/7-licoes-essenciais-sobre-contratacao-e-retencao-de-talentos\/#respond\"]}]},{\"@type\":\"WebPage\",\"@id\":\"https:\/\/noorbe.com.br\/index.php\/2024\/08\/08\/7-licoes-essenciais-sobre-contratacao-e-retencao-de-talentos\/\",\"url\":\"https:\/\/noorbe.com.br\/index.php\/2024\/08\/08\/7-licoes-essenciais-sobre-contratacao-e-retencao-de-talentos\/\",\"name\":\"7 li\u00e7\u00f5es essenciais sobre contrata\u00e7\u00e3o e reten\u00e7\u00e3o de talentos - Noorbe\",\"isPartOf\":{\"@id\":\"https:\/\/noorbe.com.br\/#website\"},\"primaryImageOfPage\":{\"@id\":\"https:\/\/noorbe.com.br\/index.php\/2024\/08\/08\/7-licoes-essenciais-sobre-contratacao-e-retencao-de-talentos\/#primaryimage\"},\"image\":{\"@id\":\"https:\/\/noorbe.com.br\/index.php\/2024\/08\/08\/7-licoes-essenciais-sobre-contratacao-e-retencao-de-talentos\/#primaryimage\"},\"thumbnailUrl\":\"https:\/\/noorbe.com.br\/wp-content\/uploads\/2024\/08\/shutterstock_2477849983-scaled.jpg\",\"datePublished\":\"2024-08-08T15:19:26+00:00\",\"dateModified\":\"2025-11-06T17:46:21+00:00\",\"description\":\"Existe um grande desafio em contratar a pessoa certa para a posi\u00e7\u00e3o certa, mas o trabalho n\u00e3o acaba por a\u00ed. Se contratar \u00e9 dif\u00edcil, reter pode ser ainda mais desafiador. Veja 7 li\u00e7\u00f5es que os grandes gurus da lideran\u00e7a nos d\u00e3o.\",\"breadcrumb\":{\"@id\":\"https:\/\/noorbe.com.br\/index.php\/2024\/08\/08\/7-licoes-essenciais-sobre-contratacao-e-retencao-de-talentos\/#breadcrumb\"},\"inLanguage\":\"pt-BR\",\"potentialAction\":[{\"@type\":\"ReadAction\",\"target\":[\"https:\/\/noorbe.com.br\/index.php\/2024\/08\/08\/7-licoes-essenciais-sobre-contratacao-e-retencao-de-talentos\/\"]}]},{\"@type\":\"ImageObject\",\"inLanguage\":\"pt-BR\",\"@id\":\"https:\/\/noorbe.com.br\/index.php\/2024\/08\/08\/7-licoes-essenciais-sobre-contratacao-e-retencao-de-talentos\/#primaryimage\",\"url\":\"https:\/\/noorbe.com.br\/wp-content\/uploads\/2024\/08\/shutterstock_2477849983-scaled.jpg\",\"contentUrl\":\"https:\/\/noorbe.com.br\/wp-content\/uploads\/2024\/08\/shutterstock_2477849983-scaled.jpg\",\"width\":2560,\"height\":1576,\"caption\":\"Um grupo diverso de profissionais tirando uma selfie alegre juntos durante um semin\u00e1rio ou workshop. Eles est\u00e3o sorrindo e parecem engajados.\"},{\"@type\":\"BreadcrumbList\",\"@id\":\"https:\/\/noorbe.com.br\/index.php\/2024\/08\/08\/7-licoes-essenciais-sobre-contratacao-e-retencao-de-talentos\/#breadcrumb\",\"itemListElement\":[{\"@type\":\"ListItem\",\"position\":1,\"name\":\"In\u00edcio\",\"item\":\"https:\/\/noorbe.com.br\/\"},{\"@type\":\"ListItem\",\"position\":2,\"name\":\"7 li\u00e7\u00f5es essenciais sobre contrata\u00e7\u00e3o e reten\u00e7\u00e3o de talentos\"}]},{\"@type\":\"WebSite\",\"@id\":\"https:\/\/noorbe.com.br\/#website\",\"url\":\"https:\/\/noorbe.com.br\/\",\"name\":\"Noorbe\",\"description\":\"\",\"publisher\":{\"@id\":\"https:\/\/noorbe.com.br\/#organization\"},\"potentialAction\":[{\"@type\":\"SearchAction\",\"target\":{\"@type\":\"EntryPoint\",\"urlTemplate\":\"https:\/\/noorbe.com.br\/?s={search_term_string}\"},\"query-input\":{\"@type\":\"PropertyValueSpecification\",\"valueRequired\":true,\"valueName\":\"search_term_string\"}}],\"inLanguage\":\"pt-BR\"},{\"@type\":\"Organization\",\"@id\":\"https:\/\/noorbe.com.br\/#organization\",\"name\":\"Noorbe\",\"url\":\"https:\/\/noorbe.com.br\/\",\"logo\":{\"@type\":\"ImageObject\",\"inLanguage\":\"pt-BR\",\"@id\":\"https:\/\/noorbe.com.br\/#\/schema\/logo\/image\/\",\"url\":\"https:\/\/noorbe.com.br\/wp-content\/uploads\/2024\/05\/noorbe.jpg\",\"contentUrl\":\"https:\/\/noorbe.com.br\/wp-content\/uploads\/2024\/05\/noorbe.jpg\",\"width\":300,\"height\":53,\"caption\":\"Noorbe\"},\"image\":{\"@id\":\"https:\/\/noorbe.com.br\/#\/schema\/logo\/image\/\"}},{\"@type\":\"Person\",\"@id\":\"https:\/\/noorbe.com.br\/#\/schema\/person\/91c15812f01705e694e85f3d97ca918b\",\"name\":\"reda\u00e7\u00e3o\",\"image\":{\"@type\":\"ImageObject\",\"inLanguage\":\"pt-BR\",\"@id\":\"https:\/\/noorbe.com.br\/#\/schema\/person\/image\/\",\"url\":\"https:\/\/secure.gravatar.com\/avatar\/8127b64fc9b7ae806aaaf0ceb8dc77bbe9560462241d5264f19dd5635e941324?s=96&d=mm&r=g\",\"contentUrl\":\"https:\/\/secure.gravatar.com\/avatar\/8127b64fc9b7ae806aaaf0ceb8dc77bbe9560462241d5264f19dd5635e941324?s=96&d=mm&r=g\",\"caption\":\"reda\u00e7\u00e3o\"},\"sameAs\":[\"https:\/\/noorbe.com.br\"],\"url\":\"https:\/\/noorbe.com.br\/index.php\/author\/noorbeamz\/\"}]}<\/script>\n<!-- \/ Yoast SEO plugin. -->","yoast_head_json":{"title":"7 li\u00e7\u00f5es essenciais sobre contrata\u00e7\u00e3o e reten\u00e7\u00e3o de talentos - Noorbe","description":"Existe um grande desafio em contratar a pessoa certa para a posi\u00e7\u00e3o certa, mas o trabalho n\u00e3o acaba por a\u00ed. Se contratar \u00e9 dif\u00edcil, reter pode ser ainda mais desafiador. Veja 7 li\u00e7\u00f5es que os grandes gurus da lideran\u00e7a nos d\u00e3o.","robots":{"index":"index","follow":"follow","max-snippet":"max-snippet:-1","max-image-preview":"max-image-preview:large","max-video-preview":"max-video-preview:-1"},"canonical":"https:\/\/noorbe.com.br\/index.php\/2024\/08\/08\/7-licoes-essenciais-sobre-contratacao-e-retencao-de-talentos\/","og_locale":"pt_BR","og_type":"article","og_title":"7 li\u00e7\u00f5es essenciais sobre contrata\u00e7\u00e3o e reten\u00e7\u00e3o de talentos - Noorbe","og_description":"Existe um grande desafio em contratar a pessoa certa para a posi\u00e7\u00e3o certa, mas o trabalho n\u00e3o acaba por a\u00ed. Se contratar \u00e9 dif\u00edcil, reter pode ser ainda mais desafiador. Veja 7 li\u00e7\u00f5es que os grandes gurus da lideran\u00e7a nos d\u00e3o.","og_url":"https:\/\/noorbe.com.br\/index.php\/2024\/08\/08\/7-licoes-essenciais-sobre-contratacao-e-retencao-de-talentos\/","og_site_name":"Noorbe","article_published_time":"2024-08-08T15:19:26+00:00","article_modified_time":"2025-11-06T17:46:21+00:00","og_image":[{"width":2560,"height":1576,"url":"https:\/\/noorbe.com.br\/wp-content\/uploads\/2024\/08\/shutterstock_2477849983-scaled.jpg","type":"image\/jpeg"}],"author":"reda\u00e7\u00e3o","twitter_card":"summary_large_image","twitter_misc":{"Escrito por":"reda\u00e7\u00e3o","Est. tempo de leitura":"5 minutos"},"schema":{"@context":"https:\/\/schema.org","@graph":[{"@type":"Article","@id":"https:\/\/noorbe.com.br\/index.php\/2024\/08\/08\/7-licoes-essenciais-sobre-contratacao-e-retencao-de-talentos\/#article","isPartOf":{"@id":"https:\/\/noorbe.com.br\/index.php\/2024\/08\/08\/7-licoes-essenciais-sobre-contratacao-e-retencao-de-talentos\/"},"author":{"name":"reda\u00e7\u00e3o","@id":"https:\/\/noorbe.com.br\/#\/schema\/person\/91c15812f01705e694e85f3d97ca918b"},"headline":"7 li\u00e7\u00f5es essenciais sobre contrata\u00e7\u00e3o e reten\u00e7\u00e3o de talentos","datePublished":"2024-08-08T15:19:26+00:00","dateModified":"2025-11-06T17:46:21+00:00","mainEntityOfPage":{"@id":"https:\/\/noorbe.com.br\/index.php\/2024\/08\/08\/7-licoes-essenciais-sobre-contratacao-e-retencao-de-talentos\/"},"wordCount":911,"commentCount":0,"publisher":{"@id":"https:\/\/noorbe.com.br\/#organization"},"image":{"@id":"https:\/\/noorbe.com.br\/index.php\/2024\/08\/08\/7-licoes-essenciais-sobre-contratacao-e-retencao-de-talentos\/#primaryimage"},"thumbnailUrl":"https:\/\/noorbe.com.br\/wp-content\/uploads\/2024\/08\/shutterstock_2477849983-scaled.jpg","keywords":["Contrata\u00e7\u00e3o; Reten\u00e7\u00e3o; Talentos; Empresa; Estrat\u00e9gia; RH; Gestores; Executivos; Gest\u00e3o"],"articleSection":["Aline Gobbi","Business","Carreiras","Colunistas"],"inLanguage":"pt-BR","potentialAction":[{"@type":"CommentAction","name":"Comment","target":["https:\/\/noorbe.com.br\/index.php\/2024\/08\/08\/7-licoes-essenciais-sobre-contratacao-e-retencao-de-talentos\/#respond"]}]},{"@type":"WebPage","@id":"https:\/\/noorbe.com.br\/index.php\/2024\/08\/08\/7-licoes-essenciais-sobre-contratacao-e-retencao-de-talentos\/","url":"https:\/\/noorbe.com.br\/index.php\/2024\/08\/08\/7-licoes-essenciais-sobre-contratacao-e-retencao-de-talentos\/","name":"7 li\u00e7\u00f5es essenciais sobre contrata\u00e7\u00e3o e reten\u00e7\u00e3o de talentos - Noorbe","isPartOf":{"@id":"https:\/\/noorbe.com.br\/#website"},"primaryImageOfPage":{"@id":"https:\/\/noorbe.com.br\/index.php\/2024\/08\/08\/7-licoes-essenciais-sobre-contratacao-e-retencao-de-talentos\/#primaryimage"},"image":{"@id":"https:\/\/noorbe.com.br\/index.php\/2024\/08\/08\/7-licoes-essenciais-sobre-contratacao-e-retencao-de-talentos\/#primaryimage"},"thumbnailUrl":"https:\/\/noorbe.com.br\/wp-content\/uploads\/2024\/08\/shutterstock_2477849983-scaled.jpg","datePublished":"2024-08-08T15:19:26+00:00","dateModified":"2025-11-06T17:46:21+00:00","description":"Existe um grande desafio em contratar a pessoa certa para a posi\u00e7\u00e3o certa, mas o trabalho n\u00e3o acaba por a\u00ed. Se contratar \u00e9 dif\u00edcil, reter pode ser ainda mais desafiador. Veja 7 li\u00e7\u00f5es que os grandes gurus da lideran\u00e7a nos d\u00e3o.","breadcrumb":{"@id":"https:\/\/noorbe.com.br\/index.php\/2024\/08\/08\/7-licoes-essenciais-sobre-contratacao-e-retencao-de-talentos\/#breadcrumb"},"inLanguage":"pt-BR","potentialAction":[{"@type":"ReadAction","target":["https:\/\/noorbe.com.br\/index.php\/2024\/08\/08\/7-licoes-essenciais-sobre-contratacao-e-retencao-de-talentos\/"]}]},{"@type":"ImageObject","inLanguage":"pt-BR","@id":"https:\/\/noorbe.com.br\/index.php\/2024\/08\/08\/7-licoes-essenciais-sobre-contratacao-e-retencao-de-talentos\/#primaryimage","url":"https:\/\/noorbe.com.br\/wp-content\/uploads\/2024\/08\/shutterstock_2477849983-scaled.jpg","contentUrl":"https:\/\/noorbe.com.br\/wp-content\/uploads\/2024\/08\/shutterstock_2477849983-scaled.jpg","width":2560,"height":1576,"caption":"Um grupo diverso de profissionais tirando uma selfie alegre juntos durante um semin\u00e1rio ou workshop. Eles est\u00e3o sorrindo e parecem engajados."},{"@type":"BreadcrumbList","@id":"https:\/\/noorbe.com.br\/index.php\/2024\/08\/08\/7-licoes-essenciais-sobre-contratacao-e-retencao-de-talentos\/#breadcrumb","itemListElement":[{"@type":"ListItem","position":1,"name":"In\u00edcio","item":"https:\/\/noorbe.com.br\/"},{"@type":"ListItem","position":2,"name":"7 li\u00e7\u00f5es essenciais sobre contrata\u00e7\u00e3o e reten\u00e7\u00e3o de talentos"}]},{"@type":"WebSite","@id":"https:\/\/noorbe.com.br\/#website","url":"https:\/\/noorbe.com.br\/","name":"Noorbe","description":"","publisher":{"@id":"https:\/\/noorbe.com.br\/#organization"},"potentialAction":[{"@type":"SearchAction","target":{"@type":"EntryPoint","urlTemplate":"https:\/\/noorbe.com.br\/?s={search_term_string}"},"query-input":{"@type":"PropertyValueSpecification","valueRequired":true,"valueName":"search_term_string"}}],"inLanguage":"pt-BR"},{"@type":"Organization","@id":"https:\/\/noorbe.com.br\/#organization","name":"Noorbe","url":"https:\/\/noorbe.com.br\/","logo":{"@type":"ImageObject","inLanguage":"pt-BR","@id":"https:\/\/noorbe.com.br\/#\/schema\/logo\/image\/","url":"https:\/\/noorbe.com.br\/wp-content\/uploads\/2024\/05\/noorbe.jpg","contentUrl":"https:\/\/noorbe.com.br\/wp-content\/uploads\/2024\/05\/noorbe.jpg","width":300,"height":53,"caption":"Noorbe"},"image":{"@id":"https:\/\/noorbe.com.br\/#\/schema\/logo\/image\/"}},{"@type":"Person","@id":"https:\/\/noorbe.com.br\/#\/schema\/person\/91c15812f01705e694e85f3d97ca918b","name":"reda\u00e7\u00e3o","image":{"@type":"ImageObject","inLanguage":"pt-BR","@id":"https:\/\/noorbe.com.br\/#\/schema\/person\/image\/","url":"https:\/\/secure.gravatar.com\/avatar\/8127b64fc9b7ae806aaaf0ceb8dc77bbe9560462241d5264f19dd5635e941324?s=96&d=mm&r=g","contentUrl":"https:\/\/secure.gravatar.com\/avatar\/8127b64fc9b7ae806aaaf0ceb8dc77bbe9560462241d5264f19dd5635e941324?s=96&d=mm&r=g","caption":"reda\u00e7\u00e3o"},"sameAs":["https:\/\/noorbe.com.br"],"url":"https:\/\/noorbe.com.br\/index.php\/author\/noorbeamz\/"}]}},"views":297,"_links":{"self":[{"href":"https:\/\/noorbe.com.br\/index.php\/wp-json\/wp\/v2\/posts\/2512","targetHints":{"allow":["GET"]}}],"collection":[{"href":"https:\/\/noorbe.com.br\/index.php\/wp-json\/wp\/v2\/posts"}],"about":[{"href":"https:\/\/noorbe.com.br\/index.php\/wp-json\/wp\/v2\/types\/post"}],"author":[{"embeddable":true,"href":"https:\/\/noorbe.com.br\/index.php\/wp-json\/wp\/v2\/users\/1"}],"replies":[{"embeddable":true,"href":"https:\/\/noorbe.com.br\/index.php\/wp-json\/wp\/v2\/comments?post=2512"}],"version-history":[{"count":10,"href":"https:\/\/noorbe.com.br\/index.php\/wp-json\/wp\/v2\/posts\/2512\/revisions"}],"predecessor-version":[{"id":4764,"href":"https:\/\/noorbe.com.br\/index.php\/wp-json\/wp\/v2\/posts\/2512\/revisions\/4764"}],"wp:featuredmedia":[{"embeddable":true,"href":"https:\/\/noorbe.com.br\/index.php\/wp-json\/wp\/v2\/media\/2513"}],"wp:attachment":[{"href":"https:\/\/noorbe.com.br\/index.php\/wp-json\/wp\/v2\/media?parent=2512"}],"wp:term":[{"taxonomy":"category","embeddable":true,"href":"https:\/\/noorbe.com.br\/index.php\/wp-json\/wp\/v2\/categories?post=2512"},{"taxonomy":"post_tag","embeddable":true,"href":"https:\/\/noorbe.com.br\/index.php\/wp-json\/wp\/v2\/tags?post=2512"}],"curies":[{"name":"wp","href":"https:\/\/api.w.org\/{rel}","templated":true}]}}