{"id":2632,"date":"2024-08-29T13:06:14","date_gmt":"2024-08-29T13:06:14","guid":{"rendered":"https:\/\/noorbe.com\/?p=2632"},"modified":"2025-11-06T17:38:12","modified_gmt":"2025-11-06T17:38:12","slug":"integrando-aspectos-essenciais-da-vida","status":"publish","type":"post","link":"https:\/\/noorbe.com.br\/index.php\/2024\/08\/29\/integrando-aspectos-essenciais-da-vida\/","title":{"rendered":"Integrando aspectos essenciais da vida"},"content":{"rendered":"\t\t<div data-elementor-type=\"wp-post\" data-elementor-id=\"2632\" class=\"elementor elementor-2632\" data-elementor-post-type=\"post\">\n\t\t\t\t<div class=\"elementor-element elementor-element-2e20fa5 e-flex e-con-boxed e-con e-parent\" data-id=\"2e20fa5\" data-element_type=\"container\" data-e-type=\"container\">\n\t\t\t\t\t<div class=\"e-con-inner\">\n\t\t\t\t<div class=\"elementor-element elementor-element-da11fef elementor-widget elementor-widget-image\" data-id=\"da11fef\" data-element_type=\"widget\" data-e-type=\"widget\" data-widget_type=\"image.default\">\n\t\t\t\t<div class=\"elementor-widget-container\">\n\t\t\t\t\t\t\t\t\t\t\t\t\t\t\t<img fetchpriority=\"high\" decoding=\"async\" width=\"800\" height=\"534\" src=\"https:\/\/noorbe.com.br\/wp-content\/uploads\/2024\/08\/shutterstock_2467295269-1024x683.jpg\" class=\"attachment-large size-large wp-image-2633\" alt=\"Foto conceitual de equil\u00edbrio entre trabalho e vida pessoal, m\u00e3o tentando conectar 2 palavras, para equilibrar a vida.\" srcset=\"https:\/\/noorbe.com.br\/wp-content\/uploads\/2024\/08\/shutterstock_2467295269-1024x683.jpg 1024w, https:\/\/noorbe.com.br\/wp-content\/uploads\/2024\/08\/shutterstock_2467295269-300x200.jpg 300w, https:\/\/noorbe.com.br\/wp-content\/uploads\/2024\/08\/shutterstock_2467295269-768x512.jpg 768w, https:\/\/noorbe.com.br\/wp-content\/uploads\/2024\/08\/shutterstock_2467295269-1536x1024.jpg 1536w, https:\/\/noorbe.com.br\/wp-content\/uploads\/2024\/08\/shutterstock_2467295269-2048x1366.jpg 2048w\" sizes=\"(max-width: 800px) 100vw, 800px\" \/>\t\t\t\t\t\t\t\t\t\t\t\t\t\t\t<\/div>\n\t\t\t\t<\/div>\n\t\t\t\t<div class=\"elementor-element elementor-element-d01b051 elementor-widget elementor-widget-text-editor\" data-id=\"d01b051\" data-element_type=\"widget\" data-e-type=\"widget\" data-widget_type=\"text-editor.default\">\n\t\t\t\t<div class=\"elementor-widget-container\">\n\t\t\t\t\t\t\t\t\t<p>Hoje, quero falar sobre um tema fundamental para todos que buscam sucesso tanto pessoal quanto profissional: o equil\u00edbrio. Mais precisamente, como podemos unir elementos importantes da nossa vida ao trabalho e vice-versa, criando uma din\u00e2mica harmoniosa.<\/p><p>Frequentemente, pensamos que a vida pessoal e a profissional precisam ser mantidas separadas, como se fossem compartimentos isolados. No entanto, essa abordagem pode resultar em desgaste emocional, f\u00edsico e mental. Em vez disso, proponho uma nova vis\u00e3o: a integra\u00e7\u00e3o.<\/p><p>Integrar significa encontrar maneiras de harmonizar os diversos aspectos da nossa vida, identificando pontos de conex\u00e3o e trazendo elementos significativos de uma \u00e1rea para outra. Ao fazer isso, podemos alcan\u00e7ar maior produtividade, satisfa\u00e7\u00e3o pessoal e bem-estar geral.<\/p><p>Um estudo realizado por Clark et al. (2016) revelou que pessoas que conseguem integrar melhor os diferentes aspectos de sua vida relatam n\u00edveis mais altos de satisfa\u00e7\u00e3o, menos estresse e melhor sa\u00fade mental. Isso demonstra que a integra\u00e7\u00e3o n\u00e3o \u00e9 apenas uma quest\u00e3o de equil\u00edbrio, mas um elemento essencial para o nosso bem-estar.<\/p><p>No livro &#8220;A terceira medida do sucesso&#8221;, Arianna Huffington defende que o verdadeiro sucesso n\u00e3o se limita aos aspectos profissionais ou financeiros, mas tamb\u00e9m inclui sa\u00fade, relacionamentos e bem-estar emocional. Ela passou a refletir sobre a necessidade de repensar o conceito de sucesso depois de sofrer um colapso devido ao cansa\u00e7o e \u00e0 falta de sono.<\/p><p>Al\u00e9m disso, pesquisas em neuroci\u00eancia e epigen\u00e9tica indicam que nosso c\u00e9rebro \u00e9 altamente adapt\u00e1vel e pode ser moldado pelos nossos comportamentos e h\u00e1bitos. Isso significa que, ao criar uma conex\u00e3o eficaz entre vida pessoal e profissional, podemos treinar nosso c\u00e9rebro para funcionar de forma mais equilibrada e eficiente.<\/p><p>Estabelecer limites saud\u00e1veis, definir prioridades e criar momentos de transi\u00e7\u00e3o ajudam nosso c\u00e9rebro a alternar entre diferentes contextos sem prejudicar o desempenho.<\/p><p>Aqui est\u00e3o algumas sugest\u00f5es pr\u00e1ticas para come\u00e7ar a integrar aspectos de sua vida:<\/p><ol><li>Separe um tempo para desconectar do trabalho antes de voltar para casa e vice-versa. Momentos de transi\u00e7\u00e3o podem ser usados para atividades relaxantes, como medita\u00e7\u00e3o, exerc\u00edcios ou hobbies.<\/li><li>Converse com seu l\u00edder, colegas de trabalho e familiares sobre suas necessidades e estabele\u00e7a limites claros, garantindo tempo para aspectos importantes de sua vida.<\/li><li>Se voc\u00ea tiver flexibilidade no trabalho, use-a a seu favor para ajustar hor\u00e1rios que acomodem compromissos pessoais e promovam um equil\u00edbrio saud\u00e1vel.<\/li><li>Considere buscar apoio de um mentor especializado, que pode ajudar a tra\u00e7ar um plano de integra\u00e7\u00e3o personalizado.<\/li><\/ol><p>O segredo \u00e9 descobrir o que funciona melhor para voc\u00ea e ajustar conforme necess\u00e1rio.<\/p><p>Se quiser se aprofundar nesse tema e receber orienta\u00e7\u00f5es espec\u00edficas, entre em contato comigo. Estou dispon\u00edvel para ajud\u00e1-lo a encontrar um equil\u00edbrio saud\u00e1vel e alcan\u00e7ar seu potencial m\u00e1ximo.<\/p><p>\u00a0<\/p><p><strong>Saiba mais sobre como posso ajudar voc\u00ea!<\/strong><\/p><p><strong>Aline Gobbi<\/strong><\/p><p>Ajudo Executivos a constru\u00edrem sua marca no mercado de trabalho | +15 anos como l\u00edder de RH de grandes empresas nacionais e multinacionais, Executive Search, Psic\u00f3loga | +34k seguidores | 153 artigos publicados.<\/p><p><strong>Contatos<\/strong>:<\/p><p>\u2192 Siga-me no LinkedIn <span style=\"text-decoration: underline;\"><a target=\"_blank\" href=\"https:\/\/www.linkedin.com\/in\/alinegobbi\/\" rel=\"noopener\">https:\/\/www.linkedin.com\/in\/alinegobbi\/<\/a><\/span> e clique no \ud83d\udd14 no topo da minha p\u00e1gina de perfil para nunca perder uma postagem<\/p><p>\u2192 Siga-me no Instagram <span style=\"text-decoration: underline;\"><a target=\"_blank\" href=\"http:\/\/www.instagram.com\/fala.comorh\/\" rel=\"noopener\">www.instagram.com\/fala.comorh\/<\/a><\/span><\/p>\t\t\t\t\t\t\t\t<\/div>\n\t\t\t\t<\/div>\n\t\t\t\t\t<\/div>\n\t\t\t\t<\/div>\n\t\t\t\t<\/div>\n\t\t","protected":false},"excerpt":{"rendered":"<p>O equil\u00edbrio entre vida pessoal e profissional \u00e9 essencial para haver qualidade de vida e harmonia integrativa. Veja algumas sugest\u00f5es do que fazer para obt\u00ea-lo. <\/p>\n","protected":false},"author":1,"featured_media":2633,"comment_status":"open","ping_status":"open","sticky":false,"template":"","format":"standard","meta":{"footnotes":""},"categories":[53,39,43,52],"tags":[147],"class_list":["post-2632","post","type-post","status-publish","format-standard","has-post-thumbnail","hentry","category-aline-gobbi","category-business","category-carreiras","category-colunistas","tag-equilibrio-vida-vida-profissional-vida-pessoal-integracao-sucesso-trabalho-harmonia"],"yoast_head":"<!-- This site is optimized with the Yoast SEO plugin v26.2 - https:\/\/yoast.com\/wordpress\/plugins\/seo\/ -->\n<title>Integrando aspectos essenciais da vida - Noorbe<\/title>\n<meta name=\"description\" content=\"O equil\u00edbrio entre vida pessoal e profissional \u00e9 essencial para haver qualidade de vida e harmonia integrativa. Veja algumas sugest\u00f5es do que fazer para obt\u00ea-lo.\" \/>\n<meta name=\"robots\" content=\"index, follow, max-snippet:-1, max-image-preview:large, max-video-preview:-1\" \/>\n<link rel=\"canonical\" href=\"https:\/\/noorbe.com.br\/index.php\/2024\/08\/29\/integrando-aspectos-essenciais-da-vida\/\" \/>\n<meta property=\"og:locale\" content=\"pt_BR\" \/>\n<meta property=\"og:type\" content=\"article\" \/>\n<meta property=\"og:title\" content=\"Integrando aspectos essenciais da vida - Noorbe\" \/>\n<meta property=\"og:description\" content=\"O equil\u00edbrio entre vida pessoal e profissional \u00e9 essencial para haver qualidade de vida e harmonia integrativa. Veja algumas sugest\u00f5es do que fazer para obt\u00ea-lo.\" \/>\n<meta property=\"og:url\" content=\"https:\/\/noorbe.com.br\/index.php\/2024\/08\/29\/integrando-aspectos-essenciais-da-vida\/\" \/>\n<meta property=\"og:site_name\" content=\"Noorbe\" \/>\n<meta property=\"article:published_time\" content=\"2024-08-29T13:06:14+00:00\" \/>\n<meta property=\"article:modified_time\" content=\"2025-11-06T17:38:12+00:00\" \/>\n<meta property=\"og:image\" content=\"https:\/\/noorbe.com.br\/wp-content\/uploads\/2024\/08\/shutterstock_2467295269-scaled.jpg\" \/>\n\t<meta property=\"og:image:width\" content=\"2560\" \/>\n\t<meta property=\"og:image:height\" content=\"1707\" \/>\n\t<meta property=\"og:image:type\" content=\"image\/jpeg\" \/>\n<meta name=\"author\" content=\"reda\u00e7\u00e3o\" \/>\n<meta name=\"twitter:card\" content=\"summary_large_image\" \/>\n<meta name=\"twitter:label1\" content=\"Escrito por\" \/>\n\t<meta name=\"twitter:data1\" content=\"reda\u00e7\u00e3o\" \/>\n\t<meta name=\"twitter:label2\" content=\"Est. tempo de leitura\" \/>\n\t<meta name=\"twitter:data2\" content=\"3 minutos\" \/>\n<script type=\"application\/ld+json\" class=\"yoast-schema-graph\">{\"@context\":\"https:\/\/schema.org\",\"@graph\":[{\"@type\":\"Article\",\"@id\":\"https:\/\/noorbe.com.br\/index.php\/2024\/08\/29\/integrando-aspectos-essenciais-da-vida\/#article\",\"isPartOf\":{\"@id\":\"https:\/\/noorbe.com.br\/index.php\/2024\/08\/29\/integrando-aspectos-essenciais-da-vida\/\"},\"author\":{\"name\":\"reda\u00e7\u00e3o\",\"@id\":\"https:\/\/noorbe.com.br\/#\/schema\/person\/91c15812f01705e694e85f3d97ca918b\"},\"headline\":\"Integrando aspectos essenciais da vida\",\"datePublished\":\"2024-08-29T13:06:14+00:00\",\"dateModified\":\"2025-11-06T17:38:12+00:00\",\"mainEntityOfPage\":{\"@id\":\"https:\/\/noorbe.com.br\/index.php\/2024\/08\/29\/integrando-aspectos-essenciais-da-vida\/\"},\"wordCount\":564,\"commentCount\":0,\"publisher\":{\"@id\":\"https:\/\/noorbe.com.br\/#organization\"},\"image\":{\"@id\":\"https:\/\/noorbe.com.br\/index.php\/2024\/08\/29\/integrando-aspectos-essenciais-da-vida\/#primaryimage\"},\"thumbnailUrl\":\"https:\/\/noorbe.com.br\/wp-content\/uploads\/2024\/08\/shutterstock_2467295269-scaled.jpg\",\"keywords\":[\"Equil\u00edbrio; Vida; Vida Profissional; Vida Pessoal; Integra\u00e7\u00e3o; Sucesso; Trabalho; Harmonia\"],\"articleSection\":[\"Aline Gobbi\",\"Business\",\"Carreiras\",\"Colunistas\"],\"inLanguage\":\"pt-BR\",\"potentialAction\":[{\"@type\":\"CommentAction\",\"name\":\"Comment\",\"target\":[\"https:\/\/noorbe.com.br\/index.php\/2024\/08\/29\/integrando-aspectos-essenciais-da-vida\/#respond\"]}]},{\"@type\":\"WebPage\",\"@id\":\"https:\/\/noorbe.com.br\/index.php\/2024\/08\/29\/integrando-aspectos-essenciais-da-vida\/\",\"url\":\"https:\/\/noorbe.com.br\/index.php\/2024\/08\/29\/integrando-aspectos-essenciais-da-vida\/\",\"name\":\"Integrando aspectos essenciais da vida - Noorbe\",\"isPartOf\":{\"@id\":\"https:\/\/noorbe.com.br\/#website\"},\"primaryImageOfPage\":{\"@id\":\"https:\/\/noorbe.com.br\/index.php\/2024\/08\/29\/integrando-aspectos-essenciais-da-vida\/#primaryimage\"},\"image\":{\"@id\":\"https:\/\/noorbe.com.br\/index.php\/2024\/08\/29\/integrando-aspectos-essenciais-da-vida\/#primaryimage\"},\"thumbnailUrl\":\"https:\/\/noorbe.com.br\/wp-content\/uploads\/2024\/08\/shutterstock_2467295269-scaled.jpg\",\"datePublished\":\"2024-08-29T13:06:14+00:00\",\"dateModified\":\"2025-11-06T17:38:12+00:00\",\"description\":\"O equil\u00edbrio entre vida pessoal e profissional \u00e9 essencial para haver qualidade de vida e harmonia integrativa. Veja algumas sugest\u00f5es do que fazer para obt\u00ea-lo.\",\"breadcrumb\":{\"@id\":\"https:\/\/noorbe.com.br\/index.php\/2024\/08\/29\/integrando-aspectos-essenciais-da-vida\/#breadcrumb\"},\"inLanguage\":\"pt-BR\",\"potentialAction\":[{\"@type\":\"ReadAction\",\"target\":[\"https:\/\/noorbe.com.br\/index.php\/2024\/08\/29\/integrando-aspectos-essenciais-da-vida\/\"]}]},{\"@type\":\"ImageObject\",\"inLanguage\":\"pt-BR\",\"@id\":\"https:\/\/noorbe.com.br\/index.php\/2024\/08\/29\/integrando-aspectos-essenciais-da-vida\/#primaryimage\",\"url\":\"https:\/\/noorbe.com.br\/wp-content\/uploads\/2024\/08\/shutterstock_2467295269-scaled.jpg\",\"contentUrl\":\"https:\/\/noorbe.com.br\/wp-content\/uploads\/2024\/08\/shutterstock_2467295269-scaled.jpg\",\"width\":2560,\"height\":1707,\"caption\":\"Foto conceitual de equil\u00edbrio entre trabalho e vida pessoal, m\u00e3o tentando conectar 2 palavras, para equilibrar a vida.\"},{\"@type\":\"BreadcrumbList\",\"@id\":\"https:\/\/noorbe.com.br\/index.php\/2024\/08\/29\/integrando-aspectos-essenciais-da-vida\/#breadcrumb\",\"itemListElement\":[{\"@type\":\"ListItem\",\"position\":1,\"name\":\"In\u00edcio\",\"item\":\"https:\/\/noorbe.com.br\/\"},{\"@type\":\"ListItem\",\"position\":2,\"name\":\"Integrando aspectos essenciais da vida\"}]},{\"@type\":\"WebSite\",\"@id\":\"https:\/\/noorbe.com.br\/#website\",\"url\":\"https:\/\/noorbe.com.br\/\",\"name\":\"Noorbe\",\"description\":\"\",\"publisher\":{\"@id\":\"https:\/\/noorbe.com.br\/#organization\"},\"potentialAction\":[{\"@type\":\"SearchAction\",\"target\":{\"@type\":\"EntryPoint\",\"urlTemplate\":\"https:\/\/noorbe.com.br\/?s={search_term_string}\"},\"query-input\":{\"@type\":\"PropertyValueSpecification\",\"valueRequired\":true,\"valueName\":\"search_term_string\"}}],\"inLanguage\":\"pt-BR\"},{\"@type\":\"Organization\",\"@id\":\"https:\/\/noorbe.com.br\/#organization\",\"name\":\"Noorbe\",\"url\":\"https:\/\/noorbe.com.br\/\",\"logo\":{\"@type\":\"ImageObject\",\"inLanguage\":\"pt-BR\",\"@id\":\"https:\/\/noorbe.com.br\/#\/schema\/logo\/image\/\",\"url\":\"https:\/\/noorbe.com.br\/wp-content\/uploads\/2024\/05\/noorbe.jpg\",\"contentUrl\":\"https:\/\/noorbe.com.br\/wp-content\/uploads\/2024\/05\/noorbe.jpg\",\"width\":300,\"height\":53,\"caption\":\"Noorbe\"},\"image\":{\"@id\":\"https:\/\/noorbe.com.br\/#\/schema\/logo\/image\/\"}},{\"@type\":\"Person\",\"@id\":\"https:\/\/noorbe.com.br\/#\/schema\/person\/91c15812f01705e694e85f3d97ca918b\",\"name\":\"reda\u00e7\u00e3o\",\"image\":{\"@type\":\"ImageObject\",\"inLanguage\":\"pt-BR\",\"@id\":\"https:\/\/noorbe.com.br\/#\/schema\/person\/image\/\",\"url\":\"https:\/\/secure.gravatar.com\/avatar\/8127b64fc9b7ae806aaaf0ceb8dc77bbe9560462241d5264f19dd5635e941324?s=96&d=mm&r=g\",\"contentUrl\":\"https:\/\/secure.gravatar.com\/avatar\/8127b64fc9b7ae806aaaf0ceb8dc77bbe9560462241d5264f19dd5635e941324?s=96&d=mm&r=g\",\"caption\":\"reda\u00e7\u00e3o\"},\"sameAs\":[\"https:\/\/noorbe.com.br\"],\"url\":\"https:\/\/noorbe.com.br\/index.php\/author\/noorbeamz\/\"}]}<\/script>\n<!-- \/ Yoast SEO plugin. -->","yoast_head_json":{"title":"Integrando aspectos essenciais da vida - Noorbe","description":"O equil\u00edbrio entre vida pessoal e profissional \u00e9 essencial para haver qualidade de vida e harmonia integrativa. Veja algumas sugest\u00f5es do que fazer para obt\u00ea-lo.","robots":{"index":"index","follow":"follow","max-snippet":"max-snippet:-1","max-image-preview":"max-image-preview:large","max-video-preview":"max-video-preview:-1"},"canonical":"https:\/\/noorbe.com.br\/index.php\/2024\/08\/29\/integrando-aspectos-essenciais-da-vida\/","og_locale":"pt_BR","og_type":"article","og_title":"Integrando aspectos essenciais da vida - Noorbe","og_description":"O equil\u00edbrio entre vida pessoal e profissional \u00e9 essencial para haver qualidade de vida e harmonia integrativa. Veja algumas sugest\u00f5es do que fazer para obt\u00ea-lo.","og_url":"https:\/\/noorbe.com.br\/index.php\/2024\/08\/29\/integrando-aspectos-essenciais-da-vida\/","og_site_name":"Noorbe","article_published_time":"2024-08-29T13:06:14+00:00","article_modified_time":"2025-11-06T17:38:12+00:00","og_image":[{"width":2560,"height":1707,"url":"https:\/\/noorbe.com.br\/wp-content\/uploads\/2024\/08\/shutterstock_2467295269-scaled.jpg","type":"image\/jpeg"}],"author":"reda\u00e7\u00e3o","twitter_card":"summary_large_image","twitter_misc":{"Escrito por":"reda\u00e7\u00e3o","Est. tempo de leitura":"3 minutos"},"schema":{"@context":"https:\/\/schema.org","@graph":[{"@type":"Article","@id":"https:\/\/noorbe.com.br\/index.php\/2024\/08\/29\/integrando-aspectos-essenciais-da-vida\/#article","isPartOf":{"@id":"https:\/\/noorbe.com.br\/index.php\/2024\/08\/29\/integrando-aspectos-essenciais-da-vida\/"},"author":{"name":"reda\u00e7\u00e3o","@id":"https:\/\/noorbe.com.br\/#\/schema\/person\/91c15812f01705e694e85f3d97ca918b"},"headline":"Integrando aspectos essenciais da vida","datePublished":"2024-08-29T13:06:14+00:00","dateModified":"2025-11-06T17:38:12+00:00","mainEntityOfPage":{"@id":"https:\/\/noorbe.com.br\/index.php\/2024\/08\/29\/integrando-aspectos-essenciais-da-vida\/"},"wordCount":564,"commentCount":0,"publisher":{"@id":"https:\/\/noorbe.com.br\/#organization"},"image":{"@id":"https:\/\/noorbe.com.br\/index.php\/2024\/08\/29\/integrando-aspectos-essenciais-da-vida\/#primaryimage"},"thumbnailUrl":"https:\/\/noorbe.com.br\/wp-content\/uploads\/2024\/08\/shutterstock_2467295269-scaled.jpg","keywords":["Equil\u00edbrio; Vida; Vida Profissional; Vida Pessoal; Integra\u00e7\u00e3o; Sucesso; Trabalho; Harmonia"],"articleSection":["Aline Gobbi","Business","Carreiras","Colunistas"],"inLanguage":"pt-BR","potentialAction":[{"@type":"CommentAction","name":"Comment","target":["https:\/\/noorbe.com.br\/index.php\/2024\/08\/29\/integrando-aspectos-essenciais-da-vida\/#respond"]}]},{"@type":"WebPage","@id":"https:\/\/noorbe.com.br\/index.php\/2024\/08\/29\/integrando-aspectos-essenciais-da-vida\/","url":"https:\/\/noorbe.com.br\/index.php\/2024\/08\/29\/integrando-aspectos-essenciais-da-vida\/","name":"Integrando aspectos essenciais da vida - Noorbe","isPartOf":{"@id":"https:\/\/noorbe.com.br\/#website"},"primaryImageOfPage":{"@id":"https:\/\/noorbe.com.br\/index.php\/2024\/08\/29\/integrando-aspectos-essenciais-da-vida\/#primaryimage"},"image":{"@id":"https:\/\/noorbe.com.br\/index.php\/2024\/08\/29\/integrando-aspectos-essenciais-da-vida\/#primaryimage"},"thumbnailUrl":"https:\/\/noorbe.com.br\/wp-content\/uploads\/2024\/08\/shutterstock_2467295269-scaled.jpg","datePublished":"2024-08-29T13:06:14+00:00","dateModified":"2025-11-06T17:38:12+00:00","description":"O equil\u00edbrio entre vida pessoal e profissional \u00e9 essencial para haver qualidade de vida e harmonia integrativa. Veja algumas sugest\u00f5es do que fazer para obt\u00ea-lo.","breadcrumb":{"@id":"https:\/\/noorbe.com.br\/index.php\/2024\/08\/29\/integrando-aspectos-essenciais-da-vida\/#breadcrumb"},"inLanguage":"pt-BR","potentialAction":[{"@type":"ReadAction","target":["https:\/\/noorbe.com.br\/index.php\/2024\/08\/29\/integrando-aspectos-essenciais-da-vida\/"]}]},{"@type":"ImageObject","inLanguage":"pt-BR","@id":"https:\/\/noorbe.com.br\/index.php\/2024\/08\/29\/integrando-aspectos-essenciais-da-vida\/#primaryimage","url":"https:\/\/noorbe.com.br\/wp-content\/uploads\/2024\/08\/shutterstock_2467295269-scaled.jpg","contentUrl":"https:\/\/noorbe.com.br\/wp-content\/uploads\/2024\/08\/shutterstock_2467295269-scaled.jpg","width":2560,"height":1707,"caption":"Foto conceitual de equil\u00edbrio entre trabalho e vida pessoal, m\u00e3o tentando conectar 2 palavras, para equilibrar a vida."},{"@type":"BreadcrumbList","@id":"https:\/\/noorbe.com.br\/index.php\/2024\/08\/29\/integrando-aspectos-essenciais-da-vida\/#breadcrumb","itemListElement":[{"@type":"ListItem","position":1,"name":"In\u00edcio","item":"https:\/\/noorbe.com.br\/"},{"@type":"ListItem","position":2,"name":"Integrando aspectos essenciais da vida"}]},{"@type":"WebSite","@id":"https:\/\/noorbe.com.br\/#website","url":"https:\/\/noorbe.com.br\/","name":"Noorbe","description":"","publisher":{"@id":"https:\/\/noorbe.com.br\/#organization"},"potentialAction":[{"@type":"SearchAction","target":{"@type":"EntryPoint","urlTemplate":"https:\/\/noorbe.com.br\/?s={search_term_string}"},"query-input":{"@type":"PropertyValueSpecification","valueRequired":true,"valueName":"search_term_string"}}],"inLanguage":"pt-BR"},{"@type":"Organization","@id":"https:\/\/noorbe.com.br\/#organization","name":"Noorbe","url":"https:\/\/noorbe.com.br\/","logo":{"@type":"ImageObject","inLanguage":"pt-BR","@id":"https:\/\/noorbe.com.br\/#\/schema\/logo\/image\/","url":"https:\/\/noorbe.com.br\/wp-content\/uploads\/2024\/05\/noorbe.jpg","contentUrl":"https:\/\/noorbe.com.br\/wp-content\/uploads\/2024\/05\/noorbe.jpg","width":300,"height":53,"caption":"Noorbe"},"image":{"@id":"https:\/\/noorbe.com.br\/#\/schema\/logo\/image\/"}},{"@type":"Person","@id":"https:\/\/noorbe.com.br\/#\/schema\/person\/91c15812f01705e694e85f3d97ca918b","name":"reda\u00e7\u00e3o","image":{"@type":"ImageObject","inLanguage":"pt-BR","@id":"https:\/\/noorbe.com.br\/#\/schema\/person\/image\/","url":"https:\/\/secure.gravatar.com\/avatar\/8127b64fc9b7ae806aaaf0ceb8dc77bbe9560462241d5264f19dd5635e941324?s=96&d=mm&r=g","contentUrl":"https:\/\/secure.gravatar.com\/avatar\/8127b64fc9b7ae806aaaf0ceb8dc77bbe9560462241d5264f19dd5635e941324?s=96&d=mm&r=g","caption":"reda\u00e7\u00e3o"},"sameAs":["https:\/\/noorbe.com.br"],"url":"https:\/\/noorbe.com.br\/index.php\/author\/noorbeamz\/"}]}},"views":340,"_links":{"self":[{"href":"https:\/\/noorbe.com.br\/index.php\/wp-json\/wp\/v2\/posts\/2632","targetHints":{"allow":["GET"]}}],"collection":[{"href":"https:\/\/noorbe.com.br\/index.php\/wp-json\/wp\/v2\/posts"}],"about":[{"href":"https:\/\/noorbe.com.br\/index.php\/wp-json\/wp\/v2\/types\/post"}],"author":[{"embeddable":true,"href":"https:\/\/noorbe.com.br\/index.php\/wp-json\/wp\/v2\/users\/1"}],"replies":[{"embeddable":true,"href":"https:\/\/noorbe.com.br\/index.php\/wp-json\/wp\/v2\/comments?post=2632"}],"version-history":[{"count":10,"href":"https:\/\/noorbe.com.br\/index.php\/wp-json\/wp\/v2\/posts\/2632\/revisions"}],"predecessor-version":[{"id":4722,"href":"https:\/\/noorbe.com.br\/index.php\/wp-json\/wp\/v2\/posts\/2632\/revisions\/4722"}],"wp:featuredmedia":[{"embeddable":true,"href":"https:\/\/noorbe.com.br\/index.php\/wp-json\/wp\/v2\/media\/2633"}],"wp:attachment":[{"href":"https:\/\/noorbe.com.br\/index.php\/wp-json\/wp\/v2\/media?parent=2632"}],"wp:term":[{"taxonomy":"category","embeddable":true,"href":"https:\/\/noorbe.com.br\/index.php\/wp-json\/wp\/v2\/categories?post=2632"},{"taxonomy":"post_tag","embeddable":true,"href":"https:\/\/noorbe.com.br\/index.php\/wp-json\/wp\/v2\/tags?post=2632"}],"curies":[{"name":"wp","href":"https:\/\/api.w.org\/{rel}","templated":true}]}}