{"id":2935,"date":"2024-10-16T18:44:53","date_gmt":"2024-10-16T18:44:53","guid":{"rendered":"https:\/\/noorbe.com\/?p=2935"},"modified":"2025-11-06T17:18:44","modified_gmt":"2025-11-06T17:18:44","slug":"empreender-aos-15-anos","status":"publish","type":"post","link":"https:\/\/noorbe.com.br\/index.php\/2024\/10\/16\/empreender-aos-15-anos\/","title":{"rendered":"Comecei a empreender aos 15 anos e vale a pena conhecer essa hist\u00f3ria!"},"content":{"rendered":"\t\t<div data-elementor-type=\"wp-post\" data-elementor-id=\"2935\" class=\"elementor elementor-2935\" data-elementor-post-type=\"post\">\n\t\t\t\t<div class=\"elementor-element elementor-element-917483a e-flex e-con-boxed e-con e-parent\" data-id=\"917483a\" data-element_type=\"container\" data-e-type=\"container\">\n\t\t\t\t\t<div class=\"e-con-inner\">\n\t\t\t\t<div class=\"elementor-element elementor-element-8fe9762 elementor-widget elementor-widget-image\" data-id=\"8fe9762\" data-element_type=\"widget\" data-e-type=\"widget\" data-widget_type=\"image.default\">\n\t\t\t\t<div class=\"elementor-widget-container\">\n\t\t\t\t\t\t\t\t\t\t\t\t\t\t\t<img fetchpriority=\"high\" decoding=\"async\" width=\"800\" height=\"800\" src=\"https:\/\/noorbe.com.br\/wp-content\/uploads\/2024\/10\/shutterstock_2401239207.jpg\" class=\"attachment-large size-large wp-image-2936\" alt=\"Dj de costas com sua pickup a frente, oservando pessoas dan\u00e7ando na pista\" srcset=\"https:\/\/noorbe.com.br\/wp-content\/uploads\/2024\/10\/shutterstock_2401239207.jpg 1000w, https:\/\/noorbe.com.br\/wp-content\/uploads\/2024\/10\/shutterstock_2401239207-300x300.jpg 300w, https:\/\/noorbe.com.br\/wp-content\/uploads\/2024\/10\/shutterstock_2401239207-150x150.jpg 150w, https:\/\/noorbe.com.br\/wp-content\/uploads\/2024\/10\/shutterstock_2401239207-768x768.jpg 768w\" sizes=\"(max-width: 800px) 100vw, 800px\" \/>\t\t\t\t\t\t\t\t\t\t\t\t\t\t\t<\/div>\n\t\t\t\t<\/div>\n\t\t\t\t<div class=\"elementor-element elementor-element-9497912 elementor-widget elementor-widget-text-editor\" data-id=\"9497912\" data-element_type=\"widget\" data-e-type=\"widget\" data-widget_type=\"text-editor.default\">\n\t\t\t\t<div class=\"elementor-widget-container\">\n\t\t\t\t\t\t\t\t\t<p>O caminho para o empreendedorismo pode come\u00e7ar de forma inesperada, como foi o meu caso. Aos 15 anos, eu j\u00e1 estava empreendendo, mas a jornada n\u00e3o come\u00e7ou da forma que muitos imaginam. Vou compartilhar como a minha paix\u00e3o pela m\u00fasica me levou a uma carreira que n\u00e3o s\u00f3 me rendeu uma renda significativa na adolesc\u00eancia, mas tamb\u00e9m me ensinou valiosas li\u00e7\u00f5es sobre neg\u00f3cios .<\/p><p><strong>O Primeiro Passo: Promotor de balada <\/strong><\/p><p>A hist\u00f3ria come\u00e7ou quando eu tinha apenas 14 anos. Eu era promotor da L\u00famen, em Osasco, um emprego que, na verdade, era quase volunt\u00e1rio, mas que me dava a liberdade de entrar de gra\u00e7a na balada. Sempre fui apaixonado por m\u00fasica e gostava muito de dan\u00e7ar, e foi no meio desse ambiente vibrante que descobri a profiss\u00e3o de DJ.<\/p><p>Foi uma revela\u00e7\u00e3o. N\u00e3o apenas eu poderia desfrutar mais da m\u00fasica, mas tamb\u00e9m transform\u00e1-la em uma fonte de renda.<\/p><p><strong>Formando uma Parceria<\/strong><\/p><p>Decidi me juntar a dois amigos, o Andr\u00e9 e o Diego, que j\u00e1 eram DJs, e estavam no mercado muito jovens. Eles cobravam R$ 112,00 por festa, o valor do sal\u00e1rio-m\u00ednimo na \u00e9poca. Eu, como um curioso e entusiasta, levei meu Discman e comecei a receber R$ 10,00 por festa. Lembro muito bem do meu primeiro pagamento. Mal sabia eu que esses R$ 10,00 seriam meu ponto de partida.<\/p><p>Ap\u00f3s realizar quatro festas com eles, consegui juntar R$ 40,00 e comprei meu segundo equipamento: um Strobo, aquela luz que enche o ambiente de energia. Com isso, percebi que cada novo equipamento n\u00e3o apenas melhorava a qualidade das festas, mas tamb\u00e9m me dava mais voz e participa\u00e7\u00e3o financeira na sociedade que formamos.<\/p><p><strong>Empreendedor ao 15 anos <\/strong><\/p><p>Ao longo do tempo, equipar meu set de DJ se tornou uma prioridade. Adquiri uma pot\u00eancia mais forte para as caixas,\u00a0 um Mixer top de linha usado e, em seguida, dois tocas CDs da Gemini. Cada novo item melhorava n\u00e3o s\u00f3 as festas, mas tamb\u00e9m os meus ganhos. Foi a\u00ed que eu propus refazer nossa proposta de sociedade, j\u00e1 que eu havia investido e melhorado a qualidade do que oferec\u00edamos.<\/p><p>Aos 15 anos ent\u00e3o, comecei a minha empresa de som e ilumina\u00e7\u00e3o para anivers\u00e1rios, debutantes, festas de final de ano de escolas e empresas, utilizando as caixas de som e ilumina\u00e7\u00e3o emprestadas dos meus parceiros que eu ainda n\u00e3o tinha, e emprestando para eles os meus. Com isso, passei a receber o cach\u00ea integral de R$ 120,00 \u2013 o sal\u00e1rio-m\u00ednimo da \u00e9poca trabalhando de 4 a 6 horas aos s\u00e1bados. Dois s\u00e1bados do m\u00eas me possibilitava faturar mais de R$ 3.200,00 nos dias de hoje, com apenas 15 anos.<\/p><p><strong>Desafios e Aprendizados<\/strong><\/p><p>Contudo, todo bom neg\u00f3cio enfrenta desafios. A sociedade de compartilhamento de equipamentos durou at\u00e9 o dia em que as duas equipes tiveram festas marcadas para o mesmo dia. Por um tempo eu peguei caixas emprestadas com outra turma, mas logo passei o equipamento para o meu irm\u00e3o mais novo e segui para novos rumos.\u00a0<\/p><p><strong>Mudan\u00e7a de Rumo e nova profiss\u00e3o<\/strong><\/p><p>Esse ciclo de festas e DJ perdurou at\u00e9 eu completar 17 anos. Nesse ponto, decidi que era hora de expandir ainda mais meus horizontes e entrei na faculdade de Direito. A m\u00fasica e o empreendedorismo nunca deixaram de fazer parte de minha vida, mas essa nova fase me trouxe uma outra paix\u00e3o: o Xote de Colo, uma Banda de Forr\u00f3 universit\u00e1rio. Mas isso vou deixar para a pr\u00f3xima hist\u00f3ria.<\/p><p><strong>Conclus\u00e3o<\/strong><\/p><p>Minha trajet\u00f3ria como empreendedor come\u00e7ou com uma simples paix\u00e3o pela m\u00fasica e uma oportunidade de conhecer pessoas certas que j\u00e1 estavam na profiss\u00e3o desde Jovens. O que aprendi nesse caminho foi inestim\u00e1vel, e espero que minha hist\u00f3ria inspire outros jovens a buscar suas pr\u00f3prias oportunidades e a transformar suas paix\u00f5es em carreiras desde cedo. O empreendedorismo \u00e9 uma jornada cheia de desafios, mas a recompensa \u00e9 imensa.<\/p>\t\t\t\t\t\t\t\t<\/div>\n\t\t\t\t<\/div>\n\t\t\t\t\t<\/div>\n\t\t\t\t<\/div>\n\t\t\t\t<\/div>\n\t\t","protected":false},"excerpt":{"rendered":"<p>Era um jovem de 15 anos,  faturando 2 sal\u00e1rios-m\u00ednimos, trabalhando apenas 2 s\u00e1bados por m\u00eas.<\/p>\n","protected":false},"author":1,"featured_media":2936,"comment_status":"open","ping_status":"open","sticky":false,"template":"","format":"standard","meta":{"footnotes":""},"categories":[54,39,43,52,62],"tags":[190],"class_list":["post-2935","post","type-post","status-publish","format-standard","has-post-thumbnail","hentry","category-bruno-carvalho","category-business","category-carreiras","category-colunistas","category-imperdivel-da-semana","tag-empreendedorismo-foco-sucesso-determinacao"],"yoast_head":"<!-- This site is optimized with the Yoast SEO plugin v26.2 - https:\/\/yoast.com\/wordpress\/plugins\/seo\/ -->\n<title>Comecei a empreender aos 15 anos e vale a pena conhecer essa hist\u00f3ria! - Noorbe<\/title>\n<meta name=\"description\" content=\"Era um jovem de 15 anos, faturando 2 sal\u00e1rios-m\u00ednimos, trabalhando apenas 2 s\u00e1bados por m\u00eas.\" \/>\n<meta name=\"robots\" content=\"index, follow, max-snippet:-1, max-image-preview:large, max-video-preview:-1\" \/>\n<link rel=\"canonical\" href=\"https:\/\/noorbe.com.br\/index.php\/2024\/10\/16\/empreender-aos-15-anos\/\" \/>\n<meta property=\"og:locale\" content=\"pt_BR\" \/>\n<meta property=\"og:type\" content=\"article\" \/>\n<meta property=\"og:title\" content=\"Comecei a empreender aos 15 anos e vale a pena conhecer essa hist\u00f3ria! - Noorbe\" \/>\n<meta property=\"og:description\" content=\"Era um jovem de 15 anos, faturando 2 sal\u00e1rios-m\u00ednimos, trabalhando apenas 2 s\u00e1bados por m\u00eas.\" \/>\n<meta property=\"og:url\" content=\"https:\/\/noorbe.com.br\/index.php\/2024\/10\/16\/empreender-aos-15-anos\/\" \/>\n<meta property=\"og:site_name\" content=\"Noorbe\" \/>\n<meta property=\"article:published_time\" content=\"2024-10-16T18:44:53+00:00\" \/>\n<meta property=\"article:modified_time\" content=\"2025-11-06T17:18:44+00:00\" \/>\n<meta property=\"og:image\" content=\"https:\/\/noorbe.com.br\/wp-content\/uploads\/2024\/10\/shutterstock_2401239207.jpg\" \/>\n\t<meta property=\"og:image:width\" content=\"1000\" \/>\n\t<meta property=\"og:image:height\" content=\"1000\" \/>\n\t<meta property=\"og:image:type\" content=\"image\/jpeg\" \/>\n<meta name=\"author\" content=\"reda\u00e7\u00e3o\" \/>\n<meta name=\"twitter:card\" content=\"summary_large_image\" \/>\n<meta name=\"twitter:label1\" content=\"Escrito por\" \/>\n\t<meta name=\"twitter:data1\" content=\"reda\u00e7\u00e3o\" \/>\n\t<meta name=\"twitter:label2\" content=\"Est. tempo de leitura\" \/>\n\t<meta name=\"twitter:data2\" content=\"4 minutos\" \/>\n<script type=\"application\/ld+json\" class=\"yoast-schema-graph\">{\"@context\":\"https:\/\/schema.org\",\"@graph\":[{\"@type\":\"Article\",\"@id\":\"https:\/\/noorbe.com.br\/index.php\/2024\/10\/16\/empreender-aos-15-anos\/#article\",\"isPartOf\":{\"@id\":\"https:\/\/noorbe.com.br\/index.php\/2024\/10\/16\/empreender-aos-15-anos\/\"},\"author\":{\"name\":\"reda\u00e7\u00e3o\",\"@id\":\"https:\/\/noorbe.com.br\/#\/schema\/person\/91c15812f01705e694e85f3d97ca918b\"},\"headline\":\"Comecei a empreender aos 15 anos e vale a pena conhecer essa hist\u00f3ria!\",\"datePublished\":\"2024-10-16T18:44:53+00:00\",\"dateModified\":\"2025-11-06T17:18:44+00:00\",\"mainEntityOfPage\":{\"@id\":\"https:\/\/noorbe.com.br\/index.php\/2024\/10\/16\/empreender-aos-15-anos\/\"},\"wordCount\":692,\"commentCount\":0,\"publisher\":{\"@id\":\"https:\/\/noorbe.com.br\/#organization\"},\"image\":{\"@id\":\"https:\/\/noorbe.com.br\/index.php\/2024\/10\/16\/empreender-aos-15-anos\/#primaryimage\"},\"thumbnailUrl\":\"https:\/\/noorbe.com.br\/wp-content\/uploads\/2024\/10\/shutterstock_2401239207.jpg\",\"keywords\":[\"Empreendedorismo ; Foco; Sucesso; Determina\u00e7\u00e3o;\"],\"articleSection\":[\"Bruno Carvalho\",\"Business\",\"Carreiras\",\"Colunistas\",\"Imperdivel da semana\"],\"inLanguage\":\"pt-BR\",\"potentialAction\":[{\"@type\":\"CommentAction\",\"name\":\"Comment\",\"target\":[\"https:\/\/noorbe.com.br\/index.php\/2024\/10\/16\/empreender-aos-15-anos\/#respond\"]}]},{\"@type\":\"WebPage\",\"@id\":\"https:\/\/noorbe.com.br\/index.php\/2024\/10\/16\/empreender-aos-15-anos\/\",\"url\":\"https:\/\/noorbe.com.br\/index.php\/2024\/10\/16\/empreender-aos-15-anos\/\",\"name\":\"Comecei a empreender aos 15 anos e vale a pena conhecer essa hist\u00f3ria! - Noorbe\",\"isPartOf\":{\"@id\":\"https:\/\/noorbe.com.br\/#website\"},\"primaryImageOfPage\":{\"@id\":\"https:\/\/noorbe.com.br\/index.php\/2024\/10\/16\/empreender-aos-15-anos\/#primaryimage\"},\"image\":{\"@id\":\"https:\/\/noorbe.com.br\/index.php\/2024\/10\/16\/empreender-aos-15-anos\/#primaryimage\"},\"thumbnailUrl\":\"https:\/\/noorbe.com.br\/wp-content\/uploads\/2024\/10\/shutterstock_2401239207.jpg\",\"datePublished\":\"2024-10-16T18:44:53+00:00\",\"dateModified\":\"2025-11-06T17:18:44+00:00\",\"description\":\"Era um jovem de 15 anos, faturando 2 sal\u00e1rios-m\u00ednimos, trabalhando apenas 2 s\u00e1bados por m\u00eas.\",\"breadcrumb\":{\"@id\":\"https:\/\/noorbe.com.br\/index.php\/2024\/10\/16\/empreender-aos-15-anos\/#breadcrumb\"},\"inLanguage\":\"pt-BR\",\"potentialAction\":[{\"@type\":\"ReadAction\",\"target\":[\"https:\/\/noorbe.com.br\/index.php\/2024\/10\/16\/empreender-aos-15-anos\/\"]}]},{\"@type\":\"ImageObject\",\"inLanguage\":\"pt-BR\",\"@id\":\"https:\/\/noorbe.com.br\/index.php\/2024\/10\/16\/empreender-aos-15-anos\/#primaryimage\",\"url\":\"https:\/\/noorbe.com.br\/wp-content\/uploads\/2024\/10\/shutterstock_2401239207.jpg\",\"contentUrl\":\"https:\/\/noorbe.com.br\/wp-content\/uploads\/2024\/10\/shutterstock_2401239207.jpg\",\"width\":1000,\"height\":1000,\"caption\":\"Dj de costas com sua pickup a frente, oservando pessoas dan\u00e7ando na pista\"},{\"@type\":\"BreadcrumbList\",\"@id\":\"https:\/\/noorbe.com.br\/index.php\/2024\/10\/16\/empreender-aos-15-anos\/#breadcrumb\",\"itemListElement\":[{\"@type\":\"ListItem\",\"position\":1,\"name\":\"In\u00edcio\",\"item\":\"https:\/\/noorbe.com.br\/\"},{\"@type\":\"ListItem\",\"position\":2,\"name\":\"Comecei a empreender aos 15 anos e vale a pena conhecer essa hist\u00f3ria!\"}]},{\"@type\":\"WebSite\",\"@id\":\"https:\/\/noorbe.com.br\/#website\",\"url\":\"https:\/\/noorbe.com.br\/\",\"name\":\"Noorbe\",\"description\":\"\",\"publisher\":{\"@id\":\"https:\/\/noorbe.com.br\/#organization\"},\"potentialAction\":[{\"@type\":\"SearchAction\",\"target\":{\"@type\":\"EntryPoint\",\"urlTemplate\":\"https:\/\/noorbe.com.br\/?s={search_term_string}\"},\"query-input\":{\"@type\":\"PropertyValueSpecification\",\"valueRequired\":true,\"valueName\":\"search_term_string\"}}],\"inLanguage\":\"pt-BR\"},{\"@type\":\"Organization\",\"@id\":\"https:\/\/noorbe.com.br\/#organization\",\"name\":\"Noorbe\",\"url\":\"https:\/\/noorbe.com.br\/\",\"logo\":{\"@type\":\"ImageObject\",\"inLanguage\":\"pt-BR\",\"@id\":\"https:\/\/noorbe.com.br\/#\/schema\/logo\/image\/\",\"url\":\"https:\/\/noorbe.com.br\/wp-content\/uploads\/2024\/05\/noorbe.jpg\",\"contentUrl\":\"https:\/\/noorbe.com.br\/wp-content\/uploads\/2024\/05\/noorbe.jpg\",\"width\":300,\"height\":53,\"caption\":\"Noorbe\"},\"image\":{\"@id\":\"https:\/\/noorbe.com.br\/#\/schema\/logo\/image\/\"}},{\"@type\":\"Person\",\"@id\":\"https:\/\/noorbe.com.br\/#\/schema\/person\/91c15812f01705e694e85f3d97ca918b\",\"name\":\"reda\u00e7\u00e3o\",\"image\":{\"@type\":\"ImageObject\",\"inLanguage\":\"pt-BR\",\"@id\":\"https:\/\/noorbe.com.br\/#\/schema\/person\/image\/\",\"url\":\"https:\/\/secure.gravatar.com\/avatar\/8127b64fc9b7ae806aaaf0ceb8dc77bbe9560462241d5264f19dd5635e941324?s=96&d=mm&r=g\",\"contentUrl\":\"https:\/\/secure.gravatar.com\/avatar\/8127b64fc9b7ae806aaaf0ceb8dc77bbe9560462241d5264f19dd5635e941324?s=96&d=mm&r=g\",\"caption\":\"reda\u00e7\u00e3o\"},\"sameAs\":[\"https:\/\/noorbe.com.br\"],\"url\":\"https:\/\/noorbe.com.br\/index.php\/author\/noorbeamz\/\"}]}<\/script>\n<!-- \/ Yoast SEO plugin. -->","yoast_head_json":{"title":"Comecei a empreender aos 15 anos e vale a pena conhecer essa hist\u00f3ria! - Noorbe","description":"Era um jovem de 15 anos, faturando 2 sal\u00e1rios-m\u00ednimos, trabalhando apenas 2 s\u00e1bados por m\u00eas.","robots":{"index":"index","follow":"follow","max-snippet":"max-snippet:-1","max-image-preview":"max-image-preview:large","max-video-preview":"max-video-preview:-1"},"canonical":"https:\/\/noorbe.com.br\/index.php\/2024\/10\/16\/empreender-aos-15-anos\/","og_locale":"pt_BR","og_type":"article","og_title":"Comecei a empreender aos 15 anos e vale a pena conhecer essa hist\u00f3ria! - Noorbe","og_description":"Era um jovem de 15 anos, faturando 2 sal\u00e1rios-m\u00ednimos, trabalhando apenas 2 s\u00e1bados por m\u00eas.","og_url":"https:\/\/noorbe.com.br\/index.php\/2024\/10\/16\/empreender-aos-15-anos\/","og_site_name":"Noorbe","article_published_time":"2024-10-16T18:44:53+00:00","article_modified_time":"2025-11-06T17:18:44+00:00","og_image":[{"width":1000,"height":1000,"url":"https:\/\/noorbe.com.br\/wp-content\/uploads\/2024\/10\/shutterstock_2401239207.jpg","type":"image\/jpeg"}],"author":"reda\u00e7\u00e3o","twitter_card":"summary_large_image","twitter_misc":{"Escrito por":"reda\u00e7\u00e3o","Est. tempo de leitura":"4 minutos"},"schema":{"@context":"https:\/\/schema.org","@graph":[{"@type":"Article","@id":"https:\/\/noorbe.com.br\/index.php\/2024\/10\/16\/empreender-aos-15-anos\/#article","isPartOf":{"@id":"https:\/\/noorbe.com.br\/index.php\/2024\/10\/16\/empreender-aos-15-anos\/"},"author":{"name":"reda\u00e7\u00e3o","@id":"https:\/\/noorbe.com.br\/#\/schema\/person\/91c15812f01705e694e85f3d97ca918b"},"headline":"Comecei a empreender aos 15 anos e vale a pena conhecer essa hist\u00f3ria!","datePublished":"2024-10-16T18:44:53+00:00","dateModified":"2025-11-06T17:18:44+00:00","mainEntityOfPage":{"@id":"https:\/\/noorbe.com.br\/index.php\/2024\/10\/16\/empreender-aos-15-anos\/"},"wordCount":692,"commentCount":0,"publisher":{"@id":"https:\/\/noorbe.com.br\/#organization"},"image":{"@id":"https:\/\/noorbe.com.br\/index.php\/2024\/10\/16\/empreender-aos-15-anos\/#primaryimage"},"thumbnailUrl":"https:\/\/noorbe.com.br\/wp-content\/uploads\/2024\/10\/shutterstock_2401239207.jpg","keywords":["Empreendedorismo ; Foco; Sucesso; Determina\u00e7\u00e3o;"],"articleSection":["Bruno Carvalho","Business","Carreiras","Colunistas","Imperdivel da semana"],"inLanguage":"pt-BR","potentialAction":[{"@type":"CommentAction","name":"Comment","target":["https:\/\/noorbe.com.br\/index.php\/2024\/10\/16\/empreender-aos-15-anos\/#respond"]}]},{"@type":"WebPage","@id":"https:\/\/noorbe.com.br\/index.php\/2024\/10\/16\/empreender-aos-15-anos\/","url":"https:\/\/noorbe.com.br\/index.php\/2024\/10\/16\/empreender-aos-15-anos\/","name":"Comecei a empreender aos 15 anos e vale a pena conhecer essa hist\u00f3ria! - Noorbe","isPartOf":{"@id":"https:\/\/noorbe.com.br\/#website"},"primaryImageOfPage":{"@id":"https:\/\/noorbe.com.br\/index.php\/2024\/10\/16\/empreender-aos-15-anos\/#primaryimage"},"image":{"@id":"https:\/\/noorbe.com.br\/index.php\/2024\/10\/16\/empreender-aos-15-anos\/#primaryimage"},"thumbnailUrl":"https:\/\/noorbe.com.br\/wp-content\/uploads\/2024\/10\/shutterstock_2401239207.jpg","datePublished":"2024-10-16T18:44:53+00:00","dateModified":"2025-11-06T17:18:44+00:00","description":"Era um jovem de 15 anos, faturando 2 sal\u00e1rios-m\u00ednimos, trabalhando apenas 2 s\u00e1bados por m\u00eas.","breadcrumb":{"@id":"https:\/\/noorbe.com.br\/index.php\/2024\/10\/16\/empreender-aos-15-anos\/#breadcrumb"},"inLanguage":"pt-BR","potentialAction":[{"@type":"ReadAction","target":["https:\/\/noorbe.com.br\/index.php\/2024\/10\/16\/empreender-aos-15-anos\/"]}]},{"@type":"ImageObject","inLanguage":"pt-BR","@id":"https:\/\/noorbe.com.br\/index.php\/2024\/10\/16\/empreender-aos-15-anos\/#primaryimage","url":"https:\/\/noorbe.com.br\/wp-content\/uploads\/2024\/10\/shutterstock_2401239207.jpg","contentUrl":"https:\/\/noorbe.com.br\/wp-content\/uploads\/2024\/10\/shutterstock_2401239207.jpg","width":1000,"height":1000,"caption":"Dj de costas com sua pickup a frente, oservando pessoas dan\u00e7ando na pista"},{"@type":"BreadcrumbList","@id":"https:\/\/noorbe.com.br\/index.php\/2024\/10\/16\/empreender-aos-15-anos\/#breadcrumb","itemListElement":[{"@type":"ListItem","position":1,"name":"In\u00edcio","item":"https:\/\/noorbe.com.br\/"},{"@type":"ListItem","position":2,"name":"Comecei a empreender aos 15 anos e vale a pena conhecer essa hist\u00f3ria!"}]},{"@type":"WebSite","@id":"https:\/\/noorbe.com.br\/#website","url":"https:\/\/noorbe.com.br\/","name":"Noorbe","description":"","publisher":{"@id":"https:\/\/noorbe.com.br\/#organization"},"potentialAction":[{"@type":"SearchAction","target":{"@type":"EntryPoint","urlTemplate":"https:\/\/noorbe.com.br\/?s={search_term_string}"},"query-input":{"@type":"PropertyValueSpecification","valueRequired":true,"valueName":"search_term_string"}}],"inLanguage":"pt-BR"},{"@type":"Organization","@id":"https:\/\/noorbe.com.br\/#organization","name":"Noorbe","url":"https:\/\/noorbe.com.br\/","logo":{"@type":"ImageObject","inLanguage":"pt-BR","@id":"https:\/\/noorbe.com.br\/#\/schema\/logo\/image\/","url":"https:\/\/noorbe.com.br\/wp-content\/uploads\/2024\/05\/noorbe.jpg","contentUrl":"https:\/\/noorbe.com.br\/wp-content\/uploads\/2024\/05\/noorbe.jpg","width":300,"height":53,"caption":"Noorbe"},"image":{"@id":"https:\/\/noorbe.com.br\/#\/schema\/logo\/image\/"}},{"@type":"Person","@id":"https:\/\/noorbe.com.br\/#\/schema\/person\/91c15812f01705e694e85f3d97ca918b","name":"reda\u00e7\u00e3o","image":{"@type":"ImageObject","inLanguage":"pt-BR","@id":"https:\/\/noorbe.com.br\/#\/schema\/person\/image\/","url":"https:\/\/secure.gravatar.com\/avatar\/8127b64fc9b7ae806aaaf0ceb8dc77bbe9560462241d5264f19dd5635e941324?s=96&d=mm&r=g","contentUrl":"https:\/\/secure.gravatar.com\/avatar\/8127b64fc9b7ae806aaaf0ceb8dc77bbe9560462241d5264f19dd5635e941324?s=96&d=mm&r=g","caption":"reda\u00e7\u00e3o"},"sameAs":["https:\/\/noorbe.com.br"],"url":"https:\/\/noorbe.com.br\/index.php\/author\/noorbeamz\/"}]}},"views":757,"_links":{"self":[{"href":"https:\/\/noorbe.com.br\/index.php\/wp-json\/wp\/v2\/posts\/2935","targetHints":{"allow":["GET"]}}],"collection":[{"href":"https:\/\/noorbe.com.br\/index.php\/wp-json\/wp\/v2\/posts"}],"about":[{"href":"https:\/\/noorbe.com.br\/index.php\/wp-json\/wp\/v2\/types\/post"}],"author":[{"embeddable":true,"href":"https:\/\/noorbe.com.br\/index.php\/wp-json\/wp\/v2\/users\/1"}],"replies":[{"embeddable":true,"href":"https:\/\/noorbe.com.br\/index.php\/wp-json\/wp\/v2\/comments?post=2935"}],"version-history":[{"count":16,"href":"https:\/\/noorbe.com.br\/index.php\/wp-json\/wp\/v2\/posts\/2935\/revisions"}],"predecessor-version":[{"id":4632,"href":"https:\/\/noorbe.com.br\/index.php\/wp-json\/wp\/v2\/posts\/2935\/revisions\/4632"}],"wp:featuredmedia":[{"embeddable":true,"href":"https:\/\/noorbe.com.br\/index.php\/wp-json\/wp\/v2\/media\/2936"}],"wp:attachment":[{"href":"https:\/\/noorbe.com.br\/index.php\/wp-json\/wp\/v2\/media?parent=2935"}],"wp:term":[{"taxonomy":"category","embeddable":true,"href":"https:\/\/noorbe.com.br\/index.php\/wp-json\/wp\/v2\/categories?post=2935"},{"taxonomy":"post_tag","embeddable":true,"href":"https:\/\/noorbe.com.br\/index.php\/wp-json\/wp\/v2\/tags?post=2935"}],"curies":[{"name":"wp","href":"https:\/\/api.w.org\/{rel}","templated":true}]}}