{"id":3183,"date":"2024-10-24T12:52:05","date_gmt":"2024-10-24T12:52:05","guid":{"rendered":"https:\/\/noorbe.com\/?p=3183"},"modified":"2025-11-06T16:59:48","modified_gmt":"2025-11-06T16:59:48","slug":"a-responsabilidade-da-lideranca-na-promocao-da-saude-mental-no-trabalho","status":"publish","type":"post","link":"https:\/\/noorbe.com.br\/index.php\/2024\/10\/24\/a-responsabilidade-da-lideranca-na-promocao-da-saude-mental-no-trabalho\/","title":{"rendered":"A responsabilidade da Lideran\u00e7a na promo\u00e7\u00e3o da Sa\u00fade Mental no trabalho"},"content":{"rendered":"\t\t<div data-elementor-type=\"wp-post\" data-elementor-id=\"3183\" class=\"elementor elementor-3183\" data-elementor-post-type=\"post\">\n\t\t\t\t<div class=\"elementor-element elementor-element-a46e599 e-flex e-con-boxed e-con e-parent\" data-id=\"a46e599\" data-element_type=\"container\" data-e-type=\"container\">\n\t\t\t\t\t<div class=\"e-con-inner\">\n\t\t\t\t<div class=\"elementor-element elementor-element-213dc48 elementor-widget elementor-widget-image\" data-id=\"213dc48\" data-element_type=\"widget\" data-e-type=\"widget\" data-widget_type=\"image.default\">\n\t\t\t\t<div class=\"elementor-widget-container\">\n\t\t\t\t\t\t\t\t\t\t\t\t\t\t\t<img fetchpriority=\"high\" decoding=\"async\" width=\"800\" height=\"534\" src=\"https:\/\/noorbe.com.br\/wp-content\/uploads\/2024\/10\/shutterstock_2501546861.jpg\" class=\"attachment-large size-large wp-image-3184\" alt=\"Jovem asi\u00e1tica feliz segurando um emoji de sorriso, conceito de sa\u00fade mental positiva, Dia Mundial da Sa\u00fade Mental.\" srcset=\"https:\/\/noorbe.com.br\/wp-content\/uploads\/2024\/10\/shutterstock_2501546861.jpg 1000w, https:\/\/noorbe.com.br\/wp-content\/uploads\/2024\/10\/shutterstock_2501546861-300x200.jpg 300w, https:\/\/noorbe.com.br\/wp-content\/uploads\/2024\/10\/shutterstock_2501546861-768x512.jpg 768w\" sizes=\"(max-width: 800px) 100vw, 800px\" \/>\t\t\t\t\t\t\t\t\t\t\t\t\t\t\t<\/div>\n\t\t\t\t<\/div>\n\t\t\t\t<div class=\"elementor-element elementor-element-91858ca elementor-widget elementor-widget-text-editor\" data-id=\"91858ca\" data-element_type=\"widget\" data-e-type=\"widget\" data-widget_type=\"text-editor.default\">\n\t\t\t\t<div class=\"elementor-widget-container\">\n\t\t\t\t\t\t\t\t\t<p>Ontem eu fiz uma reuni\u00e3o com uma pessoa muito interessante que me acendeu um alerta de que existe um assunto que eu nunca abordei aqui, mas que seria extremamente importante faz\u00ea-lo.<\/p><p>Eu conheci essa pessoa h\u00e1 mais de 12 anos, perdemos contato e agora reativamos esse contato. A lembran\u00e7a que eu tenho dela \u00e9 de ser super ativa, engajada, m\u00e3o na massa, otimista, total agente catalisador de mudan\u00e7as. Pessoa admir\u00e1vel antes e agora mais ainda!<\/p><p>Quando falei com ela ontem, vi a mesma pessoa de 12 anos atr\u00e1s, com as mesmas caracter\u00edsticas. Gosto muito de pessoas cheias de energia voltada para o trabalho e vi uma pessoa assim. Entretanto, conforme nossa conversa foi se aprofundando, ela me relatou momentos bem intensos que viveu na carreira dela, culminando em um ser\u00edssimo <em>burnout<\/em>.<\/p><p>Para quem est\u00e1 de fora, <em>burnout <\/em>pode parecer &#8220;frescura&#8221;, mas o assunto \u00e9 s\u00e9rio e deve ser tratado com a seriedade que precisa, para que possamos mudar essa realidade de tantas pessoas em tantas empresas.<\/p><p><strong>E qual o papel da lideran\u00e7a em quest\u00f5es t\u00e3o importantes como essa?<\/strong><\/p><p>Uma das grandes responsabilidades da lideran\u00e7a de uma equipe \u00e9 sempre manter um espa\u00e7o de seguran\u00e7a psicol\u00f3gica, onde cada pessoa saiba o que se espera dela e tenha tranquilidade suficiente para acender o <em>red flag<\/em> quando sentir que a demanda est\u00e1 demais.<\/p><p>Sobrecarga n\u00e3o \u00e9 bacana, n\u00e3o deve ser valorizada. Aquelas pessoas que acham que trabalhar 14h\/15h por dia e contar isso pra todo mundo \u00e9 \u201clegal\u201d est\u00e3o totalmente fora de moda. Nossa sociedade precisa parar de romantizar a sobrecarga! Voc\u00ea n\u00e3o poder ir a um happy hour com amigos porque ficou \u201cpreso\u201d at\u00e9 mais tarde no trabalho, ou n\u00e3o poder fazer um passeio legal no fim de semana porque precisa entregar um projeto atrasado, n\u00e3o \u00e9 algo bonito de se contar! Quando todo mundo entender isso e tiver espa\u00e7os seguros para acionarem o bot\u00e3o de emerg\u00eancia quando perceberem que isso est\u00e1 acontecendo com frequ\u00eancia, certamente os incidentes de <em>burnout <\/em>ser\u00e3o muito reduzidos.<\/p><p>O l\u00edder precisa organizar as demandas da \u00e1rea de acordo com a capacidade e senioridade de cada membro da equipe, distribuindo adequadamente, deixando pessoas como <em>backup <\/em>de ajuda para quando um n\u00e3o estiver dando conta de tudo aquilo e monitorando isso de forma eficaz.<\/p><p>Uma outra coisa que o l\u00edder deve fazer para promover a sa\u00fade mental no trabalho (e evitar colapsos) \u00e9 promover o autoconhecimento das pessoas que fazem parte da equipe. Voc\u00ea precisa se conhecer para saber quando est\u00e1 no limite para voc\u00ea, ou quando voc\u00ea aguenta mais, quando tem capacidade para fazer algo, ou quando isso vai te demandar tanto e gerar tanto estresse que talvez seja melhor n\u00e3o. As pessoas n\u00e3o se conhecem! Elas v\u00e3o, no autom\u00e1tico, assumindo mais responsabilidade, ascendendo profissionalmente, mas, muitas vezes, n\u00e3o fazem o que gostam, n\u00e3o querem estar ali, est\u00e3o apenas &#8220;deixando a vida levar&#8221;. Precisamos quebrar esse ciclo do autom\u00e1tico e permitir que as pessoas saibam o que gostam, o que n\u00e3o gostam, o que preferem fazer sozinhas, o que preferem fazer em grupo&#8230; com autoconhecimento e espa\u00e7os de di\u00e1logo, o trabalho dentro de uma equipe se torna colaborativo, algo gostoso de se fazer.<\/p><p>E tamb\u00e9m vejo mais um ponto como uma obriga\u00e7\u00e3o do l\u00edder de pessoas, que \u00e9 a fomenta\u00e7\u00e3o de a\u00e7\u00f5es e espa\u00e7os voltados \u00e0 sa\u00fade mental. A empresa precisa promover a\u00e7\u00f5es voltadas a esse tema t\u00e3o importante e se isso n\u00e3o \u00e9 feito por iniciativa livre da empresa, cabe ao gestor preocupado com sua equipe o est\u00edmulo para que isso ocorra. Palestras sobre o tema, grupos de acompanhamento do estado de sa\u00fade mental das equipes e pessoas, a\u00e7\u00f5es de descompress\u00e3o&#8230; tudo isso \u00e9 muito importante para as pessoas e muito bem-vindo para as empresas.<\/p><p>A maior parte dos nossos dias estamos trabalhando e precisamos faz\u00ea-lo em um ambiente gostoso, agrad\u00e1vel, saud\u00e1vel, seguro e maduro.<\/p><p>Se voc\u00ea \u00e9 um l\u00edder de pessoas e est\u00e1 lendo isso agora, aproveite o m\u00eas de setembro para refletir:<\/p><ul><li>Dentro da sua equipe, o que voc\u00ea pode fazer melhor para que eles sejam mais felizes e saud\u00e1veis no trabalho?<\/li><li>Como melhor dimensionar a demanda de cada um?<\/li><li>Como criar sombras de atividades para que um consiga cobrir o outro, quando necess\u00e1rio?<\/li><li>Como promover o autoconhecimento?<\/li><\/ul><p>Pense, reflita e coloque a m\u00e3o na massa! Pe\u00e7a ajuda do RH da sua empresa e, se quiser trocar umas figurinhas sobre isso, conte comigo!<\/p><p>\u00a0<\/p><p><strong>Saiba mais sobre como posso ajudar voc\u00ea!<\/strong><\/p><p><strong>Aline Gobbi<\/strong><\/p><p>Ajudo Executivos a constru\u00edrem sua marca no mercado de trabalho | Ajudo Empresas a posicionarem seus Executivos de forma estrat\u00e9gica e maximizar seus resultados | +15 anos como l\u00edder de RH de grandes empresas nacionais e multinacionais, Executive Search, Psic\u00f3loga | +34k seguidores | 181 artigos publicados.<\/p><p><strong>Contatos<\/strong>:<\/p><p>\u2192 Siga-me no LinkedIn <span style=\"text-decoration: underline;\"><a target=\"_blank\" href=\"https:\/\/www.linkedin.com\/in\/alinegobbi\/\" rel=\"noopener\">https:\/\/www.linkedin.com\/in\/alinegobbi\/<\/a><\/span> e clique no \ud83d\udd14 no topo da minha p\u00e1gina de perfil para nunca perder uma postagem<\/p><p>\u2192 Siga-me no Instagram <span style=\"text-decoration: underline;\"><a target=\"_blank\" href=\"http:\/\/www.instagram.com\/fala.comorh\/\" rel=\"noopener\">www.instagram.com\/fala.comorh\/<\/a><\/span><\/p>\t\t\t\t\t\t\t\t<\/div>\n\t\t\t\t<\/div>\n\t\t\t\t\t<\/div>\n\t\t\t\t<\/div>\n\t\t\t\t<\/div>\n\t\t","protected":false},"excerpt":{"rendered":"<p>Descubra como a lideran\u00e7a desempenha um papel fundamental na promo\u00e7\u00e3o da sa\u00fade mental no ambiente de trabalho, criando um clima organizacional saud\u00e1vel, prevenindo o burnout e apoiando o bem-estar dos colaboradores.<\/p>\n","protected":false},"author":1,"featured_media":3184,"comment_status":"open","ping_status":"open","sticky":false,"template":"","format":"standard","meta":{"footnotes":""},"categories":[53,39,43,52],"tags":[204],"class_list":["post-3183","post","type-post","status-publish","format-standard","has-post-thumbnail","hentry","category-aline-gobbi","category-business","category-carreiras","category-colunistas","tag-saude-mental-trabalho-lideranca-bem-estar-gestao-emocional-prevencao-burnout"],"yoast_head":"<!-- This site is optimized with the Yoast SEO plugin v26.2 - https:\/\/yoast.com\/wordpress\/plugins\/seo\/ -->\n<title>A responsabilidade da Lideran\u00e7a na promo\u00e7\u00e3o da Sa\u00fade Mental no trabalho - Noorbe<\/title>\n<meta name=\"description\" content=\"Descubra como a lideran\u00e7a desempenha um papel fundamental na promo\u00e7\u00e3o da sa\u00fade mental no ambiente de trabalho, criando um clima organizacional saud\u00e1vel, prevenindo o burnout e apoiando o bem-estar dos colaboradores.\" \/>\n<meta name=\"robots\" content=\"index, follow, max-snippet:-1, max-image-preview:large, max-video-preview:-1\" \/>\n<link rel=\"canonical\" href=\"https:\/\/noorbe.com.br\/index.php\/2024\/10\/24\/a-responsabilidade-da-lideranca-na-promocao-da-saude-mental-no-trabalho\/\" \/>\n<meta property=\"og:locale\" content=\"pt_BR\" \/>\n<meta property=\"og:type\" content=\"article\" \/>\n<meta property=\"og:title\" content=\"A responsabilidade da Lideran\u00e7a na promo\u00e7\u00e3o da Sa\u00fade Mental no trabalho - Noorbe\" \/>\n<meta property=\"og:description\" content=\"Descubra como a lideran\u00e7a desempenha um papel fundamental na promo\u00e7\u00e3o da sa\u00fade mental no ambiente de trabalho, criando um clima organizacional saud\u00e1vel, prevenindo o burnout e apoiando o bem-estar dos colaboradores.\" \/>\n<meta property=\"og:url\" content=\"https:\/\/noorbe.com.br\/index.php\/2024\/10\/24\/a-responsabilidade-da-lideranca-na-promocao-da-saude-mental-no-trabalho\/\" \/>\n<meta property=\"og:site_name\" content=\"Noorbe\" \/>\n<meta property=\"article:published_time\" content=\"2024-10-24T12:52:05+00:00\" \/>\n<meta property=\"article:modified_time\" content=\"2025-11-06T16:59:48+00:00\" \/>\n<meta property=\"og:image\" content=\"https:\/\/noorbe.com.br\/wp-content\/uploads\/2024\/10\/shutterstock_2501546861.jpg\" \/>\n\t<meta property=\"og:image:width\" content=\"1000\" \/>\n\t<meta property=\"og:image:height\" content=\"667\" \/>\n\t<meta property=\"og:image:type\" content=\"image\/jpeg\" \/>\n<meta name=\"author\" content=\"reda\u00e7\u00e3o\" \/>\n<meta name=\"twitter:card\" content=\"summary_large_image\" \/>\n<meta name=\"twitter:label1\" content=\"Escrito por\" \/>\n\t<meta name=\"twitter:data1\" content=\"reda\u00e7\u00e3o\" \/>\n\t<meta name=\"twitter:label2\" content=\"Est. tempo de leitura\" \/>\n\t<meta name=\"twitter:data2\" content=\"5 minutos\" \/>\n<script type=\"application\/ld+json\" class=\"yoast-schema-graph\">{\"@context\":\"https:\/\/schema.org\",\"@graph\":[{\"@type\":\"Article\",\"@id\":\"https:\/\/noorbe.com.br\/index.php\/2024\/10\/24\/a-responsabilidade-da-lideranca-na-promocao-da-saude-mental-no-trabalho\/#article\",\"isPartOf\":{\"@id\":\"https:\/\/noorbe.com.br\/index.php\/2024\/10\/24\/a-responsabilidade-da-lideranca-na-promocao-da-saude-mental-no-trabalho\/\"},\"author\":{\"name\":\"reda\u00e7\u00e3o\",\"@id\":\"https:\/\/noorbe.com.br\/#\/schema\/person\/91c15812f01705e694e85f3d97ca918b\"},\"headline\":\"A responsabilidade da Lideran\u00e7a na promo\u00e7\u00e3o da Sa\u00fade Mental no trabalho\",\"datePublished\":\"2024-10-24T12:52:05+00:00\",\"dateModified\":\"2025-11-06T16:59:48+00:00\",\"mainEntityOfPage\":{\"@id\":\"https:\/\/noorbe.com.br\/index.php\/2024\/10\/24\/a-responsabilidade-da-lideranca-na-promocao-da-saude-mental-no-trabalho\/\"},\"wordCount\":883,\"commentCount\":0,\"publisher\":{\"@id\":\"https:\/\/noorbe.com.br\/#organization\"},\"image\":{\"@id\":\"https:\/\/noorbe.com.br\/index.php\/2024\/10\/24\/a-responsabilidade-da-lideranca-na-promocao-da-saude-mental-no-trabalho\/#primaryimage\"},\"thumbnailUrl\":\"https:\/\/noorbe.com.br\/wp-content\/uploads\/2024\/10\/shutterstock_2501546861.jpg\",\"keywords\":[\"Sa\u00fade mental; Trabalho; Lideran\u00e7a; Bem-estar; Gest\u00e3o Emocional; Preven\u00e7\u00e3o; Burnout\"],\"articleSection\":[\"Aline Gobbi\",\"Business\",\"Carreiras\",\"Colunistas\"],\"inLanguage\":\"pt-BR\",\"potentialAction\":[{\"@type\":\"CommentAction\",\"name\":\"Comment\",\"target\":[\"https:\/\/noorbe.com.br\/index.php\/2024\/10\/24\/a-responsabilidade-da-lideranca-na-promocao-da-saude-mental-no-trabalho\/#respond\"]}]},{\"@type\":\"WebPage\",\"@id\":\"https:\/\/noorbe.com.br\/index.php\/2024\/10\/24\/a-responsabilidade-da-lideranca-na-promocao-da-saude-mental-no-trabalho\/\",\"url\":\"https:\/\/noorbe.com.br\/index.php\/2024\/10\/24\/a-responsabilidade-da-lideranca-na-promocao-da-saude-mental-no-trabalho\/\",\"name\":\"A responsabilidade da Lideran\u00e7a na promo\u00e7\u00e3o da Sa\u00fade Mental no trabalho - Noorbe\",\"isPartOf\":{\"@id\":\"https:\/\/noorbe.com.br\/#website\"},\"primaryImageOfPage\":{\"@id\":\"https:\/\/noorbe.com.br\/index.php\/2024\/10\/24\/a-responsabilidade-da-lideranca-na-promocao-da-saude-mental-no-trabalho\/#primaryimage\"},\"image\":{\"@id\":\"https:\/\/noorbe.com.br\/index.php\/2024\/10\/24\/a-responsabilidade-da-lideranca-na-promocao-da-saude-mental-no-trabalho\/#primaryimage\"},\"thumbnailUrl\":\"https:\/\/noorbe.com.br\/wp-content\/uploads\/2024\/10\/shutterstock_2501546861.jpg\",\"datePublished\":\"2024-10-24T12:52:05+00:00\",\"dateModified\":\"2025-11-06T16:59:48+00:00\",\"description\":\"Descubra como a lideran\u00e7a desempenha um papel fundamental na promo\u00e7\u00e3o da sa\u00fade mental no ambiente de trabalho, criando um clima organizacional saud\u00e1vel, prevenindo o burnout e apoiando o bem-estar dos colaboradores.\",\"breadcrumb\":{\"@id\":\"https:\/\/noorbe.com.br\/index.php\/2024\/10\/24\/a-responsabilidade-da-lideranca-na-promocao-da-saude-mental-no-trabalho\/#breadcrumb\"},\"inLanguage\":\"pt-BR\",\"potentialAction\":[{\"@type\":\"ReadAction\",\"target\":[\"https:\/\/noorbe.com.br\/index.php\/2024\/10\/24\/a-responsabilidade-da-lideranca-na-promocao-da-saude-mental-no-trabalho\/\"]}]},{\"@type\":\"ImageObject\",\"inLanguage\":\"pt-BR\",\"@id\":\"https:\/\/noorbe.com.br\/index.php\/2024\/10\/24\/a-responsabilidade-da-lideranca-na-promocao-da-saude-mental-no-trabalho\/#primaryimage\",\"url\":\"https:\/\/noorbe.com.br\/wp-content\/uploads\/2024\/10\/shutterstock_2501546861.jpg\",\"contentUrl\":\"https:\/\/noorbe.com.br\/wp-content\/uploads\/2024\/10\/shutterstock_2501546861.jpg\",\"width\":1000,\"height\":667,\"caption\":\"Jovem asi\u00e1tica feliz segurando um emoji de sorriso, conceito de sa\u00fade mental positiva, Dia Mundial da Sa\u00fade Mental.\"},{\"@type\":\"BreadcrumbList\",\"@id\":\"https:\/\/noorbe.com.br\/index.php\/2024\/10\/24\/a-responsabilidade-da-lideranca-na-promocao-da-saude-mental-no-trabalho\/#breadcrumb\",\"itemListElement\":[{\"@type\":\"ListItem\",\"position\":1,\"name\":\"In\u00edcio\",\"item\":\"https:\/\/noorbe.com.br\/\"},{\"@type\":\"ListItem\",\"position\":2,\"name\":\"A responsabilidade da Lideran\u00e7a na promo\u00e7\u00e3o da Sa\u00fade Mental no trabalho\"}]},{\"@type\":\"WebSite\",\"@id\":\"https:\/\/noorbe.com.br\/#website\",\"url\":\"https:\/\/noorbe.com.br\/\",\"name\":\"Noorbe\",\"description\":\"\",\"publisher\":{\"@id\":\"https:\/\/noorbe.com.br\/#organization\"},\"potentialAction\":[{\"@type\":\"SearchAction\",\"target\":{\"@type\":\"EntryPoint\",\"urlTemplate\":\"https:\/\/noorbe.com.br\/?s={search_term_string}\"},\"query-input\":{\"@type\":\"PropertyValueSpecification\",\"valueRequired\":true,\"valueName\":\"search_term_string\"}}],\"inLanguage\":\"pt-BR\"},{\"@type\":\"Organization\",\"@id\":\"https:\/\/noorbe.com.br\/#organization\",\"name\":\"Noorbe\",\"url\":\"https:\/\/noorbe.com.br\/\",\"logo\":{\"@type\":\"ImageObject\",\"inLanguage\":\"pt-BR\",\"@id\":\"https:\/\/noorbe.com.br\/#\/schema\/logo\/image\/\",\"url\":\"https:\/\/noorbe.com.br\/wp-content\/uploads\/2024\/05\/noorbe.jpg\",\"contentUrl\":\"https:\/\/noorbe.com.br\/wp-content\/uploads\/2024\/05\/noorbe.jpg\",\"width\":300,\"height\":53,\"caption\":\"Noorbe\"},\"image\":{\"@id\":\"https:\/\/noorbe.com.br\/#\/schema\/logo\/image\/\"}},{\"@type\":\"Person\",\"@id\":\"https:\/\/noorbe.com.br\/#\/schema\/person\/91c15812f01705e694e85f3d97ca918b\",\"name\":\"reda\u00e7\u00e3o\",\"image\":{\"@type\":\"ImageObject\",\"inLanguage\":\"pt-BR\",\"@id\":\"https:\/\/noorbe.com.br\/#\/schema\/person\/image\/\",\"url\":\"https:\/\/secure.gravatar.com\/avatar\/8127b64fc9b7ae806aaaf0ceb8dc77bbe9560462241d5264f19dd5635e941324?s=96&d=mm&r=g\",\"contentUrl\":\"https:\/\/secure.gravatar.com\/avatar\/8127b64fc9b7ae806aaaf0ceb8dc77bbe9560462241d5264f19dd5635e941324?s=96&d=mm&r=g\",\"caption\":\"reda\u00e7\u00e3o\"},\"sameAs\":[\"https:\/\/noorbe.com.br\"],\"url\":\"https:\/\/noorbe.com.br\/index.php\/author\/noorbeamz\/\"}]}<\/script>\n<!-- \/ Yoast SEO plugin. -->","yoast_head_json":{"title":"A responsabilidade da Lideran\u00e7a na promo\u00e7\u00e3o da Sa\u00fade Mental no trabalho - Noorbe","description":"Descubra como a lideran\u00e7a desempenha um papel fundamental na promo\u00e7\u00e3o da sa\u00fade mental no ambiente de trabalho, criando um clima organizacional saud\u00e1vel, prevenindo o burnout e apoiando o bem-estar dos colaboradores.","robots":{"index":"index","follow":"follow","max-snippet":"max-snippet:-1","max-image-preview":"max-image-preview:large","max-video-preview":"max-video-preview:-1"},"canonical":"https:\/\/noorbe.com.br\/index.php\/2024\/10\/24\/a-responsabilidade-da-lideranca-na-promocao-da-saude-mental-no-trabalho\/","og_locale":"pt_BR","og_type":"article","og_title":"A responsabilidade da Lideran\u00e7a na promo\u00e7\u00e3o da Sa\u00fade Mental no trabalho - Noorbe","og_description":"Descubra como a lideran\u00e7a desempenha um papel fundamental na promo\u00e7\u00e3o da sa\u00fade mental no ambiente de trabalho, criando um clima organizacional saud\u00e1vel, prevenindo o burnout e apoiando o bem-estar dos colaboradores.","og_url":"https:\/\/noorbe.com.br\/index.php\/2024\/10\/24\/a-responsabilidade-da-lideranca-na-promocao-da-saude-mental-no-trabalho\/","og_site_name":"Noorbe","article_published_time":"2024-10-24T12:52:05+00:00","article_modified_time":"2025-11-06T16:59:48+00:00","og_image":[{"width":1000,"height":667,"url":"https:\/\/noorbe.com.br\/wp-content\/uploads\/2024\/10\/shutterstock_2501546861.jpg","type":"image\/jpeg"}],"author":"reda\u00e7\u00e3o","twitter_card":"summary_large_image","twitter_misc":{"Escrito por":"reda\u00e7\u00e3o","Est. tempo de leitura":"5 minutos"},"schema":{"@context":"https:\/\/schema.org","@graph":[{"@type":"Article","@id":"https:\/\/noorbe.com.br\/index.php\/2024\/10\/24\/a-responsabilidade-da-lideranca-na-promocao-da-saude-mental-no-trabalho\/#article","isPartOf":{"@id":"https:\/\/noorbe.com.br\/index.php\/2024\/10\/24\/a-responsabilidade-da-lideranca-na-promocao-da-saude-mental-no-trabalho\/"},"author":{"name":"reda\u00e7\u00e3o","@id":"https:\/\/noorbe.com.br\/#\/schema\/person\/91c15812f01705e694e85f3d97ca918b"},"headline":"A responsabilidade da Lideran\u00e7a na promo\u00e7\u00e3o da Sa\u00fade Mental no trabalho","datePublished":"2024-10-24T12:52:05+00:00","dateModified":"2025-11-06T16:59:48+00:00","mainEntityOfPage":{"@id":"https:\/\/noorbe.com.br\/index.php\/2024\/10\/24\/a-responsabilidade-da-lideranca-na-promocao-da-saude-mental-no-trabalho\/"},"wordCount":883,"commentCount":0,"publisher":{"@id":"https:\/\/noorbe.com.br\/#organization"},"image":{"@id":"https:\/\/noorbe.com.br\/index.php\/2024\/10\/24\/a-responsabilidade-da-lideranca-na-promocao-da-saude-mental-no-trabalho\/#primaryimage"},"thumbnailUrl":"https:\/\/noorbe.com.br\/wp-content\/uploads\/2024\/10\/shutterstock_2501546861.jpg","keywords":["Sa\u00fade mental; Trabalho; Lideran\u00e7a; Bem-estar; Gest\u00e3o Emocional; Preven\u00e7\u00e3o; Burnout"],"articleSection":["Aline Gobbi","Business","Carreiras","Colunistas"],"inLanguage":"pt-BR","potentialAction":[{"@type":"CommentAction","name":"Comment","target":["https:\/\/noorbe.com.br\/index.php\/2024\/10\/24\/a-responsabilidade-da-lideranca-na-promocao-da-saude-mental-no-trabalho\/#respond"]}]},{"@type":"WebPage","@id":"https:\/\/noorbe.com.br\/index.php\/2024\/10\/24\/a-responsabilidade-da-lideranca-na-promocao-da-saude-mental-no-trabalho\/","url":"https:\/\/noorbe.com.br\/index.php\/2024\/10\/24\/a-responsabilidade-da-lideranca-na-promocao-da-saude-mental-no-trabalho\/","name":"A responsabilidade da Lideran\u00e7a na promo\u00e7\u00e3o da Sa\u00fade Mental no trabalho - Noorbe","isPartOf":{"@id":"https:\/\/noorbe.com.br\/#website"},"primaryImageOfPage":{"@id":"https:\/\/noorbe.com.br\/index.php\/2024\/10\/24\/a-responsabilidade-da-lideranca-na-promocao-da-saude-mental-no-trabalho\/#primaryimage"},"image":{"@id":"https:\/\/noorbe.com.br\/index.php\/2024\/10\/24\/a-responsabilidade-da-lideranca-na-promocao-da-saude-mental-no-trabalho\/#primaryimage"},"thumbnailUrl":"https:\/\/noorbe.com.br\/wp-content\/uploads\/2024\/10\/shutterstock_2501546861.jpg","datePublished":"2024-10-24T12:52:05+00:00","dateModified":"2025-11-06T16:59:48+00:00","description":"Descubra como a lideran\u00e7a desempenha um papel fundamental na promo\u00e7\u00e3o da sa\u00fade mental no ambiente de trabalho, criando um clima organizacional saud\u00e1vel, prevenindo o burnout e apoiando o bem-estar dos colaboradores.","breadcrumb":{"@id":"https:\/\/noorbe.com.br\/index.php\/2024\/10\/24\/a-responsabilidade-da-lideranca-na-promocao-da-saude-mental-no-trabalho\/#breadcrumb"},"inLanguage":"pt-BR","potentialAction":[{"@type":"ReadAction","target":["https:\/\/noorbe.com.br\/index.php\/2024\/10\/24\/a-responsabilidade-da-lideranca-na-promocao-da-saude-mental-no-trabalho\/"]}]},{"@type":"ImageObject","inLanguage":"pt-BR","@id":"https:\/\/noorbe.com.br\/index.php\/2024\/10\/24\/a-responsabilidade-da-lideranca-na-promocao-da-saude-mental-no-trabalho\/#primaryimage","url":"https:\/\/noorbe.com.br\/wp-content\/uploads\/2024\/10\/shutterstock_2501546861.jpg","contentUrl":"https:\/\/noorbe.com.br\/wp-content\/uploads\/2024\/10\/shutterstock_2501546861.jpg","width":1000,"height":667,"caption":"Jovem asi\u00e1tica feliz segurando um emoji de sorriso, conceito de sa\u00fade mental positiva, Dia Mundial da Sa\u00fade Mental."},{"@type":"BreadcrumbList","@id":"https:\/\/noorbe.com.br\/index.php\/2024\/10\/24\/a-responsabilidade-da-lideranca-na-promocao-da-saude-mental-no-trabalho\/#breadcrumb","itemListElement":[{"@type":"ListItem","position":1,"name":"In\u00edcio","item":"https:\/\/noorbe.com.br\/"},{"@type":"ListItem","position":2,"name":"A responsabilidade da Lideran\u00e7a na promo\u00e7\u00e3o da Sa\u00fade Mental no trabalho"}]},{"@type":"WebSite","@id":"https:\/\/noorbe.com.br\/#website","url":"https:\/\/noorbe.com.br\/","name":"Noorbe","description":"","publisher":{"@id":"https:\/\/noorbe.com.br\/#organization"},"potentialAction":[{"@type":"SearchAction","target":{"@type":"EntryPoint","urlTemplate":"https:\/\/noorbe.com.br\/?s={search_term_string}"},"query-input":{"@type":"PropertyValueSpecification","valueRequired":true,"valueName":"search_term_string"}}],"inLanguage":"pt-BR"},{"@type":"Organization","@id":"https:\/\/noorbe.com.br\/#organization","name":"Noorbe","url":"https:\/\/noorbe.com.br\/","logo":{"@type":"ImageObject","inLanguage":"pt-BR","@id":"https:\/\/noorbe.com.br\/#\/schema\/logo\/image\/","url":"https:\/\/noorbe.com.br\/wp-content\/uploads\/2024\/05\/noorbe.jpg","contentUrl":"https:\/\/noorbe.com.br\/wp-content\/uploads\/2024\/05\/noorbe.jpg","width":300,"height":53,"caption":"Noorbe"},"image":{"@id":"https:\/\/noorbe.com.br\/#\/schema\/logo\/image\/"}},{"@type":"Person","@id":"https:\/\/noorbe.com.br\/#\/schema\/person\/91c15812f01705e694e85f3d97ca918b","name":"reda\u00e7\u00e3o","image":{"@type":"ImageObject","inLanguage":"pt-BR","@id":"https:\/\/noorbe.com.br\/#\/schema\/person\/image\/","url":"https:\/\/secure.gravatar.com\/avatar\/8127b64fc9b7ae806aaaf0ceb8dc77bbe9560462241d5264f19dd5635e941324?s=96&d=mm&r=g","contentUrl":"https:\/\/secure.gravatar.com\/avatar\/8127b64fc9b7ae806aaaf0ceb8dc77bbe9560462241d5264f19dd5635e941324?s=96&d=mm&r=g","caption":"reda\u00e7\u00e3o"},"sameAs":["https:\/\/noorbe.com.br"],"url":"https:\/\/noorbe.com.br\/index.php\/author\/noorbeamz\/"}]}},"views":307,"_links":{"self":[{"href":"https:\/\/noorbe.com.br\/index.php\/wp-json\/wp\/v2\/posts\/3183","targetHints":{"allow":["GET"]}}],"collection":[{"href":"https:\/\/noorbe.com.br\/index.php\/wp-json\/wp\/v2\/posts"}],"about":[{"href":"https:\/\/noorbe.com.br\/index.php\/wp-json\/wp\/v2\/types\/post"}],"author":[{"embeddable":true,"href":"https:\/\/noorbe.com.br\/index.php\/wp-json\/wp\/v2\/users\/1"}],"replies":[{"embeddable":true,"href":"https:\/\/noorbe.com.br\/index.php\/wp-json\/wp\/v2\/comments?post=3183"}],"version-history":[{"count":10,"href":"https:\/\/noorbe.com.br\/index.php\/wp-json\/wp\/v2\/posts\/3183\/revisions"}],"predecessor-version":[{"id":4605,"href":"https:\/\/noorbe.com.br\/index.php\/wp-json\/wp\/v2\/posts\/3183\/revisions\/4605"}],"wp:featuredmedia":[{"embeddable":true,"href":"https:\/\/noorbe.com.br\/index.php\/wp-json\/wp\/v2\/media\/3184"}],"wp:attachment":[{"href":"https:\/\/noorbe.com.br\/index.php\/wp-json\/wp\/v2\/media?parent=3183"}],"wp:term":[{"taxonomy":"category","embeddable":true,"href":"https:\/\/noorbe.com.br\/index.php\/wp-json\/wp\/v2\/categories?post=3183"},{"taxonomy":"post_tag","embeddable":true,"href":"https:\/\/noorbe.com.br\/index.php\/wp-json\/wp\/v2\/tags?post=3183"}],"curies":[{"name":"wp","href":"https:\/\/api.w.org\/{rel}","templated":true}]}}