{"id":3452,"date":"2024-11-25T22:56:33","date_gmt":"2024-11-25T22:56:33","guid":{"rendered":"https:\/\/noorbe.com\/?p=3452"},"modified":"2025-11-06T16:47:27","modified_gmt":"2025-11-06T16:47:27","slug":"a-transicao-da-carreira-linear-para-ciclos-dinamicos","status":"publish","type":"post","link":"https:\/\/noorbe.com.br\/index.php\/2024\/11\/25\/a-transicao-da-carreira-linear-para-ciclos-dinamicos\/","title":{"rendered":"A transi\u00e7\u00e3o da carreira linear para ciclos din\u00e2micos"},"content":{"rendered":"\t\t<div data-elementor-type=\"wp-post\" data-elementor-id=\"3452\" class=\"elementor elementor-3452\" data-elementor-post-type=\"post\">\n\t\t\t\t<div class=\"elementor-element elementor-element-2bd5344 e-flex e-con-boxed e-con e-parent\" data-id=\"2bd5344\" data-element_type=\"container\" data-e-type=\"container\">\n\t\t\t\t\t<div class=\"e-con-inner\">\n\t\t\t\t<div class=\"elementor-element elementor-element-b1f4850 elementor-widget elementor-widget-image\" data-id=\"b1f4850\" data-element_type=\"widget\" data-e-type=\"widget\" data-widget_type=\"image.default\">\n\t\t\t\t<div class=\"elementor-widget-container\">\n\t\t\t\t\t\t\t\t\t\t\t\t\t\t\t<img fetchpriority=\"high\" decoding=\"async\" width=\"800\" height=\"462\" src=\"https:\/\/noorbe.com.br\/wp-content\/uploads\/2024\/11\/shutterstock_2531869573.jpg\" class=\"attachment-large size-large wp-image-3453\" alt=\"A m\u00e3o de uma pessoa organizando blocos de madeira para soletrar a palavra &quot;CARREIRA&quot;, simbolizando o desenvolvimento da carreira e o crescimento pessoal em um contexto criativo.\" srcset=\"https:\/\/noorbe.com.br\/wp-content\/uploads\/2024\/11\/shutterstock_2531869573.jpg 1000w, https:\/\/noorbe.com.br\/wp-content\/uploads\/2024\/11\/shutterstock_2531869573-300x173.jpg 300w, https:\/\/noorbe.com.br\/wp-content\/uploads\/2024\/11\/shutterstock_2531869573-768x444.jpg 768w\" sizes=\"(max-width: 800px) 100vw, 800px\" \/>\t\t\t\t\t\t\t\t\t\t\t\t\t\t\t<\/div>\n\t\t\t\t<\/div>\n\t\t\t\t\t<\/div>\n\t\t\t\t<\/div>\n\t\t<div class=\"elementor-element elementor-element-305dec9 e-flex e-con-boxed e-con e-parent\" data-id=\"305dec9\" data-element_type=\"container\" data-e-type=\"container\">\n\t\t\t\t\t<div class=\"e-con-inner\">\n\t\t\t\t<div class=\"elementor-element elementor-element-920a2a5 elementor-widget elementor-widget-text-editor\" data-id=\"920a2a5\" data-element_type=\"widget\" data-e-type=\"widget\" data-widget_type=\"text-editor.default\">\n\t\t\t\t<div class=\"elementor-widget-container\">\n\t\t\t\t\t\t\t\t\t<p>Nos \u00faltimos anos, o mercado de trabalho passou por mudan\u00e7as profundas, aceleradas ainda mais pela pandemia. Um conceito que tem ganhado cada vez mais relev\u00e2ncia \u00e9 o de &#8220;carreira em nuvem&#8221;, que reflete a nova maneira como os profissionais, especialmente os mais jovens, encaram o desenvolvimento de suas trajet\u00f3rias profissionais. Em vez de se prenderem \u00e0 vis\u00e3o tradicional de uma carreira linear em uma \u00fanica empresa, h\u00e1 uma crescente valoriza\u00e7\u00e3o de experi\u00eancias variadas e ciclos r\u00e1pidos de aprendizado.<\/p><p>Essa transforma\u00e7\u00e3o exige que as empresas repensem suas estrat\u00e9gias de gest\u00e3o de talentos. Embora o conceito seja amplamente discutido, muitas organiza\u00e7\u00f5es ainda n\u00e3o sabem como implementar essas mudan\u00e7as de forma eficaz. Ao contr\u00e1rio das gera\u00e7\u00f5es passadas, que priorizavam estabilidade e lealdade a uma \u00fanica organiza\u00e7\u00e3o, os profissionais atuais buscam desenvolvimento constante, um prop\u00f3sito claro e, acima de tudo, flexibilidade \u2014 algo que, segundo pesquisa da WeWork, j\u00e1 \u00e9 considerado mais valioso do que at\u00e9 mesmo o plano de sa\u00fade. Outra pesquisa, realizada pelo Washington Post e Ipsos, revelou que 55% dos trabalhadores remotos estariam dispostos a aceitar um sal\u00e1rio menor em troca de continuar trabalhando em home office.<\/p><p>Esse fen\u00f4meno n\u00e3o \u00e9 apenas uma tend\u00eancia passageira, mas uma verdadeira reinven\u00e7\u00e3o que exige das empresas ambientes que favore\u00e7am a inova\u00e7\u00e3o, onde os colaboradores possam explorar diferentes fun\u00e7\u00f5es e projetos dentro da pr\u00f3pria organiza\u00e7\u00e3o. Para algumas empresas, essa realidade pode parecer ao mesmo tempo clara e nebulosa: clara, porque n\u00e3o h\u00e1 como negar a necessidade de mudan\u00e7a; nebulosa, porque as a\u00e7\u00f5es pr\u00e1ticas para adaptar-se ainda s\u00e3o um desafio.<\/p><p>Contudo, as empresas que adotam ciclos din\u00e2micos de carreira e ajustam suas estrat\u00e9gias de gest\u00e3o de talentos colhem benef\u00edcios consider\u00e1veis. Isso se traduz em ambientes mais \u00e1geis e colaborativos, onde a troca constante de ideias e experi\u00eancias estimula a inova\u00e7\u00e3o de forma mais r\u00e1pida e eficiente, o que \u00e9 essencial em um mercado cada vez mais competitivo e acelerado.<\/p><p>Na pr\u00e1tica, uma poss\u00edvel estrat\u00e9gia para se adaptar a essa nova realidade \u00e9 adotar pol\u00edticas de mobilidade interna. Ao permitir que os colaboradores mudem de departamento ou fun\u00e7\u00e3o, as empresas n\u00e3o s\u00f3 possibilitam o desenvolvimento de novas habilidades, mas tamb\u00e9m mant\u00eam um fluxo cont\u00ednuo de conhecimento interno. Al\u00e9m disso, essas mudan\u00e7as podem aumentar o engajamento e a reten\u00e7\u00e3o de talentos, atendendo ao desejo de renova\u00e7\u00e3o constante que muitos profissionais buscam atualmente.<\/p><p>Outra medida importante \u00e9 a implementa\u00e7\u00e3o de programas de aprendizado cont\u00ednuo, que ofere\u00e7am treinamentos e oportunidades de desenvolvimento ao longo de toda a carreira. Isso n\u00e3o s\u00f3 prepara os colaboradores para os desafios do mercado de trabalho, como tamb\u00e9m refor\u00e7a o compromisso da empresa com o crescimento pessoal e profissional de sua equipe.<\/p><p>Em resumo, tentar resistir a essa mudan\u00e7a seria como remar contra a mar\u00e9. Adaptar-se a ciclos din\u00e2micos de carreira coloca as organiza\u00e7\u00f5es em uma posi\u00e7\u00e3o mais forte para atrair e reter talentos. As lideran\u00e7as precisam compreender que, \u00e0 medida que o ambiente de trabalho se torna mais vol\u00e1til, a inova\u00e7\u00e3o e a agilidade devem ser incorporadas no DNA da empresa, muito al\u00e9m dos valores que est\u00e3o expostos nas paredes. S\u00f3 assim ser\u00e1 poss\u00edvel n\u00e3o apenas sobreviver, mas prosperar em um mundo onde a \u00fanica constante \u00e9 a mudan\u00e7a.<\/p><p>Parte superior do formul\u00e1rio<\/p><p>\u00a0<\/p><p><strong>Saiba mais sobre como posso ajudar voc\u00ea!<\/strong><\/p><p><strong>Aline Gobbi<\/strong><\/p><p>Ajudo Executivos a constru\u00edrem sua marca no mercado de trabalho | Ajudo Empresas a posicionarem seus Executivos de forma estrat\u00e9gica e maximizar seus resultados | +15 anos como l\u00edder de RH de grandes empresas nacionais e multinacionais, Executive Search, Psic\u00f3loga | +34k seguidores | 190 artigos publicados.<\/p><p><strong>Contatos<\/strong>:<\/p><p>\u2192 Siga-me no LinkedIn <a target=\"_blank\" href=\"https:\/\/www.linkedin.com\/in\/alinegobbi\/\" rel=\"noopener\">https:\/\/www.linkedin.com\/in\/alinegobbi\/<\/a> e clique no \ud83d\udd14 no topo da minha p\u00e1gina de perfil para nunca perder uma postagem<\/p><p>\u2192 Siga-me no Instagram <a target=\"_blank\" href=\"http:\/\/www.instagram.com\/fala.comorh\/\" rel=\"noopener\">www.instagram.com\/fala.comorh\/<\/a><\/p><p>\u00a0<\/p><p>\u00a0<\/p><p>\u00a0<\/p>\t\t\t\t\t\t\t\t<\/div>\n\t\t\t\t<\/div>\n\t\t\t\t\t<\/div>\n\t\t\t\t<\/div>\n\t\t\t\t<\/div>\n\t\t","protected":false},"excerpt":{"rendered":"<p>A transi\u00e7\u00e3o de carreiras lineares para ciclos din\u00e2micos est\u00e1 moldando o futuro do trabalho. Descubra como empresas podem se adaptar a essa mudan\u00e7a e criar ambientes inovadores que atraiam e retenham talentos.<\/p>\n","protected":false},"author":1,"featured_media":3453,"comment_status":"open","ping_status":"open","sticky":false,"template":"","format":"standard","meta":{"footnotes":""},"categories":[53,39,43,52],"tags":[221],"class_list":["post-3452","post","type-post","status-publish","format-standard","has-post-thumbnail","hentry","category-aline-gobbi","category-business","category-carreiras","category-colunistas","tag-carreira-dinamica-ciclos-de-carreira-gestao-de-talentos-inovacao-no-trabalho-mobilidade-interna-flexibilidade-no-trabalho-desenvolvimento-profissional-gestao-de-pessoas"],"yoast_head":"<!-- This site is optimized with the Yoast SEO plugin v26.2 - https:\/\/yoast.com\/wordpress\/plugins\/seo\/ -->\n<title>A transi\u00e7\u00e3o da carreira linear para ciclos din\u00e2micos - Noorbe<\/title>\n<meta name=\"description\" content=\"A transi\u00e7\u00e3o de carreiras lineares para ciclos din\u00e2micos est\u00e1 moldando o futuro do trabalho. Descubra como empresas podem se adaptar a essa mudan\u00e7a e criar ambientes inovadores que atraiam e retenham talentos.\" \/>\n<meta name=\"robots\" content=\"index, follow, max-snippet:-1, max-image-preview:large, max-video-preview:-1\" \/>\n<link rel=\"canonical\" href=\"https:\/\/noorbe.com.br\/index.php\/2024\/11\/25\/a-transicao-da-carreira-linear-para-ciclos-dinamicos\/\" \/>\n<meta property=\"og:locale\" content=\"pt_BR\" \/>\n<meta property=\"og:type\" content=\"article\" \/>\n<meta property=\"og:title\" content=\"A transi\u00e7\u00e3o da carreira linear para ciclos din\u00e2micos - Noorbe\" \/>\n<meta property=\"og:description\" content=\"A transi\u00e7\u00e3o de carreiras lineares para ciclos din\u00e2micos est\u00e1 moldando o futuro do trabalho. Descubra como empresas podem se adaptar a essa mudan\u00e7a e criar ambientes inovadores que atraiam e retenham talentos.\" \/>\n<meta property=\"og:url\" content=\"https:\/\/noorbe.com.br\/index.php\/2024\/11\/25\/a-transicao-da-carreira-linear-para-ciclos-dinamicos\/\" \/>\n<meta property=\"og:site_name\" content=\"Noorbe\" \/>\n<meta property=\"article:published_time\" content=\"2024-11-25T22:56:33+00:00\" \/>\n<meta property=\"article:modified_time\" content=\"2025-11-06T16:47:27+00:00\" \/>\n<meta property=\"og:image\" content=\"https:\/\/noorbe.com.br\/wp-content\/uploads\/2024\/11\/shutterstock_2531869573.jpg\" \/>\n\t<meta property=\"og:image:width\" content=\"1000\" \/>\n\t<meta property=\"og:image:height\" content=\"578\" \/>\n\t<meta property=\"og:image:type\" content=\"image\/jpeg\" \/>\n<meta name=\"author\" content=\"reda\u00e7\u00e3o\" \/>\n<meta name=\"twitter:card\" content=\"summary_large_image\" \/>\n<meta name=\"twitter:label1\" content=\"Escrito por\" \/>\n\t<meta name=\"twitter:data1\" content=\"reda\u00e7\u00e3o\" \/>\n\t<meta name=\"twitter:label2\" content=\"Est. tempo de leitura\" \/>\n\t<meta name=\"twitter:data2\" content=\"4 minutos\" \/>\n<script type=\"application\/ld+json\" class=\"yoast-schema-graph\">{\"@context\":\"https:\/\/schema.org\",\"@graph\":[{\"@type\":\"Article\",\"@id\":\"https:\/\/noorbe.com.br\/index.php\/2024\/11\/25\/a-transicao-da-carreira-linear-para-ciclos-dinamicos\/#article\",\"isPartOf\":{\"@id\":\"https:\/\/noorbe.com.br\/index.php\/2024\/11\/25\/a-transicao-da-carreira-linear-para-ciclos-dinamicos\/\"},\"author\":{\"name\":\"reda\u00e7\u00e3o\",\"@id\":\"https:\/\/noorbe.com.br\/#\/schema\/person\/91c15812f01705e694e85f3d97ca918b\"},\"headline\":\"A transi\u00e7\u00e3o da carreira linear para ciclos din\u00e2micos\",\"datePublished\":\"2024-11-25T22:56:33+00:00\",\"dateModified\":\"2025-11-06T16:47:27+00:00\",\"mainEntityOfPage\":{\"@id\":\"https:\/\/noorbe.com.br\/index.php\/2024\/11\/25\/a-transicao-da-carreira-linear-para-ciclos-dinamicos\/\"},\"wordCount\":689,\"commentCount\":0,\"publisher\":{\"@id\":\"https:\/\/noorbe.com.br\/#organization\"},\"image\":{\"@id\":\"https:\/\/noorbe.com.br\/index.php\/2024\/11\/25\/a-transicao-da-carreira-linear-para-ciclos-dinamicos\/#primaryimage\"},\"thumbnailUrl\":\"https:\/\/noorbe.com.br\/wp-content\/uploads\/2024\/11\/shutterstock_2531869573.jpg\",\"keywords\":[\"Carreira Din\u00e2mica; Ciclos de Carreira; Gest\u00e3o de Talentos; Inova\u00e7\u00e3o no Trabalho; Mobilidade Interna; Flexibilidade no Trabalho; Desenvolvimento Profissional; Gest\u00e3o de Pessoas;\"],\"articleSection\":[\"Aline Gobbi\",\"Business\",\"Carreiras\",\"Colunistas\"],\"inLanguage\":\"pt-BR\",\"potentialAction\":[{\"@type\":\"CommentAction\",\"name\":\"Comment\",\"target\":[\"https:\/\/noorbe.com.br\/index.php\/2024\/11\/25\/a-transicao-da-carreira-linear-para-ciclos-dinamicos\/#respond\"]}]},{\"@type\":\"WebPage\",\"@id\":\"https:\/\/noorbe.com.br\/index.php\/2024\/11\/25\/a-transicao-da-carreira-linear-para-ciclos-dinamicos\/\",\"url\":\"https:\/\/noorbe.com.br\/index.php\/2024\/11\/25\/a-transicao-da-carreira-linear-para-ciclos-dinamicos\/\",\"name\":\"A transi\u00e7\u00e3o da carreira linear para ciclos din\u00e2micos - Noorbe\",\"isPartOf\":{\"@id\":\"https:\/\/noorbe.com.br\/#website\"},\"primaryImageOfPage\":{\"@id\":\"https:\/\/noorbe.com.br\/index.php\/2024\/11\/25\/a-transicao-da-carreira-linear-para-ciclos-dinamicos\/#primaryimage\"},\"image\":{\"@id\":\"https:\/\/noorbe.com.br\/index.php\/2024\/11\/25\/a-transicao-da-carreira-linear-para-ciclos-dinamicos\/#primaryimage\"},\"thumbnailUrl\":\"https:\/\/noorbe.com.br\/wp-content\/uploads\/2024\/11\/shutterstock_2531869573.jpg\",\"datePublished\":\"2024-11-25T22:56:33+00:00\",\"dateModified\":\"2025-11-06T16:47:27+00:00\",\"description\":\"A transi\u00e7\u00e3o de carreiras lineares para ciclos din\u00e2micos est\u00e1 moldando o futuro do trabalho. Descubra como empresas podem se adaptar a essa mudan\u00e7a e criar ambientes inovadores que atraiam e retenham talentos.\",\"breadcrumb\":{\"@id\":\"https:\/\/noorbe.com.br\/index.php\/2024\/11\/25\/a-transicao-da-carreira-linear-para-ciclos-dinamicos\/#breadcrumb\"},\"inLanguage\":\"pt-BR\",\"potentialAction\":[{\"@type\":\"ReadAction\",\"target\":[\"https:\/\/noorbe.com.br\/index.php\/2024\/11\/25\/a-transicao-da-carreira-linear-para-ciclos-dinamicos\/\"]}]},{\"@type\":\"ImageObject\",\"inLanguage\":\"pt-BR\",\"@id\":\"https:\/\/noorbe.com.br\/index.php\/2024\/11\/25\/a-transicao-da-carreira-linear-para-ciclos-dinamicos\/#primaryimage\",\"url\":\"https:\/\/noorbe.com.br\/wp-content\/uploads\/2024\/11\/shutterstock_2531869573.jpg\",\"contentUrl\":\"https:\/\/noorbe.com.br\/wp-content\/uploads\/2024\/11\/shutterstock_2531869573.jpg\",\"width\":1000,\"height\":578,\"caption\":\"A m\u00e3o de uma pessoa organizando blocos de madeira para soletrar a palavra \\\"CARREIRA\\\", simbolizando o desenvolvimento da carreira e o crescimento pessoal em um contexto criativo.\"},{\"@type\":\"BreadcrumbList\",\"@id\":\"https:\/\/noorbe.com.br\/index.php\/2024\/11\/25\/a-transicao-da-carreira-linear-para-ciclos-dinamicos\/#breadcrumb\",\"itemListElement\":[{\"@type\":\"ListItem\",\"position\":1,\"name\":\"In\u00edcio\",\"item\":\"https:\/\/noorbe.com.br\/\"},{\"@type\":\"ListItem\",\"position\":2,\"name\":\"A transi\u00e7\u00e3o da carreira linear para ciclos din\u00e2micos\"}]},{\"@type\":\"WebSite\",\"@id\":\"https:\/\/noorbe.com.br\/#website\",\"url\":\"https:\/\/noorbe.com.br\/\",\"name\":\"Noorbe\",\"description\":\"\",\"publisher\":{\"@id\":\"https:\/\/noorbe.com.br\/#organization\"},\"potentialAction\":[{\"@type\":\"SearchAction\",\"target\":{\"@type\":\"EntryPoint\",\"urlTemplate\":\"https:\/\/noorbe.com.br\/?s={search_term_string}\"},\"query-input\":{\"@type\":\"PropertyValueSpecification\",\"valueRequired\":true,\"valueName\":\"search_term_string\"}}],\"inLanguage\":\"pt-BR\"},{\"@type\":\"Organization\",\"@id\":\"https:\/\/noorbe.com.br\/#organization\",\"name\":\"Noorbe\",\"url\":\"https:\/\/noorbe.com.br\/\",\"logo\":{\"@type\":\"ImageObject\",\"inLanguage\":\"pt-BR\",\"@id\":\"https:\/\/noorbe.com.br\/#\/schema\/logo\/image\/\",\"url\":\"https:\/\/noorbe.com.br\/wp-content\/uploads\/2024\/05\/noorbe.jpg\",\"contentUrl\":\"https:\/\/noorbe.com.br\/wp-content\/uploads\/2024\/05\/noorbe.jpg\",\"width\":300,\"height\":53,\"caption\":\"Noorbe\"},\"image\":{\"@id\":\"https:\/\/noorbe.com.br\/#\/schema\/logo\/image\/\"}},{\"@type\":\"Person\",\"@id\":\"https:\/\/noorbe.com.br\/#\/schema\/person\/91c15812f01705e694e85f3d97ca918b\",\"name\":\"reda\u00e7\u00e3o\",\"image\":{\"@type\":\"ImageObject\",\"inLanguage\":\"pt-BR\",\"@id\":\"https:\/\/noorbe.com.br\/#\/schema\/person\/image\/\",\"url\":\"https:\/\/secure.gravatar.com\/avatar\/8127b64fc9b7ae806aaaf0ceb8dc77bbe9560462241d5264f19dd5635e941324?s=96&d=mm&r=g\",\"contentUrl\":\"https:\/\/secure.gravatar.com\/avatar\/8127b64fc9b7ae806aaaf0ceb8dc77bbe9560462241d5264f19dd5635e941324?s=96&d=mm&r=g\",\"caption\":\"reda\u00e7\u00e3o\"},\"sameAs\":[\"https:\/\/noorbe.com.br\"],\"url\":\"https:\/\/noorbe.com.br\/index.php\/author\/noorbeamz\/\"}]}<\/script>\n<!-- \/ Yoast SEO plugin. -->","yoast_head_json":{"title":"A transi\u00e7\u00e3o da carreira linear para ciclos din\u00e2micos - Noorbe","description":"A transi\u00e7\u00e3o de carreiras lineares para ciclos din\u00e2micos est\u00e1 moldando o futuro do trabalho. Descubra como empresas podem se adaptar a essa mudan\u00e7a e criar ambientes inovadores que atraiam e retenham talentos.","robots":{"index":"index","follow":"follow","max-snippet":"max-snippet:-1","max-image-preview":"max-image-preview:large","max-video-preview":"max-video-preview:-1"},"canonical":"https:\/\/noorbe.com.br\/index.php\/2024\/11\/25\/a-transicao-da-carreira-linear-para-ciclos-dinamicos\/","og_locale":"pt_BR","og_type":"article","og_title":"A transi\u00e7\u00e3o da carreira linear para ciclos din\u00e2micos - Noorbe","og_description":"A transi\u00e7\u00e3o de carreiras lineares para ciclos din\u00e2micos est\u00e1 moldando o futuro do trabalho. Descubra como empresas podem se adaptar a essa mudan\u00e7a e criar ambientes inovadores que atraiam e retenham talentos.","og_url":"https:\/\/noorbe.com.br\/index.php\/2024\/11\/25\/a-transicao-da-carreira-linear-para-ciclos-dinamicos\/","og_site_name":"Noorbe","article_published_time":"2024-11-25T22:56:33+00:00","article_modified_time":"2025-11-06T16:47:27+00:00","og_image":[{"width":1000,"height":578,"url":"https:\/\/noorbe.com.br\/wp-content\/uploads\/2024\/11\/shutterstock_2531869573.jpg","type":"image\/jpeg"}],"author":"reda\u00e7\u00e3o","twitter_card":"summary_large_image","twitter_misc":{"Escrito por":"reda\u00e7\u00e3o","Est. tempo de leitura":"4 minutos"},"schema":{"@context":"https:\/\/schema.org","@graph":[{"@type":"Article","@id":"https:\/\/noorbe.com.br\/index.php\/2024\/11\/25\/a-transicao-da-carreira-linear-para-ciclos-dinamicos\/#article","isPartOf":{"@id":"https:\/\/noorbe.com.br\/index.php\/2024\/11\/25\/a-transicao-da-carreira-linear-para-ciclos-dinamicos\/"},"author":{"name":"reda\u00e7\u00e3o","@id":"https:\/\/noorbe.com.br\/#\/schema\/person\/91c15812f01705e694e85f3d97ca918b"},"headline":"A transi\u00e7\u00e3o da carreira linear para ciclos din\u00e2micos","datePublished":"2024-11-25T22:56:33+00:00","dateModified":"2025-11-06T16:47:27+00:00","mainEntityOfPage":{"@id":"https:\/\/noorbe.com.br\/index.php\/2024\/11\/25\/a-transicao-da-carreira-linear-para-ciclos-dinamicos\/"},"wordCount":689,"commentCount":0,"publisher":{"@id":"https:\/\/noorbe.com.br\/#organization"},"image":{"@id":"https:\/\/noorbe.com.br\/index.php\/2024\/11\/25\/a-transicao-da-carreira-linear-para-ciclos-dinamicos\/#primaryimage"},"thumbnailUrl":"https:\/\/noorbe.com.br\/wp-content\/uploads\/2024\/11\/shutterstock_2531869573.jpg","keywords":["Carreira Din\u00e2mica; Ciclos de Carreira; Gest\u00e3o de Talentos; Inova\u00e7\u00e3o no Trabalho; Mobilidade Interna; Flexibilidade no Trabalho; Desenvolvimento Profissional; Gest\u00e3o de Pessoas;"],"articleSection":["Aline Gobbi","Business","Carreiras","Colunistas"],"inLanguage":"pt-BR","potentialAction":[{"@type":"CommentAction","name":"Comment","target":["https:\/\/noorbe.com.br\/index.php\/2024\/11\/25\/a-transicao-da-carreira-linear-para-ciclos-dinamicos\/#respond"]}]},{"@type":"WebPage","@id":"https:\/\/noorbe.com.br\/index.php\/2024\/11\/25\/a-transicao-da-carreira-linear-para-ciclos-dinamicos\/","url":"https:\/\/noorbe.com.br\/index.php\/2024\/11\/25\/a-transicao-da-carreira-linear-para-ciclos-dinamicos\/","name":"A transi\u00e7\u00e3o da carreira linear para ciclos din\u00e2micos - Noorbe","isPartOf":{"@id":"https:\/\/noorbe.com.br\/#website"},"primaryImageOfPage":{"@id":"https:\/\/noorbe.com.br\/index.php\/2024\/11\/25\/a-transicao-da-carreira-linear-para-ciclos-dinamicos\/#primaryimage"},"image":{"@id":"https:\/\/noorbe.com.br\/index.php\/2024\/11\/25\/a-transicao-da-carreira-linear-para-ciclos-dinamicos\/#primaryimage"},"thumbnailUrl":"https:\/\/noorbe.com.br\/wp-content\/uploads\/2024\/11\/shutterstock_2531869573.jpg","datePublished":"2024-11-25T22:56:33+00:00","dateModified":"2025-11-06T16:47:27+00:00","description":"A transi\u00e7\u00e3o de carreiras lineares para ciclos din\u00e2micos est\u00e1 moldando o futuro do trabalho. Descubra como empresas podem se adaptar a essa mudan\u00e7a e criar ambientes inovadores que atraiam e retenham talentos.","breadcrumb":{"@id":"https:\/\/noorbe.com.br\/index.php\/2024\/11\/25\/a-transicao-da-carreira-linear-para-ciclos-dinamicos\/#breadcrumb"},"inLanguage":"pt-BR","potentialAction":[{"@type":"ReadAction","target":["https:\/\/noorbe.com.br\/index.php\/2024\/11\/25\/a-transicao-da-carreira-linear-para-ciclos-dinamicos\/"]}]},{"@type":"ImageObject","inLanguage":"pt-BR","@id":"https:\/\/noorbe.com.br\/index.php\/2024\/11\/25\/a-transicao-da-carreira-linear-para-ciclos-dinamicos\/#primaryimage","url":"https:\/\/noorbe.com.br\/wp-content\/uploads\/2024\/11\/shutterstock_2531869573.jpg","contentUrl":"https:\/\/noorbe.com.br\/wp-content\/uploads\/2024\/11\/shutterstock_2531869573.jpg","width":1000,"height":578,"caption":"A m\u00e3o de uma pessoa organizando blocos de madeira para soletrar a palavra \"CARREIRA\", simbolizando o desenvolvimento da carreira e o crescimento pessoal em um contexto criativo."},{"@type":"BreadcrumbList","@id":"https:\/\/noorbe.com.br\/index.php\/2024\/11\/25\/a-transicao-da-carreira-linear-para-ciclos-dinamicos\/#breadcrumb","itemListElement":[{"@type":"ListItem","position":1,"name":"In\u00edcio","item":"https:\/\/noorbe.com.br\/"},{"@type":"ListItem","position":2,"name":"A transi\u00e7\u00e3o da carreira linear para ciclos din\u00e2micos"}]},{"@type":"WebSite","@id":"https:\/\/noorbe.com.br\/#website","url":"https:\/\/noorbe.com.br\/","name":"Noorbe","description":"","publisher":{"@id":"https:\/\/noorbe.com.br\/#organization"},"potentialAction":[{"@type":"SearchAction","target":{"@type":"EntryPoint","urlTemplate":"https:\/\/noorbe.com.br\/?s={search_term_string}"},"query-input":{"@type":"PropertyValueSpecification","valueRequired":true,"valueName":"search_term_string"}}],"inLanguage":"pt-BR"},{"@type":"Organization","@id":"https:\/\/noorbe.com.br\/#organization","name":"Noorbe","url":"https:\/\/noorbe.com.br\/","logo":{"@type":"ImageObject","inLanguage":"pt-BR","@id":"https:\/\/noorbe.com.br\/#\/schema\/logo\/image\/","url":"https:\/\/noorbe.com.br\/wp-content\/uploads\/2024\/05\/noorbe.jpg","contentUrl":"https:\/\/noorbe.com.br\/wp-content\/uploads\/2024\/05\/noorbe.jpg","width":300,"height":53,"caption":"Noorbe"},"image":{"@id":"https:\/\/noorbe.com.br\/#\/schema\/logo\/image\/"}},{"@type":"Person","@id":"https:\/\/noorbe.com.br\/#\/schema\/person\/91c15812f01705e694e85f3d97ca918b","name":"reda\u00e7\u00e3o","image":{"@type":"ImageObject","inLanguage":"pt-BR","@id":"https:\/\/noorbe.com.br\/#\/schema\/person\/image\/","url":"https:\/\/secure.gravatar.com\/avatar\/8127b64fc9b7ae806aaaf0ceb8dc77bbe9560462241d5264f19dd5635e941324?s=96&d=mm&r=g","contentUrl":"https:\/\/secure.gravatar.com\/avatar\/8127b64fc9b7ae806aaaf0ceb8dc77bbe9560462241d5264f19dd5635e941324?s=96&d=mm&r=g","caption":"reda\u00e7\u00e3o"},"sameAs":["https:\/\/noorbe.com.br"],"url":"https:\/\/noorbe.com.br\/index.php\/author\/noorbeamz\/"}]}},"views":365,"_links":{"self":[{"href":"https:\/\/noorbe.com.br\/index.php\/wp-json\/wp\/v2\/posts\/3452","targetHints":{"allow":["GET"]}}],"collection":[{"href":"https:\/\/noorbe.com.br\/index.php\/wp-json\/wp\/v2\/posts"}],"about":[{"href":"https:\/\/noorbe.com.br\/index.php\/wp-json\/wp\/v2\/types\/post"}],"author":[{"embeddable":true,"href":"https:\/\/noorbe.com.br\/index.php\/wp-json\/wp\/v2\/users\/1"}],"replies":[{"embeddable":true,"href":"https:\/\/noorbe.com.br\/index.php\/wp-json\/wp\/v2\/comments?post=3452"}],"version-history":[{"count":10,"href":"https:\/\/noorbe.com.br\/index.php\/wp-json\/wp\/v2\/posts\/3452\/revisions"}],"predecessor-version":[{"id":4575,"href":"https:\/\/noorbe.com.br\/index.php\/wp-json\/wp\/v2\/posts\/3452\/revisions\/4575"}],"wp:featuredmedia":[{"embeddable":true,"href":"https:\/\/noorbe.com.br\/index.php\/wp-json\/wp\/v2\/media\/3453"}],"wp:attachment":[{"href":"https:\/\/noorbe.com.br\/index.php\/wp-json\/wp\/v2\/media?parent=3452"}],"wp:term":[{"taxonomy":"category","embeddable":true,"href":"https:\/\/noorbe.com.br\/index.php\/wp-json\/wp\/v2\/categories?post=3452"},{"taxonomy":"post_tag","embeddable":true,"href":"https:\/\/noorbe.com.br\/index.php\/wp-json\/wp\/v2\/tags?post=3452"}],"curies":[{"name":"wp","href":"https:\/\/api.w.org\/{rel}","templated":true}]}}