{"id":4039,"date":"2025-09-24T12:48:36","date_gmt":"2025-09-24T12:48:36","guid":{"rendered":"https:\/\/noorbe.com.br\/?p=4039"},"modified":"2025-11-06T16:07:51","modified_gmt":"2025-11-06T16:07:51","slug":"pai-e-ceo-ou-ceo-e-pai-o-que-vem-primeiro","status":"publish","type":"post","link":"https:\/\/noorbe.com.br\/index.php\/2025\/09\/24\/pai-e-ceo-ou-ceo-e-pai-o-que-vem-primeiro\/","title":{"rendered":"Pai e CEO ou CEO e Pai, o que vem primeiro?"},"content":{"rendered":"\t\t<div data-elementor-type=\"wp-post\" data-elementor-id=\"4039\" class=\"elementor elementor-4039\" data-elementor-post-type=\"post\">\n\t\t\t\t<div class=\"elementor-element elementor-element-3088caf e-flex e-con-boxed e-con e-parent\" data-id=\"3088caf\" data-element_type=\"container\" data-e-type=\"container\">\n\t\t\t\t\t<div class=\"e-con-inner\">\n\t\t\t\t<div class=\"elementor-element elementor-element-a67e3cd elementor-widget elementor-widget-image\" data-id=\"a67e3cd\" data-element_type=\"widget\" data-e-type=\"widget\" data-widget_type=\"image.default\">\n\t\t\t\t<div class=\"elementor-widget-container\">\n\t\t\t\t\t\t\t\t\t\t\t\t\t\t\t<img fetchpriority=\"high\" decoding=\"async\" width=\"612\" height=\"408\" src=\"https:\/\/noorbe.com.br\/wp-content\/uploads\/2025\/09\/istockphoto-1455472721-612x612-1.jpg\" class=\"attachment-large size-large wp-image-4040\" alt=\"\" srcset=\"https:\/\/noorbe.com.br\/wp-content\/uploads\/2025\/09\/istockphoto-1455472721-612x612-1.jpg 612w, https:\/\/noorbe.com.br\/wp-content\/uploads\/2025\/09\/istockphoto-1455472721-612x612-1-300x200.jpg 300w\" sizes=\"(max-width: 612px) 100vw, 612px\" \/>\t\t\t\t\t\t\t\t\t\t\t\t\t\t\t<\/div>\n\t\t\t\t<\/div>\n\t\t\t\t<div class=\"elementor-element elementor-element-8fcffcd elementor-widget elementor-widget-text-editor\" data-id=\"8fcffcd\" data-element_type=\"widget\" data-e-type=\"widget\" data-widget_type=\"text-editor.default\">\n\t\t\t\t<div class=\"elementor-widget-container\">\n\t\t\t\t\t\t\t\t\t<p class=\"MsoNormal\" style=\"mso-margin-top-alt: auto; mso-margin-bottom-alt: auto; line-height: normal;\"><i><span style=\"font-family: 'Times New Roman',serif; mso-fareast-font-family: 'Times New Roman'; mso-font-kerning: 0pt; mso-ligatures: none; mso-fareast-language: PT-BR;\">Por Bruno Carvalho dos Santos<\/span><\/i><\/p><p class=\"MsoNormal\" style=\"mso-margin-top-alt: auto; mso-margin-bottom-alt: auto; line-height: normal;\"><span style=\"font-family: 'Times New Roman',serif; mso-fareast-font-family: 'Times New Roman'; mso-font-kerning: 0pt; mso-ligatures: none; mso-fareast-language: PT-BR;\">\u201cAgora s\u00e3o 5h30 da manh\u00e3, o Lucas (1 ano) j\u00e1 despertou, acordei para cuidar dele e estou aqui, escrevendo este texto. Ele brinca por perto, sozinho. Mais tarde, vou me arrepender por n\u00e3o ter parado para brincar com ele. E amanh\u00e3, provavelmente, vou sentir saudade desse momento que deixei passar.\u201d<\/span><\/p><p class=\"MsoNormal\" style=\"mso-margin-top-alt: auto; mso-margin-bottom-alt: auto; line-height: normal;\"><span style=\"font-family: 'Times New Roman',serif; mso-fareast-font-family: 'Times New Roman'; mso-font-kerning: 0pt; mso-ligatures: none; mso-fareast-language: PT-BR;\">Ser pai, CEO, marido, filho, esportista, m\u00fasico, amigo, irm\u00e3o, neto &#8230; Wow, quantas fun\u00e7\u00f5es. E todas elas exigem tempo, lideran\u00e7a, presen\u00e7a, paci\u00eancia e habilidades de tomar decis\u00f5es dif\u00edceis o tempo todo. A maior delas, talvez, seja decidir quem precisa mais de mim hoje: minha empresa ou meus filhos?<\/span><\/p><p class=\"MsoNormal\" style=\"mso-margin-top-alt: auto; mso-margin-bottom-alt: auto; line-height: normal;\"><span style=\"font-family: 'Times New Roman',serif; mso-fareast-font-family: 'Times New Roman'; mso-font-kerning: 0pt; mso-ligatures: none; mso-fareast-language: PT-BR;\">Durante a pandemia, vivi um privil\u00e9gio raro para um empres\u00e1rio. Minha filha mais velha estava com poucos meses de vida quando o mundo parou. E, por algum tempo, eu tamb\u00e9m parei. N\u00e3o os neg\u00f3cios, claro, mas a rotina insana de tr\u00e2nsito, reuni\u00f5es presenciais e viagens. Fiz home office com ela no colo, no p\u00e9 ou por perto. Dei mamadeira entre uma chamada de v\u00eddeo e outra. Um pai de primeira viagem no meio daquele momento maluco. <\/span><\/p><p class=\"MsoNormal\" style=\"mso-margin-top-alt: auto; mso-margin-bottom-alt: auto; line-height: normal;\"><span style=\"font-family: 'Times New Roman',serif; mso-fareast-font-family: 'Times New Roman'; mso-font-kerning: 0pt; mso-ligatures: none; mso-fareast-language: PT-BR;\">Naquela situa\u00e7\u00e3o eu tamb\u00e9m aprendi algo valioso: <b>n\u00e3o basta estar em casa, \u00e9 preciso estar presente de verdade.<\/b><\/span><\/p><p class=\"MsoNormal\" style=\"mso-margin-top-alt: auto; mso-margin-bottom-alt: auto; line-height: normal;\"><span style=\"font-family: 'Times New Roman',serif; mso-fareast-font-family: 'Times New Roman'; mso-font-kerning: 0pt; mso-ligatures: none; mso-fareast-language: PT-BR;\">Hoje, no modelo h\u00edbrido, minha rotina voltou a ser puxada. Saio cedo, volto tarde, prefiro trabalhar da empresa, mesmo quando vou sozinho, fico mais longe das crian\u00e7as, mas \u00e0s vezes escuto um \u201cfica, papai\u201d quando estou pegando as chaves do carro. Essa chamada me desmonta. Porque eles n\u00e3o entendem os compromissos, as metas, o crescimento. Eles entendem a aus\u00eancia.<\/span><\/p><p class=\"MsoNormal\" style=\"mso-margin-top-alt: auto; mso-margin-bottom-alt: auto; line-height: normal;\"><span style=\"font-family: 'Times New Roman',serif; mso-fareast-font-family: 'Times New Roman'; mso-font-kerning: 0pt; mso-ligatures: none; mso-fareast-language: PT-BR;\">A verdade \u00e9 que ser pai me ensinou a ser um CEO melhor. E ser CEO me mostrou o quanto o tempo \u00e9 nosso bem mais escasso e mais valioso. Hoje posso dizer que eu tenho tudo o que eu sempre sonhei, menos o tempo que me falta para fazer tudo o que eu quero. Pensando nisso, tento aplicar o que aprendi sobre <i>mindfulness<\/i> (aten\u00e7\u00e3o plena) na paternidade: quando estou com eles, tento estar 100%. Sem celular, (dif\u00edcil, mas n\u00e3o imposs\u00edvel) sem notifica\u00e7\u00f5es, sem tentar resolver um problema da empresa com a cabe\u00e7a. Mas nem sempre consigo. A tenta\u00e7\u00e3o de \u201caproveitar o tempo\u201d e trabalhar enquanto estou com eles por perto \u00e0s vezes vence. Afinal, meu trabalho n\u00e3o para, sempre tenho muitas tarefas para pensar e tomar uma decis\u00e3o. Por\u00e9m, quando chego na ag\u00eancia, bate o arrependimento, poderia ter ficado mais presente com cada um. <\/span><\/p><p class=\"MsoNormal\" style=\"mso-margin-top-alt: auto; mso-margin-bottom-alt: auto; line-height: normal;\"><span style=\"font-family: 'Times New Roman',serif; mso-fareast-font-family: 'Times New Roman'; mso-font-kerning: 0pt; mso-ligatures: none; mso-fareast-language: PT-BR;\">Porque o tempo passa. E eles crescem. E as reuni\u00f5es, projetos, propostas que pareciam importantes, na maioria das vezes, n\u00e3o eram. Mas o ritual do fim do dia: banho, pijama, escovar os dentes, mamadeira e historinha antes de dormir \u2026 esses n\u00e3o voltam.<\/span><\/p><p class=\"MsoNormal\" style=\"mso-margin-top-alt: auto; mso-margin-bottom-alt: auto; line-height: normal;\"><span style=\"font-family: 'Times New Roman',serif; mso-fareast-font-family: 'Times New Roman'; mso-font-kerning: 0pt; mso-ligatures: none; mso-fareast-language: PT-BR;\">Ser CEO \u00e9 cuidar de muitos colaboradores, clientes e fornecedores. Ser pai \u00e9 cuidar de poucos, 2, mas com muito mais profundidade. \u00c9 ali onde, de fato, sou insubstitu\u00edvel.<\/span><\/p><p class=\"MsoNormal\" style=\"mso-margin-top-alt: auto; mso-margin-bottom-alt: auto; line-height: normal;\"><span style=\"font-family: 'Times New Roman',serif; mso-fareast-font-family: 'Times New Roman'; mso-font-kerning: 0pt; mso-ligatures: none; mso-fareast-language: PT-BR;\">E nos dias em que estou mergulhado no trabalho e me pego com saudade dos meus filhos, lembro que tamb\u00e9m sou filho. E que meu pai, hoje, s\u00f3 quer um caf\u00e9 com conversa e minha aten\u00e7\u00e3o verdadeira. A mesma que eu tanto busco oferecer para os meus filhos. O ciclo se repete. E a presen\u00e7a continua sendo o melhor presente em qualquer situa\u00e7\u00e3o e para qualquer gera\u00e7\u00e3o. <\/span><\/p><p class=\"MsoNormal\" style=\"mso-margin-top-alt: auto; mso-margin-bottom-alt: auto; line-height: normal;\"><span style=\"font-family: 'Times New Roman',serif; mso-fareast-font-family: 'Times New Roman'; mso-font-kerning: 0pt; mso-ligatures: none; mso-fareast-language: PT-BR;\">Feliz Dia dos Pais!<br \/>Para quem \u00e9.<br \/>Para quem tem.<\/span><\/p><p class=\"MsoNormal\" style=\"mso-margin-top-alt: auto; mso-margin-bottom-alt: auto; line-height: normal;\"><span style=\"font-family: 'Times New Roman',serif; mso-fareast-font-family: 'Times New Roman'; mso-font-kerning: 0pt; mso-ligatures: none; mso-fareast-language: PT-BR;\">Para quem pretende ser. <br \/>E para quem est\u00e1 se esfor\u00e7ando para ser cada vez mais presente. <\/span><\/p><p>\u00a0<\/p><p class=\"MsoNormal\" style=\"margin-bottom: 0cm; line-height: normal;\"><span style=\"font-family: 'Times New Roman',serif; mso-fareast-font-family: 'Times New Roman'; mso-font-kerning: 0pt; mso-ligatures: none; mso-fareast-language: PT-BR;\">\u00a0<\/span><\/p>\t\t\t\t\t\t\t\t<\/div>\n\t\t\t\t<\/div>\n\t\t\t\t\t<\/div>\n\t\t\t\t<\/div>\n\t\t<div class=\"elementor-element elementor-element-b0fe8ec e-flex e-con-boxed e-con e-parent\" data-id=\"b0fe8ec\" data-element_type=\"container\" data-e-type=\"container\">\n\t\t\t\t\t<div class=\"e-con-inner\">\n\t\t\t\t<div class=\"elementor-element elementor-element-29236e8 elementor-widget elementor-widget-heading\" data-id=\"29236e8\" data-element_type=\"widget\" data-e-type=\"widget\" data-widget_type=\"heading.default\">\n\t\t\t\t<div class=\"elementor-widget-container\">\n\t\t\t\t\t<h2 class=\"elementor-heading-title elementor-size-default\">Mais artigos<\/h2>\t\t\t\t<\/div>\n\t\t\t\t<\/div>\n\t\t\t\t<div class=\"elementor-element elementor-element-fa53d8c elementor-widget elementor-widget-html\" data-id=\"fa53d8c\" data-element_type=\"widget\" data-e-type=\"widget\" data-widget_type=\"html.default\">\n\t\t\t\t<div class=\"elementor-widget-container\">\n\t\t\t\t\t<!-- Links \u2013 CEO e pai -->\r\n<h3 style=\"font-size: 25px; font-weight: 600;\">Links \u2013 CEO e pai<\/h3>\r\n<a href=\"https:\/\/www.balcaoautomotivo.com\/2025\/08\/08\/perolas-de-aprendizados-transmitidas-pelos-filhos\/\" target=\"_blank\">https:\/\/www.balcaoautomotivo.com\/2025\/08\/08\/perolas-de-aprendizados-transmitidas-pelos-filhos\/<\/a><br>\r\n<a href=\"https:\/\/www.baguete.com.br\/noticias\/pai-e-ceo-ou-ceo-e-pai-o-que-vem-primeiro\" target=\"_blank\">https:\/\/www.baguete.com.br\/noticias\/pai-e-ceo-ou-ceo-e-pai-o-que-vem-primeiro<\/a><br>\r\n<a href=\"https:\/\/jornaltribuna.com.br\/2025\/08\/pai-e-ceo-ou-ceo-e-pai-o-que-vem-primeiro\/\" target=\"_blank\">https:\/\/jornaltribuna.com.br\/2025\/08\/pai-e-ceo-ou-ceo-e-pai-o-que-vem-primeiro\/<\/a><br>\r\n<a href=\"https:\/\/meioenegocio.com.br\/pai-e-ceo-ou-ceo-e-pai-o-que-vem-primeiro\/\" target=\"_blank\">https:\/\/meioenegocio.com.br\/pai-e-ceo-ou-ceo-e-pai-o-que-vem-primeiro\/<\/a><br>\t\t\t\t<\/div>\n\t\t\t\t<\/div>\n\t\t\t\t\t<\/div>\n\t\t\t\t<\/div>\n\t\t\t\t<\/div>\n\t\t","protected":false},"excerpt":{"rendered":"<p>Pai e CEO ou CEO e Pai, o que vem primeiro?<br \/>\nA dif\u00edcil arte de estar presente nos dois mundos<\/p>\n","protected":false},"author":1,"featured_media":4040,"comment_status":"open","ping_status":"open","sticky":false,"template":"","format":"standard","meta":{"footnotes":""},"categories":[54,39,43,52],"tags":[103],"class_list":["post-4039","post","type-post","status-publish","format-standard","has-post-thumbnail","hentry","category-bruno-carvalho","category-business","category-carreiras","category-colunistas","tag-felicidade-sucesso-profissional-carreira-relacionamentos-vida"],"yoast_head":"<!-- This site is optimized with the Yoast SEO plugin v26.2 - https:\/\/yoast.com\/wordpress\/plugins\/seo\/ -->\n<title>Pai e CEO ou CEO e Pai, o que vem primeiro? - Noorbe<\/title>\n<meta name=\"description\" content=\"Pai e CEO ou CEO e Pai, o que vem primeiro? A dif\u00edcil arte de estar presente nos dois mundos.\" \/>\n<meta name=\"robots\" content=\"index, follow, max-snippet:-1, max-image-preview:large, max-video-preview:-1\" \/>\n<link rel=\"canonical\" href=\"https:\/\/noorbe.com.br\/index.php\/2025\/09\/24\/pai-e-ceo-ou-ceo-e-pai-o-que-vem-primeiro\/\" \/>\n<meta property=\"og:locale\" content=\"pt_BR\" \/>\n<meta property=\"og:type\" content=\"article\" \/>\n<meta property=\"og:title\" content=\"Pai e CEO ou CEO e Pai, o que vem primeiro? - Noorbe\" \/>\n<meta property=\"og:description\" content=\"Pai e CEO ou CEO e Pai, o que vem primeiro? A dif\u00edcil arte de estar presente nos dois mundos.\" \/>\n<meta property=\"og:url\" content=\"https:\/\/noorbe.com.br\/index.php\/2025\/09\/24\/pai-e-ceo-ou-ceo-e-pai-o-que-vem-primeiro\/\" \/>\n<meta property=\"og:site_name\" content=\"Noorbe\" \/>\n<meta property=\"article:published_time\" content=\"2025-09-24T12:48:36+00:00\" \/>\n<meta property=\"article:modified_time\" content=\"2025-11-06T16:07:51+00:00\" \/>\n<meta property=\"og:image\" content=\"https:\/\/noorbe.com.br\/wp-content\/uploads\/2025\/09\/istockphoto-1455472721-612x612-1.jpg\" \/>\n\t<meta property=\"og:image:width\" content=\"612\" \/>\n\t<meta property=\"og:image:height\" content=\"408\" \/>\n\t<meta property=\"og:image:type\" content=\"image\/jpeg\" \/>\n<meta name=\"author\" content=\"reda\u00e7\u00e3o\" \/>\n<meta name=\"twitter:card\" content=\"summary_large_image\" \/>\n<meta name=\"twitter:label1\" content=\"Escrito por\" \/>\n\t<meta name=\"twitter:data1\" content=\"reda\u00e7\u00e3o\" \/>\n\t<meta name=\"twitter:label2\" content=\"Est. tempo de leitura\" \/>\n\t<meta name=\"twitter:data2\" content=\"4 minutos\" \/>\n<script type=\"application\/ld+json\" class=\"yoast-schema-graph\">{\"@context\":\"https:\/\/schema.org\",\"@graph\":[{\"@type\":\"Article\",\"@id\":\"https:\/\/noorbe.com.br\/index.php\/2025\/09\/24\/pai-e-ceo-ou-ceo-e-pai-o-que-vem-primeiro\/#article\",\"isPartOf\":{\"@id\":\"https:\/\/noorbe.com.br\/index.php\/2025\/09\/24\/pai-e-ceo-ou-ceo-e-pai-o-que-vem-primeiro\/\"},\"author\":{\"name\":\"reda\u00e7\u00e3o\",\"@id\":\"https:\/\/noorbe.com.br\/#\/schema\/person\/91c15812f01705e694e85f3d97ca918b\"},\"headline\":\"Pai e CEO ou CEO e Pai, o que vem primeiro?\",\"datePublished\":\"2025-09-24T12:48:36+00:00\",\"dateModified\":\"2025-11-06T16:07:51+00:00\",\"mainEntityOfPage\":{\"@id\":\"https:\/\/noorbe.com.br\/index.php\/2025\/09\/24\/pai-e-ceo-ou-ceo-e-pai-o-que-vem-primeiro\/\"},\"wordCount\":639,\"commentCount\":0,\"publisher\":{\"@id\":\"https:\/\/noorbe.com.br\/#organization\"},\"image\":{\"@id\":\"https:\/\/noorbe.com.br\/index.php\/2025\/09\/24\/pai-e-ceo-ou-ceo-e-pai-o-que-vem-primeiro\/#primaryimage\"},\"thumbnailUrl\":\"https:\/\/noorbe.com.br\/wp-content\/uploads\/2025\/09\/istockphoto-1455472721-612x612-1.jpg\",\"keywords\":[\"Felicidade; Sucesso; Profissional; Carreira; Relacionamentos; Vida\"],\"articleSection\":[\"Bruno Carvalho\",\"Business\",\"Carreiras\",\"Colunistas\"],\"inLanguage\":\"pt-BR\",\"potentialAction\":[{\"@type\":\"CommentAction\",\"name\":\"Comment\",\"target\":[\"https:\/\/noorbe.com.br\/index.php\/2025\/09\/24\/pai-e-ceo-ou-ceo-e-pai-o-que-vem-primeiro\/#respond\"]}]},{\"@type\":\"WebPage\",\"@id\":\"https:\/\/noorbe.com.br\/index.php\/2025\/09\/24\/pai-e-ceo-ou-ceo-e-pai-o-que-vem-primeiro\/\",\"url\":\"https:\/\/noorbe.com.br\/index.php\/2025\/09\/24\/pai-e-ceo-ou-ceo-e-pai-o-que-vem-primeiro\/\",\"name\":\"Pai e CEO ou CEO e Pai, o que vem primeiro? - Noorbe\",\"isPartOf\":{\"@id\":\"https:\/\/noorbe.com.br\/#website\"},\"primaryImageOfPage\":{\"@id\":\"https:\/\/noorbe.com.br\/index.php\/2025\/09\/24\/pai-e-ceo-ou-ceo-e-pai-o-que-vem-primeiro\/#primaryimage\"},\"image\":{\"@id\":\"https:\/\/noorbe.com.br\/index.php\/2025\/09\/24\/pai-e-ceo-ou-ceo-e-pai-o-que-vem-primeiro\/#primaryimage\"},\"thumbnailUrl\":\"https:\/\/noorbe.com.br\/wp-content\/uploads\/2025\/09\/istockphoto-1455472721-612x612-1.jpg\",\"datePublished\":\"2025-09-24T12:48:36+00:00\",\"dateModified\":\"2025-11-06T16:07:51+00:00\",\"description\":\"Pai e CEO ou CEO e Pai, o que vem primeiro? A dif\u00edcil arte de estar presente nos dois mundos.\",\"breadcrumb\":{\"@id\":\"https:\/\/noorbe.com.br\/index.php\/2025\/09\/24\/pai-e-ceo-ou-ceo-e-pai-o-que-vem-primeiro\/#breadcrumb\"},\"inLanguage\":\"pt-BR\",\"potentialAction\":[{\"@type\":\"ReadAction\",\"target\":[\"https:\/\/noorbe.com.br\/index.php\/2025\/09\/24\/pai-e-ceo-ou-ceo-e-pai-o-que-vem-primeiro\/\"]}]},{\"@type\":\"ImageObject\",\"inLanguage\":\"pt-BR\",\"@id\":\"https:\/\/noorbe.com.br\/index.php\/2025\/09\/24\/pai-e-ceo-ou-ceo-e-pai-o-que-vem-primeiro\/#primaryimage\",\"url\":\"https:\/\/noorbe.com.br\/wp-content\/uploads\/2025\/09\/istockphoto-1455472721-612x612-1.jpg\",\"contentUrl\":\"https:\/\/noorbe.com.br\/wp-content\/uploads\/2025\/09\/istockphoto-1455472721-612x612-1.jpg\",\"width\":612,\"height\":408,\"caption\":\"Little daughter and young adult father speaking and walking on sidewalk through tree alley at city park. Spending time together in beautiful warm sunny summer day. Back view.\"},{\"@type\":\"BreadcrumbList\",\"@id\":\"https:\/\/noorbe.com.br\/index.php\/2025\/09\/24\/pai-e-ceo-ou-ceo-e-pai-o-que-vem-primeiro\/#breadcrumb\",\"itemListElement\":[{\"@type\":\"ListItem\",\"position\":1,\"name\":\"In\u00edcio\",\"item\":\"https:\/\/noorbe.com.br\/\"},{\"@type\":\"ListItem\",\"position\":2,\"name\":\"Pai e CEO ou CEO e Pai, o que vem primeiro?\"}]},{\"@type\":\"WebSite\",\"@id\":\"https:\/\/noorbe.com.br\/#website\",\"url\":\"https:\/\/noorbe.com.br\/\",\"name\":\"Noorbe\",\"description\":\"\",\"publisher\":{\"@id\":\"https:\/\/noorbe.com.br\/#organization\"},\"potentialAction\":[{\"@type\":\"SearchAction\",\"target\":{\"@type\":\"EntryPoint\",\"urlTemplate\":\"https:\/\/noorbe.com.br\/?s={search_term_string}\"},\"query-input\":{\"@type\":\"PropertyValueSpecification\",\"valueRequired\":true,\"valueName\":\"search_term_string\"}}],\"inLanguage\":\"pt-BR\"},{\"@type\":\"Organization\",\"@id\":\"https:\/\/noorbe.com.br\/#organization\",\"name\":\"Noorbe\",\"url\":\"https:\/\/noorbe.com.br\/\",\"logo\":{\"@type\":\"ImageObject\",\"inLanguage\":\"pt-BR\",\"@id\":\"https:\/\/noorbe.com.br\/#\/schema\/logo\/image\/\",\"url\":\"https:\/\/noorbe.com.br\/wp-content\/uploads\/2024\/05\/noorbe.jpg\",\"contentUrl\":\"https:\/\/noorbe.com.br\/wp-content\/uploads\/2024\/05\/noorbe.jpg\",\"width\":300,\"height\":53,\"caption\":\"Noorbe\"},\"image\":{\"@id\":\"https:\/\/noorbe.com.br\/#\/schema\/logo\/image\/\"}},{\"@type\":\"Person\",\"@id\":\"https:\/\/noorbe.com.br\/#\/schema\/person\/91c15812f01705e694e85f3d97ca918b\",\"name\":\"reda\u00e7\u00e3o\",\"image\":{\"@type\":\"ImageObject\",\"inLanguage\":\"pt-BR\",\"@id\":\"https:\/\/noorbe.com.br\/#\/schema\/person\/image\/\",\"url\":\"https:\/\/secure.gravatar.com\/avatar\/8127b64fc9b7ae806aaaf0ceb8dc77bbe9560462241d5264f19dd5635e941324?s=96&d=mm&r=g\",\"contentUrl\":\"https:\/\/secure.gravatar.com\/avatar\/8127b64fc9b7ae806aaaf0ceb8dc77bbe9560462241d5264f19dd5635e941324?s=96&d=mm&r=g\",\"caption\":\"reda\u00e7\u00e3o\"},\"sameAs\":[\"https:\/\/noorbe.com.br\"],\"url\":\"https:\/\/noorbe.com.br\/index.php\/author\/noorbeamz\/\"}]}<\/script>\n<!-- \/ Yoast SEO plugin. -->","yoast_head_json":{"title":"Pai e CEO ou CEO e Pai, o que vem primeiro? - Noorbe","description":"Pai e CEO ou CEO e Pai, o que vem primeiro? A dif\u00edcil arte de estar presente nos dois mundos.","robots":{"index":"index","follow":"follow","max-snippet":"max-snippet:-1","max-image-preview":"max-image-preview:large","max-video-preview":"max-video-preview:-1"},"canonical":"https:\/\/noorbe.com.br\/index.php\/2025\/09\/24\/pai-e-ceo-ou-ceo-e-pai-o-que-vem-primeiro\/","og_locale":"pt_BR","og_type":"article","og_title":"Pai e CEO ou CEO e Pai, o que vem primeiro? - Noorbe","og_description":"Pai e CEO ou CEO e Pai, o que vem primeiro? A dif\u00edcil arte de estar presente nos dois mundos.","og_url":"https:\/\/noorbe.com.br\/index.php\/2025\/09\/24\/pai-e-ceo-ou-ceo-e-pai-o-que-vem-primeiro\/","og_site_name":"Noorbe","article_published_time":"2025-09-24T12:48:36+00:00","article_modified_time":"2025-11-06T16:07:51+00:00","og_image":[{"width":612,"height":408,"url":"https:\/\/noorbe.com.br\/wp-content\/uploads\/2025\/09\/istockphoto-1455472721-612x612-1.jpg","type":"image\/jpeg"}],"author":"reda\u00e7\u00e3o","twitter_card":"summary_large_image","twitter_misc":{"Escrito por":"reda\u00e7\u00e3o","Est. tempo de leitura":"4 minutos"},"schema":{"@context":"https:\/\/schema.org","@graph":[{"@type":"Article","@id":"https:\/\/noorbe.com.br\/index.php\/2025\/09\/24\/pai-e-ceo-ou-ceo-e-pai-o-que-vem-primeiro\/#article","isPartOf":{"@id":"https:\/\/noorbe.com.br\/index.php\/2025\/09\/24\/pai-e-ceo-ou-ceo-e-pai-o-que-vem-primeiro\/"},"author":{"name":"reda\u00e7\u00e3o","@id":"https:\/\/noorbe.com.br\/#\/schema\/person\/91c15812f01705e694e85f3d97ca918b"},"headline":"Pai e CEO ou CEO e Pai, o que vem primeiro?","datePublished":"2025-09-24T12:48:36+00:00","dateModified":"2025-11-06T16:07:51+00:00","mainEntityOfPage":{"@id":"https:\/\/noorbe.com.br\/index.php\/2025\/09\/24\/pai-e-ceo-ou-ceo-e-pai-o-que-vem-primeiro\/"},"wordCount":639,"commentCount":0,"publisher":{"@id":"https:\/\/noorbe.com.br\/#organization"},"image":{"@id":"https:\/\/noorbe.com.br\/index.php\/2025\/09\/24\/pai-e-ceo-ou-ceo-e-pai-o-que-vem-primeiro\/#primaryimage"},"thumbnailUrl":"https:\/\/noorbe.com.br\/wp-content\/uploads\/2025\/09\/istockphoto-1455472721-612x612-1.jpg","keywords":["Felicidade; Sucesso; Profissional; Carreira; Relacionamentos; Vida"],"articleSection":["Bruno Carvalho","Business","Carreiras","Colunistas"],"inLanguage":"pt-BR","potentialAction":[{"@type":"CommentAction","name":"Comment","target":["https:\/\/noorbe.com.br\/index.php\/2025\/09\/24\/pai-e-ceo-ou-ceo-e-pai-o-que-vem-primeiro\/#respond"]}]},{"@type":"WebPage","@id":"https:\/\/noorbe.com.br\/index.php\/2025\/09\/24\/pai-e-ceo-ou-ceo-e-pai-o-que-vem-primeiro\/","url":"https:\/\/noorbe.com.br\/index.php\/2025\/09\/24\/pai-e-ceo-ou-ceo-e-pai-o-que-vem-primeiro\/","name":"Pai e CEO ou CEO e Pai, o que vem primeiro? - Noorbe","isPartOf":{"@id":"https:\/\/noorbe.com.br\/#website"},"primaryImageOfPage":{"@id":"https:\/\/noorbe.com.br\/index.php\/2025\/09\/24\/pai-e-ceo-ou-ceo-e-pai-o-que-vem-primeiro\/#primaryimage"},"image":{"@id":"https:\/\/noorbe.com.br\/index.php\/2025\/09\/24\/pai-e-ceo-ou-ceo-e-pai-o-que-vem-primeiro\/#primaryimage"},"thumbnailUrl":"https:\/\/noorbe.com.br\/wp-content\/uploads\/2025\/09\/istockphoto-1455472721-612x612-1.jpg","datePublished":"2025-09-24T12:48:36+00:00","dateModified":"2025-11-06T16:07:51+00:00","description":"Pai e CEO ou CEO e Pai, o que vem primeiro? A dif\u00edcil arte de estar presente nos dois mundos.","breadcrumb":{"@id":"https:\/\/noorbe.com.br\/index.php\/2025\/09\/24\/pai-e-ceo-ou-ceo-e-pai-o-que-vem-primeiro\/#breadcrumb"},"inLanguage":"pt-BR","potentialAction":[{"@type":"ReadAction","target":["https:\/\/noorbe.com.br\/index.php\/2025\/09\/24\/pai-e-ceo-ou-ceo-e-pai-o-que-vem-primeiro\/"]}]},{"@type":"ImageObject","inLanguage":"pt-BR","@id":"https:\/\/noorbe.com.br\/index.php\/2025\/09\/24\/pai-e-ceo-ou-ceo-e-pai-o-que-vem-primeiro\/#primaryimage","url":"https:\/\/noorbe.com.br\/wp-content\/uploads\/2025\/09\/istockphoto-1455472721-612x612-1.jpg","contentUrl":"https:\/\/noorbe.com.br\/wp-content\/uploads\/2025\/09\/istockphoto-1455472721-612x612-1.jpg","width":612,"height":408,"caption":"Little daughter and young adult father speaking and walking on sidewalk through tree alley at city park. Spending time together in beautiful warm sunny summer day. Back view."},{"@type":"BreadcrumbList","@id":"https:\/\/noorbe.com.br\/index.php\/2025\/09\/24\/pai-e-ceo-ou-ceo-e-pai-o-que-vem-primeiro\/#breadcrumb","itemListElement":[{"@type":"ListItem","position":1,"name":"In\u00edcio","item":"https:\/\/noorbe.com.br\/"},{"@type":"ListItem","position":2,"name":"Pai e CEO ou CEO e Pai, o que vem primeiro?"}]},{"@type":"WebSite","@id":"https:\/\/noorbe.com.br\/#website","url":"https:\/\/noorbe.com.br\/","name":"Noorbe","description":"","publisher":{"@id":"https:\/\/noorbe.com.br\/#organization"},"potentialAction":[{"@type":"SearchAction","target":{"@type":"EntryPoint","urlTemplate":"https:\/\/noorbe.com.br\/?s={search_term_string}"},"query-input":{"@type":"PropertyValueSpecification","valueRequired":true,"valueName":"search_term_string"}}],"inLanguage":"pt-BR"},{"@type":"Organization","@id":"https:\/\/noorbe.com.br\/#organization","name":"Noorbe","url":"https:\/\/noorbe.com.br\/","logo":{"@type":"ImageObject","inLanguage":"pt-BR","@id":"https:\/\/noorbe.com.br\/#\/schema\/logo\/image\/","url":"https:\/\/noorbe.com.br\/wp-content\/uploads\/2024\/05\/noorbe.jpg","contentUrl":"https:\/\/noorbe.com.br\/wp-content\/uploads\/2024\/05\/noorbe.jpg","width":300,"height":53,"caption":"Noorbe"},"image":{"@id":"https:\/\/noorbe.com.br\/#\/schema\/logo\/image\/"}},{"@type":"Person","@id":"https:\/\/noorbe.com.br\/#\/schema\/person\/91c15812f01705e694e85f3d97ca918b","name":"reda\u00e7\u00e3o","image":{"@type":"ImageObject","inLanguage":"pt-BR","@id":"https:\/\/noorbe.com.br\/#\/schema\/person\/image\/","url":"https:\/\/secure.gravatar.com\/avatar\/8127b64fc9b7ae806aaaf0ceb8dc77bbe9560462241d5264f19dd5635e941324?s=96&d=mm&r=g","contentUrl":"https:\/\/secure.gravatar.com\/avatar\/8127b64fc9b7ae806aaaf0ceb8dc77bbe9560462241d5264f19dd5635e941324?s=96&d=mm&r=g","caption":"reda\u00e7\u00e3o"},"sameAs":["https:\/\/noorbe.com.br"],"url":"https:\/\/noorbe.com.br\/index.php\/author\/noorbeamz\/"}]}},"views":315,"_links":{"self":[{"href":"https:\/\/noorbe.com.br\/index.php\/wp-json\/wp\/v2\/posts\/4039","targetHints":{"allow":["GET"]}}],"collection":[{"href":"https:\/\/noorbe.com.br\/index.php\/wp-json\/wp\/v2\/posts"}],"about":[{"href":"https:\/\/noorbe.com.br\/index.php\/wp-json\/wp\/v2\/types\/post"}],"author":[{"embeddable":true,"href":"https:\/\/noorbe.com.br\/index.php\/wp-json\/wp\/v2\/users\/1"}],"replies":[{"embeddable":true,"href":"https:\/\/noorbe.com.br\/index.php\/wp-json\/wp\/v2\/comments?post=4039"}],"version-history":[{"count":17,"href":"https:\/\/noorbe.com.br\/index.php\/wp-json\/wp\/v2\/posts\/4039\/revisions"}],"predecessor-version":[{"id":4512,"href":"https:\/\/noorbe.com.br\/index.php\/wp-json\/wp\/v2\/posts\/4039\/revisions\/4512"}],"wp:featuredmedia":[{"embeddable":true,"href":"https:\/\/noorbe.com.br\/index.php\/wp-json\/wp\/v2\/media\/4040"}],"wp:attachment":[{"href":"https:\/\/noorbe.com.br\/index.php\/wp-json\/wp\/v2\/media?parent=4039"}],"wp:term":[{"taxonomy":"category","embeddable":true,"href":"https:\/\/noorbe.com.br\/index.php\/wp-json\/wp\/v2\/categories?post=4039"},{"taxonomy":"post_tag","embeddable":true,"href":"https:\/\/noorbe.com.br\/index.php\/wp-json\/wp\/v2\/tags?post=4039"}],"curies":[{"name":"wp","href":"https:\/\/api.w.org\/{rel}","templated":true}]}}