{"id":4492,"date":"2025-11-06T15:36:55","date_gmt":"2025-11-06T15:36:55","guid":{"rendered":"https:\/\/noorbe.com.br\/?p=4492"},"modified":"2025-11-06T15:44:22","modified_gmt":"2025-11-06T15:44:22","slug":"a-frequencia-da-luz-e-a-frequencia-da-alma","status":"publish","type":"post","link":"https:\/\/noorbe.com.br\/index.php\/2025\/11\/06\/a-frequencia-da-luz-e-a-frequencia-da-alma\/","title":{"rendered":"A frequ\u00eancia da luz e a frequ\u00eancia da alma"},"content":{"rendered":"\t\t<div data-elementor-type=\"wp-post\" data-elementor-id=\"4492\" class=\"elementor elementor-4492\" data-elementor-post-type=\"post\">\n\t\t\t\t<div class=\"elementor-element elementor-element-15c45aa e-flex e-con-boxed e-con e-parent\" data-id=\"15c45aa\" data-element_type=\"container\" data-e-type=\"container\">\n\t\t\t\t\t<div class=\"e-con-inner\">\n\t\t\t\t<div class=\"elementor-element elementor-element-993cc23 elementor-widget__width-initial elementor-widget elementor-widget-image\" data-id=\"993cc23\" data-element_type=\"widget\" data-e-type=\"widget\" data-widget_type=\"image.default\">\n\t\t\t\t<div class=\"elementor-widget-container\">\n\t\t\t\t\t\t\t\t\t\t\t\t\t\t\t<img fetchpriority=\"high\" decoding=\"async\" width=\"800\" height=\"448\" src=\"https:\/\/noorbe.com.br\/wp-content\/uploads\/2025\/11\/praticas-de-bem-estar-para-o-autocuidado-no-dia-mundial-da-saude-1024x574.jpg\" class=\"attachment-large size-large wp-image-4494\" alt=\"\" srcset=\"https:\/\/noorbe.com.br\/wp-content\/uploads\/2025\/11\/praticas-de-bem-estar-para-o-autocuidado-no-dia-mundial-da-saude-1024x574.jpg 1024w, https:\/\/noorbe.com.br\/wp-content\/uploads\/2025\/11\/praticas-de-bem-estar-para-o-autocuidado-no-dia-mundial-da-saude-300x168.jpg 300w, https:\/\/noorbe.com.br\/wp-content\/uploads\/2025\/11\/praticas-de-bem-estar-para-o-autocuidado-no-dia-mundial-da-saude-768x430.jpg 768w, https:\/\/noorbe.com.br\/wp-content\/uploads\/2025\/11\/praticas-de-bem-estar-para-o-autocuidado-no-dia-mundial-da-saude-1536x861.jpg 1536w, https:\/\/noorbe.com.br\/wp-content\/uploads\/2025\/11\/praticas-de-bem-estar-para-o-autocuidado-no-dia-mundial-da-saude-2048x1148.jpg 2048w\" sizes=\"(max-width: 800px) 100vw, 800px\" \/>\t\t\t\t\t\t\t\t\t\t\t\t\t\t\t<\/div>\n\t\t\t\t<\/div>\n\t\t\t\t\t<\/div>\n\t\t\t\t<\/div>\n\t\t<div class=\"elementor-element elementor-element-75f8b31 e-flex e-con-boxed e-con e-parent\" data-id=\"75f8b31\" data-element_type=\"container\" data-e-type=\"container\">\n\t\t\t\t\t<div class=\"e-con-inner\">\n\t\t\t\t<div class=\"elementor-element elementor-element-2d01e23 elementor-widget elementor-widget-text-editor\" data-id=\"2d01e23\" data-element_type=\"widget\" data-e-type=\"widget\" data-widget_type=\"text-editor.default\">\n\t\t\t\t<div class=\"elementor-widget-container\">\n\t\t\t\t\t\t\t\t\t<p style=\"background: white;\"><span style=\"font-size: 13.5pt; font-family: Roboto; color: black;\">O arco-\u00edris hoje \u00e9 um s\u00edmbolo de diversidade. Representa a beleza das diferen\u00e7as, a conviv\u00eancia das cores, a harmonia entre tons que jamais seriam os mesmos se estivessem isolados.<\/span><\/p><p style=\"background: white;\"><span style=\"font-size: 13.5pt; font-family: Roboto; color: black;\">Mas, olhando mais fundo, ele \u00e9 tamb\u00e9m uma met\u00e1fora poderosa sobre as frequ\u00eancias humanas e sobre a forma como cada pessoa escolhe vibrar no mundo.<\/span><\/p><p style=\"background: white;\"><span style=\"font-size: 13.5pt; font-family: Roboto; color: black;\">A luz branca \u00e9 uma s\u00f3. \u00c9 energia pura. Quando atravessa a atmosfera, se decomp\u00f5e em sete cores vis\u00edveis. Ainda assim, a maior parte do espectro luminoso \u00e9 invis\u00edvel aos nossos olhos: o infravermelho e o ultravioleta tamb\u00e9m est\u00e3o ali, mesmo que n\u00e3o os vejamos.<\/span><\/p><p style=\"background: white;\"><span style=\"font-size: 13.5pt; font-family: Roboto; color: black;\">E \u00e9 exatamente assim com as pessoas.<\/span><\/p><p style=\"background: white;\"><span style=\"font-size: 13.5pt; font-family: Roboto; color: black;\">Vivemos todos no mesmo planeta, mas em frequ\u00eancias diferentes.<\/span><\/p><p style=\"background: white;\"><span style=\"font-size: 13.5pt; font-family: Roboto; color: black;\">H\u00e1 quem viva em vibra\u00e7\u00f5es mais densas, movido por medo, inveja ou raiva, o infravermelho humano, o espectro da maldade e do instinto.<\/span><\/p><p style=\"background: white;\"><span style=\"font-size: 13.5pt; font-family: Roboto; color: black;\">H\u00e1 tamb\u00e9m quem viva em vibra\u00e7\u00f5es elevadas como generosidade, empatia e amor,\u00a0 o ultravioleta da alma, invis\u00edvel aos olhos, mas percept\u00edvel no impacto que causa.<\/span><\/p><p style=\"background: white;\"><span style=\"font-size: 13.5pt; font-family: Roboto; color: black;\">E entre esses extremos, convivemos no campo da luz vis\u00edvel: o cotidiano onde nos encontramos, trabalhamos, discutimos, criamos, erramos e tentamos acertar.<\/span><\/p><p style=\"background: white;\"><span style=\"font-size: 13.5pt; font-family: Roboto; color: black;\">A maldade e a bondade n\u00e3o s\u00e3o polos absolutos, mas faixas de energia dentro do mesmo espectro.<\/span><\/p><p style=\"background: white;\"><span style=\"font-size: 13.5pt; font-family: Roboto; color: black;\">A maldade, densa e pr\u00f3xima ao infravermelho, consome, aquece demais, queima e destr\u00f3i.<\/span><\/p><p style=\"background: white;\"><span style=\"font-size: 13.5pt; font-family: Roboto; color: black;\">A bondade, pr\u00f3xima ao ultravioleta, vibra em frequ\u00eancia t\u00e3o alta que muitas vezes passa despercebida, mas transforma tudo o que toca.<\/span><\/p><p style=\"background: white;\"><span style=\"font-size: 13.5pt; font-family: Roboto; color: black;\">Ambas fazem parte da natureza humana. O que muda \u00e9 em qual frequ\u00eancia escolhemos permanecer.<\/span><\/p><p style=\"background: white;\"><span style=\"font-size: 13.5pt; font-family: Roboto; color: black;\">E essa escolha \u00e9 di\u00e1ria.<\/span><\/p><p style=\"background: white;\"><span style=\"font-size: 13.5pt; font-family: Roboto; color: black;\">Quando um l\u00edder opta por orientar, treinar e desenvolver pessoas em vez de apenas cobrar ele est\u00e1 ajustando a frequ\u00eancia do ambiente para uma vibra\u00e7\u00e3o mais alta.<\/span><\/p><p style=\"background: white;\"><span style=\"font-size: 13.5pt; font-family: Roboto; color: black;\">Quando um pai ou m\u00e3e educa com amor e presen\u00e7a, n\u00e3o apenas com regras, tamb\u00e9m est\u00e1 iluminando o lar com uma luz mais pura.<\/span><\/p><p style=\"background: white;\"><span style=\"font-size: 13.5pt; font-family: Roboto; color: black;\">A lideran\u00e7a e a paternidade, no fundo, s\u00e3o a mesma miss\u00e3o em faixas diferentes do mesmo espectro: ensinar, inspirar e multiplicar o que h\u00e1 de melhor em cada um.<\/span><\/p><p style=\"background: white;\"><span style=\"font-size: 13.5pt; font-family: Roboto; color: black;\">O arco-\u00edris, ent\u00e3o, deixa de ser apenas um fen\u00f4meno bonito no c\u00e9u.<\/span><\/p><p style=\"background: white;\"><span style=\"font-size: 13.5pt; font-family: Roboto; color: black;\">Ele passa a ser um lembrete de que a humanidade \u00e9 uma composi\u00e7\u00e3o de frequ\u00eancias, algumas vis\u00edveis, outras n\u00e3o. E que cada gesto, cada palavra, cada escolha que fazemos altera a cor da nossa pr\u00f3pria luz.<\/span><\/p><p style=\"background: white;\"><span style=\"font-size: 13.5pt; font-family: Roboto; color: black;\">Vivemos tempos em que \u00e9 f\u00e1cil criticar, julgar e se afastar das diferen\u00e7as.<\/span><\/p><p style=\"background: white;\"><span style=\"font-size: 13.5pt; font-family: Roboto; color: black;\">Mas talvez o verdadeiro desafio seja justamente o contr\u00e1rio: compreender que todas as cores t\u00eam o direito de coexistir, e que o equil\u00edbrio s\u00f3 acontece quando o espectro \u00e9 completo.<\/span><\/p><p style=\"background: white;\"><span style=\"font-size: 13.5pt; font-family: Roboto; color: black;\">Afinal, o ser humano \u00e9 um prisma.<\/span><\/p><p style=\"background: white;\"><span style=\"font-size: 13.5pt; font-family: Roboto; color: black;\">Reflete o que recebe.<\/span><\/p><p style=\"background: white;\"><span style=\"font-size: 13.5pt; font-family: Roboto; color: black;\">Se vem luz, espalha cor.<\/span><\/p><p style=\"background: white;\"><span style=\"font-size: 13.5pt; font-family: Roboto; color: black;\">Se vem escurid\u00e3o, absorve e apaga.<\/span><\/p><p style=\"background: white;\"><span style=\"font-size: 13.5pt; font-family: Roboto; color: black;\">E cabe a cada um de n\u00f3s decidir que tipo de luz vai deixar passar.<\/span><\/p>\t\t\t\t\t\t\t\t<\/div>\n\t\t\t\t<\/div>\n\t\t\t\t\t<\/div>\n\t\t\t\t<\/div>\n\t\t<div class=\"elementor-element elementor-element-920060a e-flex e-con-boxed e-con e-parent\" data-id=\"920060a\" data-element_type=\"container\" data-e-type=\"container\">\n\t\t\t\t\t<div class=\"e-con-inner\">\n\t\t\t\t<div class=\"elementor-element elementor-element-151222b elementor-widget elementor-widget-html\" data-id=\"151222b\" data-element_type=\"widget\" data-e-type=\"widget\" data-widget_type=\"html.default\">\n\t\t\t\t<div class=\"elementor-widget-container\">\n\t\t\t\t\t<!-- Links \u2013 A frequ\u00eancia da luz e da alma -->\r\n<h3 style=\"font-size: 25px; font-weight: 600;\">Links \u2013 A frequ\u00eancia da luz e da alma<\/h3>\r\n<a href=\"https:\/\/protagonistasdobrasil.com\/a-frequencia-da-luz-e-a-frequencia-da-alma\/\" target=\"_blank\">https:\/\/protagonistasdobrasil.com\/a-frequencia-da-luz-e-a-frequencia-da-alma\/<\/a><br>\r\n<a href=\"https:\/\/istoefloripa.com\/a-frequencia-da-luz-e-a-frequencia-da-alma\/\" target=\"_blank\">https:\/\/istoefloripa.com\/a-frequencia-da-luz-e-a-frequencia-da-alma\/<\/a><br>\r\n<a href=\"https:\/\/istoebahia.com\/a-frequencia-da-luz-e-a-frequencia-da-alma\/\" target=\"_blank\">https:\/\/istoebahia.com\/a-frequencia-da-luz-e-a-frequencia-da-alma\/<\/a><br>\r\n<a href=\"https:\/\/istoerio.com\/a-frequencia-da-luz-e-a-frequencia-da-alma\/\" target=\"_blank\">https:\/\/istoerio.com\/a-frequencia-da-luz-e-a-frequencia-da-alma\/<\/a><br>\r\n<a href=\"https:\/\/istoe.tech\/a-frequencia-da-luz-e-a-frequencia-da-alma\/\" target=\"_blank\">https:\/\/istoe.tech\/a-frequencia-da-luz-e-a-frequencia-da-alma\/<\/a><br>\r\n<a href=\"https:\/\/redetv.news\/2025\/11\/05\/a-frequencia-da-luz-e-a-frequencia-da-alma\/\" target=\"_blank\">https:\/\/redetv.news\/2025\/11\/05\/a-frequencia-da-luz-e-a-frequencia-da-alma\/<\/a><br>\r\n<a href=\"https:\/\/gazetadebrasilia.com\/2025\/11\/05\/a-frequencia-da-luz-e-a-frequencia-da-alma\/\" target=\"_blank\">https:\/\/gazetadebrasilia.com\/2025\/11\/05\/a-frequencia-da-luz-e-a-frequencia-da-alma\/<\/a><br>\r\n<a href=\"https:\/\/justica.news\/2025\/11\/05\/a-frequencia-da-luz-e-a-frequencia-da-alma\/\" target=\"_blank\">https:\/\/justica.news\/2025\/11\/05\/a-frequencia-da-luz-e-a-frequencia-da-alma\/<\/a><br>\r\n<a href=\"https:\/\/poderenegocios.com\/a-frequencia-da-luz-e-a-frequencia-da-alma\/\" target=\"_blank\">https:\/\/poderenegocios.com\/a-frequencia-da-luz-e-a-frequencia-da-alma\/<\/a><br>\r\n<a href=\"https:\/\/businessweek.com.br\/2025\/11\/05\/a-frequencia-da-luz-e-a-frequencia-da-alma\/\" target=\"_blank\">https:\/\/businessweek.com.br\/2025\/11\/05\/a-frequencia-da-luz-e-a-frequencia-da-alma\/<\/a><br>\r\n<a href=\"https:\/\/juridico.news\/a-frequencia-da-luz-e-a-frequencia-da-alma\/\" target=\"_blank\">https:\/\/juridico.news\/a-frequencia-da-luz-e-a-frequencia-da-alma\/<\/a><br>\r\n<a href=\"https:\/\/usnews.com.br\/a-frequencia-da-luz-e-a-frequencia-da-alma\/\" target=\"_blank\">https:\/\/usnews.com.br\/a-frequencia-da-luz-e-a-frequencia-da-alma\/<\/a><br>\r\n<a href=\"https:\/\/peoplebrasil.com.br\/a-frequencia-da-luz-e-a-frequencia-da-alma\/\" target=\"_blank\">https:\/\/peoplebrasil.com.br\/a-frequencia-da-luz-e-a-frequencia-da-alma\/<\/a><br>\r\n<a href=\"https:\/\/lookmagazine.com.br\/a-frequencia-da-luz-e-a-frequencia-da-alma\/\" target=\"_blank\">https:\/\/lookmagazine.com.br\/a-frequencia-da-luz-e-a-frequencia-da-alma\/<\/a><br>\r\n<a href=\"https:\/\/handelsblatt.com.br\/a-frequencia-da-luz-e-a-frequencia-da-alma\/\" target=\"_blank\">https:\/\/handelsblatt.com.br\/a-frequencia-da-luz-e-a-frequencia-da-alma\/<\/a><br>\r\n<a href=\"https:\/\/businessoffashion.com.br\/a-frequencia-da-luz-e-a-frequencia-da-alma\/\" target=\"_blank\">https:\/\/businessoffashion.com.br\/a-frequencia-da-luz-e-a-frequencia-da-alma\/<\/a><br>\r\n<a href=\"https:\/\/istoenegocios.com\/a-frequencia-da-luz-e-a-frequencia-da-alma\/\" target=\"_blank\">https:\/\/istoenegocios.com\/a-frequencia-da-luz-e-a-frequencia-da-alma\/<\/a><br>\r\n<a href=\"https:\/\/successmagazine.com.br\/a-frequencia-da-luz-e-a-frequencia-da-alma\/\" target=\"_blank\">https:\/\/successmagazine.com.br\/a-frequencia-da-luz-e-a-frequencia-da-alma\/<\/a><br>\r\n<a href=\"https:\/\/jornaldorecife.com\/a-frequencia-da-luz-e-a-frequencia-da-alma\/\" target=\"_blank\">https:\/\/jornaldorecife.com\/a-frequencia-da-luz-e-a-frequencia-da-alma\/<\/a><br>\r\n<a href=\"https:\/\/correiodopara.com\/a-frequencia-da-luz-e-a-frequencia-da-alma\/\" target=\"_blank\">https:\/\/correiodopara.com\/a-frequencia-da-luz-e-a-frequencia-da-alma\/<\/a><br>\r\n<a href=\"https:\/\/correiodoceara.com\/a-frequencia-da-luz-e-a-frequencia-da-alma\/\" target=\"_blank\">https:\/\/correiodoceara.com\/a-frequencia-da-luz-e-a-frequencia-da-alma\/<\/a><br>\r\n<a href=\"https:\/\/correiodealagoas.com\/a-frequencia-da-luz-e-a-frequencia-da-alma\/\" target=\"_blank\">https:\/\/correiodealagoas.com\/a-frequencia-da-luz-e-a-frequencia-da-alma\/<\/a><br>\r\n\t\t\t\t<\/div>\n\t\t\t\t<\/div>\n\t\t\t\t\t<\/div>\n\t\t\t\t<\/div>\n\t\t\t\t<\/div>\n\t\t","protected":false},"excerpt":{"rendered":"<p>O arco-\u00edris hoje \u00e9 um s\u00edmbolo de diversidade. Representa a beleza das diferen\u00e7as, a conviv\u00eancia das cores, a harmonia entre tons que jamais seriam os mesmos se estivessem isolados. Mas, olhando mais fundo, ele \u00e9 tamb\u00e9m uma met\u00e1fora poderosa sobre as frequ\u00eancias humanas e sobre a forma como cada pessoa escolhe vibrar no mundo. A [&hellip;]<\/p>\n","protected":false},"author":1,"featured_media":4494,"comment_status":"open","ping_status":"open","sticky":false,"template":"","format":"standard","meta":{"footnotes":""},"categories":[54,52],"tags":[244,241,243,240,242],"class_list":["post-4492","post","type-post","status-publish","format-standard","has-post-thumbnail","hentry","category-bruno-carvalho","category-colunistas","tag-alma","tag-carreira","tag-espiritual","tag-filosofia","tag-luz"],"yoast_head":"<!-- This site is optimized with the Yoast SEO plugin v26.2 - https:\/\/yoast.com\/wordpress\/plugins\/seo\/ -->\n<title>A frequ\u00eancia da luz e a frequ\u00eancia da alma - Noorbe<\/title>\n<meta name=\"description\" content=\"Uma reflex\u00e3o sobre como o arco-\u00edris simboliza as diferentes frequ\u00eancias humanas. Cada emo\u00e7\u00e3o, escolha e atitude revela a luz que projetamos.\" \/>\n<meta name=\"robots\" content=\"index, follow, max-snippet:-1, max-image-preview:large, max-video-preview:-1\" \/>\n<link rel=\"canonical\" href=\"https:\/\/noorbe.com.br\/index.php\/2025\/11\/06\/a-frequencia-da-luz-e-a-frequencia-da-alma\/\" \/>\n<meta property=\"og:locale\" content=\"pt_BR\" \/>\n<meta property=\"og:type\" content=\"article\" \/>\n<meta property=\"og:title\" content=\"A frequ\u00eancia da luz e a frequ\u00eancia da alma - Noorbe\" \/>\n<meta property=\"og:description\" content=\"Uma reflex\u00e3o sobre como o arco-\u00edris simboliza as diferentes frequ\u00eancias humanas. Cada emo\u00e7\u00e3o, escolha e atitude revela a luz que projetamos.\" \/>\n<meta property=\"og:url\" content=\"https:\/\/noorbe.com.br\/index.php\/2025\/11\/06\/a-frequencia-da-luz-e-a-frequencia-da-alma\/\" \/>\n<meta property=\"og:site_name\" content=\"Noorbe\" \/>\n<meta property=\"article:published_time\" content=\"2025-11-06T15:36:55+00:00\" \/>\n<meta property=\"article:modified_time\" content=\"2025-11-06T15:44:22+00:00\" \/>\n<meta property=\"og:image\" content=\"https:\/\/noorbe.com.br\/wp-content\/uploads\/2025\/11\/praticas-de-bem-estar-para-o-autocuidado-no-dia-mundial-da-saude-scaled.jpg\" \/>\n\t<meta property=\"og:image:width\" content=\"2560\" \/>\n\t<meta property=\"og:image:height\" content=\"1435\" \/>\n\t<meta property=\"og:image:type\" content=\"image\/jpeg\" \/>\n<meta name=\"author\" content=\"reda\u00e7\u00e3o\" \/>\n<meta name=\"twitter:card\" content=\"summary_large_image\" \/>\n<meta name=\"twitter:label1\" content=\"Escrito por\" \/>\n\t<meta name=\"twitter:data1\" content=\"reda\u00e7\u00e3o\" \/>\n\t<meta name=\"twitter:label2\" content=\"Est. tempo de leitura\" \/>\n\t<meta name=\"twitter:data2\" content=\"3 minutos\" \/>\n<script type=\"application\/ld+json\" class=\"yoast-schema-graph\">{\"@context\":\"https:\/\/schema.org\",\"@graph\":[{\"@type\":\"Article\",\"@id\":\"https:\/\/noorbe.com.br\/index.php\/2025\/11\/06\/a-frequencia-da-luz-e-a-frequencia-da-alma\/#article\",\"isPartOf\":{\"@id\":\"https:\/\/noorbe.com.br\/index.php\/2025\/11\/06\/a-frequencia-da-luz-e-a-frequencia-da-alma\/\"},\"author\":{\"name\":\"reda\u00e7\u00e3o\",\"@id\":\"https:\/\/noorbe.com.br\/#\/schema\/person\/91c15812f01705e694e85f3d97ca918b\"},\"headline\":\"A frequ\u00eancia da luz e a frequ\u00eancia da alma\",\"datePublished\":\"2025-11-06T15:36:55+00:00\",\"dateModified\":\"2025-11-06T15:44:22+00:00\",\"mainEntityOfPage\":{\"@id\":\"https:\/\/noorbe.com.br\/index.php\/2025\/11\/06\/a-frequencia-da-luz-e-a-frequencia-da-alma\/\"},\"wordCount\":622,\"commentCount\":0,\"publisher\":{\"@id\":\"https:\/\/noorbe.com.br\/#organization\"},\"image\":{\"@id\":\"https:\/\/noorbe.com.br\/index.php\/2025\/11\/06\/a-frequencia-da-luz-e-a-frequencia-da-alma\/#primaryimage\"},\"thumbnailUrl\":\"https:\/\/noorbe.com.br\/wp-content\/uploads\/2025\/11\/praticas-de-bem-estar-para-o-autocuidado-no-dia-mundial-da-saude-scaled.jpg\",\"keywords\":[\"alma\",\"carreira\",\"espiritual\",\"filosofia\",\"luz\"],\"articleSection\":[\"Bruno Carvalho\",\"Colunistas\"],\"inLanguage\":\"pt-BR\",\"potentialAction\":[{\"@type\":\"CommentAction\",\"name\":\"Comment\",\"target\":[\"https:\/\/noorbe.com.br\/index.php\/2025\/11\/06\/a-frequencia-da-luz-e-a-frequencia-da-alma\/#respond\"]}]},{\"@type\":\"WebPage\",\"@id\":\"https:\/\/noorbe.com.br\/index.php\/2025\/11\/06\/a-frequencia-da-luz-e-a-frequencia-da-alma\/\",\"url\":\"https:\/\/noorbe.com.br\/index.php\/2025\/11\/06\/a-frequencia-da-luz-e-a-frequencia-da-alma\/\",\"name\":\"A frequ\u00eancia da luz e a frequ\u00eancia da alma - Noorbe\",\"isPartOf\":{\"@id\":\"https:\/\/noorbe.com.br\/#website\"},\"primaryImageOfPage\":{\"@id\":\"https:\/\/noorbe.com.br\/index.php\/2025\/11\/06\/a-frequencia-da-luz-e-a-frequencia-da-alma\/#primaryimage\"},\"image\":{\"@id\":\"https:\/\/noorbe.com.br\/index.php\/2025\/11\/06\/a-frequencia-da-luz-e-a-frequencia-da-alma\/#primaryimage\"},\"thumbnailUrl\":\"https:\/\/noorbe.com.br\/wp-content\/uploads\/2025\/11\/praticas-de-bem-estar-para-o-autocuidado-no-dia-mundial-da-saude-scaled.jpg\",\"datePublished\":\"2025-11-06T15:36:55+00:00\",\"dateModified\":\"2025-11-06T15:44:22+00:00\",\"description\":\"Uma reflex\u00e3o sobre como o arco-\u00edris simboliza as diferentes frequ\u00eancias humanas. Cada emo\u00e7\u00e3o, escolha e atitude revela a luz que projetamos.\",\"breadcrumb\":{\"@id\":\"https:\/\/noorbe.com.br\/index.php\/2025\/11\/06\/a-frequencia-da-luz-e-a-frequencia-da-alma\/#breadcrumb\"},\"inLanguage\":\"pt-BR\",\"potentialAction\":[{\"@type\":\"ReadAction\",\"target\":[\"https:\/\/noorbe.com.br\/index.php\/2025\/11\/06\/a-frequencia-da-luz-e-a-frequencia-da-alma\/\"]}]},{\"@type\":\"ImageObject\",\"inLanguage\":\"pt-BR\",\"@id\":\"https:\/\/noorbe.com.br\/index.php\/2025\/11\/06\/a-frequencia-da-luz-e-a-frequencia-da-alma\/#primaryimage\",\"url\":\"https:\/\/noorbe.com.br\/wp-content\/uploads\/2025\/11\/praticas-de-bem-estar-para-o-autocuidado-no-dia-mundial-da-saude-scaled.jpg\",\"contentUrl\":\"https:\/\/noorbe.com.br\/wp-content\/uploads\/2025\/11\/praticas-de-bem-estar-para-o-autocuidado-no-dia-mundial-da-saude-scaled.jpg\",\"width\":2560,\"height\":1435},{\"@type\":\"BreadcrumbList\",\"@id\":\"https:\/\/noorbe.com.br\/index.php\/2025\/11\/06\/a-frequencia-da-luz-e-a-frequencia-da-alma\/#breadcrumb\",\"itemListElement\":[{\"@type\":\"ListItem\",\"position\":1,\"name\":\"In\u00edcio\",\"item\":\"https:\/\/noorbe.com.br\/\"},{\"@type\":\"ListItem\",\"position\":2,\"name\":\"A frequ\u00eancia da luz e a frequ\u00eancia da alma\"}]},{\"@type\":\"WebSite\",\"@id\":\"https:\/\/noorbe.com.br\/#website\",\"url\":\"https:\/\/noorbe.com.br\/\",\"name\":\"Noorbe\",\"description\":\"\",\"publisher\":{\"@id\":\"https:\/\/noorbe.com.br\/#organization\"},\"potentialAction\":[{\"@type\":\"SearchAction\",\"target\":{\"@type\":\"EntryPoint\",\"urlTemplate\":\"https:\/\/noorbe.com.br\/?s={search_term_string}\"},\"query-input\":{\"@type\":\"PropertyValueSpecification\",\"valueRequired\":true,\"valueName\":\"search_term_string\"}}],\"inLanguage\":\"pt-BR\"},{\"@type\":\"Organization\",\"@id\":\"https:\/\/noorbe.com.br\/#organization\",\"name\":\"Noorbe\",\"url\":\"https:\/\/noorbe.com.br\/\",\"logo\":{\"@type\":\"ImageObject\",\"inLanguage\":\"pt-BR\",\"@id\":\"https:\/\/noorbe.com.br\/#\/schema\/logo\/image\/\",\"url\":\"https:\/\/noorbe.com.br\/wp-content\/uploads\/2024\/05\/noorbe.jpg\",\"contentUrl\":\"https:\/\/noorbe.com.br\/wp-content\/uploads\/2024\/05\/noorbe.jpg\",\"width\":300,\"height\":53,\"caption\":\"Noorbe\"},\"image\":{\"@id\":\"https:\/\/noorbe.com.br\/#\/schema\/logo\/image\/\"}},{\"@type\":\"Person\",\"@id\":\"https:\/\/noorbe.com.br\/#\/schema\/person\/91c15812f01705e694e85f3d97ca918b\",\"name\":\"reda\u00e7\u00e3o\",\"image\":{\"@type\":\"ImageObject\",\"inLanguage\":\"pt-BR\",\"@id\":\"https:\/\/noorbe.com.br\/#\/schema\/person\/image\/\",\"url\":\"https:\/\/secure.gravatar.com\/avatar\/8127b64fc9b7ae806aaaf0ceb8dc77bbe9560462241d5264f19dd5635e941324?s=96&d=mm&r=g\",\"contentUrl\":\"https:\/\/secure.gravatar.com\/avatar\/8127b64fc9b7ae806aaaf0ceb8dc77bbe9560462241d5264f19dd5635e941324?s=96&d=mm&r=g\",\"caption\":\"reda\u00e7\u00e3o\"},\"sameAs\":[\"https:\/\/noorbe.com.br\"],\"url\":\"https:\/\/noorbe.com.br\/index.php\/author\/noorbeamz\/\"}]}<\/script>\n<!-- \/ Yoast SEO plugin. -->","yoast_head_json":{"title":"A frequ\u00eancia da luz e a frequ\u00eancia da alma - Noorbe","description":"Uma reflex\u00e3o sobre como o arco-\u00edris simboliza as diferentes frequ\u00eancias humanas. Cada emo\u00e7\u00e3o, escolha e atitude revela a luz que projetamos.","robots":{"index":"index","follow":"follow","max-snippet":"max-snippet:-1","max-image-preview":"max-image-preview:large","max-video-preview":"max-video-preview:-1"},"canonical":"https:\/\/noorbe.com.br\/index.php\/2025\/11\/06\/a-frequencia-da-luz-e-a-frequencia-da-alma\/","og_locale":"pt_BR","og_type":"article","og_title":"A frequ\u00eancia da luz e a frequ\u00eancia da alma - Noorbe","og_description":"Uma reflex\u00e3o sobre como o arco-\u00edris simboliza as diferentes frequ\u00eancias humanas. Cada emo\u00e7\u00e3o, escolha e atitude revela a luz que projetamos.","og_url":"https:\/\/noorbe.com.br\/index.php\/2025\/11\/06\/a-frequencia-da-luz-e-a-frequencia-da-alma\/","og_site_name":"Noorbe","article_published_time":"2025-11-06T15:36:55+00:00","article_modified_time":"2025-11-06T15:44:22+00:00","og_image":[{"width":2560,"height":1435,"url":"https:\/\/noorbe.com.br\/wp-content\/uploads\/2025\/11\/praticas-de-bem-estar-para-o-autocuidado-no-dia-mundial-da-saude-scaled.jpg","type":"image\/jpeg"}],"author":"reda\u00e7\u00e3o","twitter_card":"summary_large_image","twitter_misc":{"Escrito por":"reda\u00e7\u00e3o","Est. tempo de leitura":"3 minutos"},"schema":{"@context":"https:\/\/schema.org","@graph":[{"@type":"Article","@id":"https:\/\/noorbe.com.br\/index.php\/2025\/11\/06\/a-frequencia-da-luz-e-a-frequencia-da-alma\/#article","isPartOf":{"@id":"https:\/\/noorbe.com.br\/index.php\/2025\/11\/06\/a-frequencia-da-luz-e-a-frequencia-da-alma\/"},"author":{"name":"reda\u00e7\u00e3o","@id":"https:\/\/noorbe.com.br\/#\/schema\/person\/91c15812f01705e694e85f3d97ca918b"},"headline":"A frequ\u00eancia da luz e a frequ\u00eancia da alma","datePublished":"2025-11-06T15:36:55+00:00","dateModified":"2025-11-06T15:44:22+00:00","mainEntityOfPage":{"@id":"https:\/\/noorbe.com.br\/index.php\/2025\/11\/06\/a-frequencia-da-luz-e-a-frequencia-da-alma\/"},"wordCount":622,"commentCount":0,"publisher":{"@id":"https:\/\/noorbe.com.br\/#organization"},"image":{"@id":"https:\/\/noorbe.com.br\/index.php\/2025\/11\/06\/a-frequencia-da-luz-e-a-frequencia-da-alma\/#primaryimage"},"thumbnailUrl":"https:\/\/noorbe.com.br\/wp-content\/uploads\/2025\/11\/praticas-de-bem-estar-para-o-autocuidado-no-dia-mundial-da-saude-scaled.jpg","keywords":["alma","carreira","espiritual","filosofia","luz"],"articleSection":["Bruno Carvalho","Colunistas"],"inLanguage":"pt-BR","potentialAction":[{"@type":"CommentAction","name":"Comment","target":["https:\/\/noorbe.com.br\/index.php\/2025\/11\/06\/a-frequencia-da-luz-e-a-frequencia-da-alma\/#respond"]}]},{"@type":"WebPage","@id":"https:\/\/noorbe.com.br\/index.php\/2025\/11\/06\/a-frequencia-da-luz-e-a-frequencia-da-alma\/","url":"https:\/\/noorbe.com.br\/index.php\/2025\/11\/06\/a-frequencia-da-luz-e-a-frequencia-da-alma\/","name":"A frequ\u00eancia da luz e a frequ\u00eancia da alma - Noorbe","isPartOf":{"@id":"https:\/\/noorbe.com.br\/#website"},"primaryImageOfPage":{"@id":"https:\/\/noorbe.com.br\/index.php\/2025\/11\/06\/a-frequencia-da-luz-e-a-frequencia-da-alma\/#primaryimage"},"image":{"@id":"https:\/\/noorbe.com.br\/index.php\/2025\/11\/06\/a-frequencia-da-luz-e-a-frequencia-da-alma\/#primaryimage"},"thumbnailUrl":"https:\/\/noorbe.com.br\/wp-content\/uploads\/2025\/11\/praticas-de-bem-estar-para-o-autocuidado-no-dia-mundial-da-saude-scaled.jpg","datePublished":"2025-11-06T15:36:55+00:00","dateModified":"2025-11-06T15:44:22+00:00","description":"Uma reflex\u00e3o sobre como o arco-\u00edris simboliza as diferentes frequ\u00eancias humanas. Cada emo\u00e7\u00e3o, escolha e atitude revela a luz que projetamos.","breadcrumb":{"@id":"https:\/\/noorbe.com.br\/index.php\/2025\/11\/06\/a-frequencia-da-luz-e-a-frequencia-da-alma\/#breadcrumb"},"inLanguage":"pt-BR","potentialAction":[{"@type":"ReadAction","target":["https:\/\/noorbe.com.br\/index.php\/2025\/11\/06\/a-frequencia-da-luz-e-a-frequencia-da-alma\/"]}]},{"@type":"ImageObject","inLanguage":"pt-BR","@id":"https:\/\/noorbe.com.br\/index.php\/2025\/11\/06\/a-frequencia-da-luz-e-a-frequencia-da-alma\/#primaryimage","url":"https:\/\/noorbe.com.br\/wp-content\/uploads\/2025\/11\/praticas-de-bem-estar-para-o-autocuidado-no-dia-mundial-da-saude-scaled.jpg","contentUrl":"https:\/\/noorbe.com.br\/wp-content\/uploads\/2025\/11\/praticas-de-bem-estar-para-o-autocuidado-no-dia-mundial-da-saude-scaled.jpg","width":2560,"height":1435},{"@type":"BreadcrumbList","@id":"https:\/\/noorbe.com.br\/index.php\/2025\/11\/06\/a-frequencia-da-luz-e-a-frequencia-da-alma\/#breadcrumb","itemListElement":[{"@type":"ListItem","position":1,"name":"In\u00edcio","item":"https:\/\/noorbe.com.br\/"},{"@type":"ListItem","position":2,"name":"A frequ\u00eancia da luz e a frequ\u00eancia da alma"}]},{"@type":"WebSite","@id":"https:\/\/noorbe.com.br\/#website","url":"https:\/\/noorbe.com.br\/","name":"Noorbe","description":"","publisher":{"@id":"https:\/\/noorbe.com.br\/#organization"},"potentialAction":[{"@type":"SearchAction","target":{"@type":"EntryPoint","urlTemplate":"https:\/\/noorbe.com.br\/?s={search_term_string}"},"query-input":{"@type":"PropertyValueSpecification","valueRequired":true,"valueName":"search_term_string"}}],"inLanguage":"pt-BR"},{"@type":"Organization","@id":"https:\/\/noorbe.com.br\/#organization","name":"Noorbe","url":"https:\/\/noorbe.com.br\/","logo":{"@type":"ImageObject","inLanguage":"pt-BR","@id":"https:\/\/noorbe.com.br\/#\/schema\/logo\/image\/","url":"https:\/\/noorbe.com.br\/wp-content\/uploads\/2024\/05\/noorbe.jpg","contentUrl":"https:\/\/noorbe.com.br\/wp-content\/uploads\/2024\/05\/noorbe.jpg","width":300,"height":53,"caption":"Noorbe"},"image":{"@id":"https:\/\/noorbe.com.br\/#\/schema\/logo\/image\/"}},{"@type":"Person","@id":"https:\/\/noorbe.com.br\/#\/schema\/person\/91c15812f01705e694e85f3d97ca918b","name":"reda\u00e7\u00e3o","image":{"@type":"ImageObject","inLanguage":"pt-BR","@id":"https:\/\/noorbe.com.br\/#\/schema\/person\/image\/","url":"https:\/\/secure.gravatar.com\/avatar\/8127b64fc9b7ae806aaaf0ceb8dc77bbe9560462241d5264f19dd5635e941324?s=96&d=mm&r=g","contentUrl":"https:\/\/secure.gravatar.com\/avatar\/8127b64fc9b7ae806aaaf0ceb8dc77bbe9560462241d5264f19dd5635e941324?s=96&d=mm&r=g","caption":"reda\u00e7\u00e3o"},"sameAs":["https:\/\/noorbe.com.br"],"url":"https:\/\/noorbe.com.br\/index.php\/author\/noorbeamz\/"}]}},"views":245,"_links":{"self":[{"href":"https:\/\/noorbe.com.br\/index.php\/wp-json\/wp\/v2\/posts\/4492","targetHints":{"allow":["GET"]}}],"collection":[{"href":"https:\/\/noorbe.com.br\/index.php\/wp-json\/wp\/v2\/posts"}],"about":[{"href":"https:\/\/noorbe.com.br\/index.php\/wp-json\/wp\/v2\/types\/post"}],"author":[{"embeddable":true,"href":"https:\/\/noorbe.com.br\/index.php\/wp-json\/wp\/v2\/users\/1"}],"replies":[{"embeddable":true,"href":"https:\/\/noorbe.com.br\/index.php\/wp-json\/wp\/v2\/comments?post=4492"}],"version-history":[{"count":10,"href":"https:\/\/noorbe.com.br\/index.php\/wp-json\/wp\/v2\/posts\/4492\/revisions"}],"predecessor-version":[{"id":4503,"href":"https:\/\/noorbe.com.br\/index.php\/wp-json\/wp\/v2\/posts\/4492\/revisions\/4503"}],"wp:featuredmedia":[{"embeddable":true,"href":"https:\/\/noorbe.com.br\/index.php\/wp-json\/wp\/v2\/media\/4494"}],"wp:attachment":[{"href":"https:\/\/noorbe.com.br\/index.php\/wp-json\/wp\/v2\/media?parent=4492"}],"wp:term":[{"taxonomy":"category","embeddable":true,"href":"https:\/\/noorbe.com.br\/index.php\/wp-json\/wp\/v2\/categories?post=4492"},{"taxonomy":"post_tag","embeddable":true,"href":"https:\/\/noorbe.com.br\/index.php\/wp-json\/wp\/v2\/tags?post=4492"}],"curies":[{"name":"wp","href":"https:\/\/api.w.org\/{rel}","templated":true}]}}