{"id":4916,"date":"2025-12-15T19:07:42","date_gmt":"2025-12-15T19:07:42","guid":{"rendered":"https:\/\/noorbe.com.br\/?p=4916"},"modified":"2025-12-15T19:15:11","modified_gmt":"2025-12-15T19:15:11","slug":"com-este-exercicio-de-autorreflexao-voce-mesmo-pode-organizar-os-rumos-da-sua-vida-para-2026","status":"publish","type":"post","link":"https:\/\/noorbe.com.br\/index.php\/2025\/12\/15\/com-este-exercicio-de-autorreflexao-voce-mesmo-pode-organizar-os-rumos-da-sua-vida-para-2026\/","title":{"rendered":"Com este exerc\u00edcio de autorreflex\u00e3o, voc\u00ea mesmo pode organizar os rumos da sua vida para 2026"},"content":{"rendered":"\t\t<div data-elementor-type=\"wp-post\" data-elementor-id=\"4916\" class=\"elementor elementor-4916\" data-elementor-post-type=\"post\">\n\t\t\t\t<div class=\"elementor-element elementor-element-3713b8c e-flex e-con-boxed e-con e-parent\" data-id=\"3713b8c\" data-element_type=\"container\" data-e-type=\"container\">\n\t\t\t\t\t<div class=\"e-con-inner\">\n\t\t\t\t<div class=\"elementor-element elementor-element-3eb3ce9 elementor-widget__width-initial elementor-widget elementor-widget-image\" data-id=\"3eb3ce9\" data-element_type=\"widget\" data-e-type=\"widget\" data-widget_type=\"image.default\">\n\t\t\t\t<div class=\"elementor-widget-container\">\n\t\t\t\t\t\t\t\t\t\t\t\t\t\t\t<img fetchpriority=\"high\" decoding=\"async\" width=\"800\" height=\"534\" src=\"https:\/\/noorbe.com.br\/wp-content\/uploads\/2025\/12\/praticas-de-bem-estar-para-o-autocuidado-no-dia-mundial-da-saude.jpg\" class=\"attachment-large size-large wp-image-4917\" alt=\"\" srcset=\"https:\/\/noorbe.com.br\/wp-content\/uploads\/2025\/12\/praticas-de-bem-estar-para-o-autocuidado-no-dia-mundial-da-saude.jpg 1000w, https:\/\/noorbe.com.br\/wp-content\/uploads\/2025\/12\/praticas-de-bem-estar-para-o-autocuidado-no-dia-mundial-da-saude-300x200.jpg 300w, https:\/\/noorbe.com.br\/wp-content\/uploads\/2025\/12\/praticas-de-bem-estar-para-o-autocuidado-no-dia-mundial-da-saude-768x512.jpg 768w\" sizes=\"(max-width: 800px) 100vw, 800px\" \/>\t\t\t\t\t\t\t\t\t\t\t\t\t\t\t<\/div>\n\t\t\t\t<\/div>\n\t\t\t\t\t<\/div>\n\t\t\t\t<\/div>\n\t\t<div class=\"elementor-element elementor-element-296c8e1 e-flex e-con-boxed e-con e-parent\" data-id=\"296c8e1\" data-element_type=\"container\" data-e-type=\"container\">\n\t\t\t\t\t<div class=\"e-con-inner\">\n\t\t\t\t<div class=\"elementor-element elementor-element-fe05fd0 elementor-widget elementor-widget-text-editor\" data-id=\"fe05fd0\" data-element_type=\"widget\" data-e-type=\"widget\" data-widget_type=\"text-editor.default\">\n\t\t\t\t<div class=\"elementor-widget-container\">\n\t\t\t\t\t\t\t\t\t<p><strong>Por Bruno Carvalho dos Santos \u2013 CEO e fundador do grupo amzmp<\/strong><\/p><p>O fim do ano sempre chega carregado de esperan\u00e7as e promessas.<br \/>Promessas de mudan\u00e7a, de recome\u00e7o, de um \u201cano que vai ser diferente\u201d. Renovamos metas, tra\u00e7amos planos, prometemos cuidar mais de n\u00f3s mesmos. Mas existe uma verdade desconfort\u00e1vel que poucos encaram: <strong>nem sempre sabemos, de fato, o que precisa ser mudado<\/strong>.<\/p><p>\u00c9 comum querer melhorar a vida sem antes compreend\u00ea-la.<br \/>E \u00e9 exatamente nesse ponto que a <strong>Roda da Vida<\/strong>, uma das ferramentas mais respeitadas de coaching e desenvolvimento humano, se torna t\u00e3o poderosa: ela n\u00e3o aponta apenas aonde voc\u00ea quer chegar, mas revela onde voc\u00ea realmente est\u00e1 e o que precisa ser ajustado.<\/p><p>A Roda da Vida funciona como um <strong>espelho estruturado da pr\u00f3pria exist\u00eancia<\/strong>. Ao dar notas de 0 a 10 para diferentes \u00e1reas da vida, a pessoa consegue enxergar, com clareza, se sua vida est\u00e1 em equil\u00edbrio ou se est\u00e1 tentando avan\u00e7ar com uma roda \u201ctorta\u201d, que n\u00e3o flui e n\u00e3o pega velocidade.<\/p><p><br \/><strong>Se alguma \u00e1rea n\u00e3o estiver minimamente aceit\u00e1vel, ela n\u00e3o vai girar.<\/strong><\/p><p>\u00a0<\/p><p><strong>Como funciona, na pr\u00e1tica, a Roda da Vida e como, sozinho, voc\u00ea pode fazer este exerc\u00edcio. <\/strong><\/p><p>A Roda da Vida \u00e9 composta por <strong>dez \u00e1reas essenciais<\/strong>, representadas, graficamente, em um c\u00edrculo dividido em partes iguais. Cada uma delas deve ser avaliada por voc\u00ea com uma <strong>nota de 0 a 10<\/strong>, partindo do <strong>centro da roda (nota 0)<\/strong> at\u00e9 a <strong>borda externa (nota 10)<\/strong>.<\/p><p>A partir da\u00ed, voc\u00ea come\u00e7a a dar nota para cada ponto espec\u00edfico da sua vida e, no final, consegue enxergar um gr\u00e1fico.<\/p><p>Vamos conhecer juntos estas \u00e1reas:<\/p><ol><li><strong> Lazer<\/strong><br \/>Voc\u00ea tem descansado? Se permitido momentos de prazer? Cultiva hobbies ou apenas sobrevive \u00e0 rotina?<\/li><li><strong> Vida financeira<\/strong><br \/>Voc\u00ea ganha o quanto precisa? O quanto acredita merecer? O quanto sua fam\u00edlia demanda para viver com dignidade?<\/li><li><strong> Profissional<\/strong><br \/>Voc\u00ea est\u00e1 evoluindo na carreira? Atua no que ama? \u00c9 reconhecido? Sente orgulho do que faz?<\/li><li><strong> Intelectual<\/strong><br \/>Voc\u00ea estuda, l\u00ea, se desenvolve? Alimenta sua mente ou apenas a ocupa com obriga\u00e7\u00f5es?<\/li><li><strong> Emocional<\/strong><br \/>Voc\u00ea est\u00e1 em paz? Sente-se feliz? Consegue dominar suas emo\u00e7\u00f5es ou \u00e9 dominado por elas?<\/li><li><strong> Espiritual<\/strong><br \/>Como est\u00e1 sua f\u00e9, seu prop\u00f3sito, sua conex\u00e3o com algo maior?<\/li><li><strong> F\u00edsico <\/strong><br \/>Voc\u00ea cuida do seu corpo, da sua sa\u00fade, da sua alimenta\u00e7\u00e3o, da sua energia, da sua apar\u00eancia?<\/li><li><strong> Relacionamento \u00edntimo<\/strong><br \/>Existe amor, respeito, di\u00e1logo e conex\u00e3o com seu parceiro ou parceira?<\/li><li><strong> Relacionamento social<\/strong><br \/>Voc\u00ea cultiva amizades? Se faz presente? Se sente pertencente a um grupo?<\/li><li><strong> Relacionamento familiar<\/strong><br \/>Voc\u00ea se faz presente? Demonstra amor aos pais, filhos, irm\u00e3os, av\u00f3s?<\/li><\/ol><p>Ap\u00f3s atribuir as notas, <strong>ligam-se todos os pontos marcados<\/strong>, formando um desenho semelhante a um pol\u00edgono.<br \/>\u00c9 esse formato que mostra, com clareza, se sua roda <strong>gira de forma equilibrada<\/strong> ou se est\u00e1 <strong>travada por \u00e1reas negligenciadas<\/strong>.<\/p><p>\u00a0<\/p><p><strong>Quando a roda n\u00e3o gira<\/strong><\/p><p>N\u00e3o adianta ter nota 10 na \u00e1rea financeira se o emocional est\u00e1 em 2.<br \/>A roda at\u00e9 tenta girar, mas gira aos solavancos.<br \/>O desequil\u00edbrio trava a fluidez da vida.<\/p><p>A vida n\u00e3o \u00e9 feita de uma \u00fanica grande conquista isolada.<br \/>Ela \u00e9 constru\u00edda na <strong>harmonia entre todas as \u00e1reas<\/strong>.<\/p><p>A Roda da Vida n\u00e3o serve para apontar fracassos.<br \/>Serve para indicar <strong>prioridades<\/strong>.<\/p><p>N\u00e3o \u00e9 sobre se julgar.<br \/>\u00c9 sobre se compreender.<\/p><p>N\u00e3o \u00e9 sobre se culpar.<br \/>\u00c9 sobre assumir responsabilidade, com consci\u00eancia e amor.<\/p><p>\u00a0<\/p><p><strong>O maior erro das pessoas: esperar o colapso para mudar<\/strong><\/p><p>A maioria das pessoas s\u00f3 busca ajuda quando o casamento acaba, quando a sa\u00fade falha, quando a depress\u00e3o se instala ou quando o dinheiro desaparece.<br \/>A Roda da Vida prop\u00f5e exatamente o oposto: <strong>agir antes do colapso<\/strong>.<\/p><p>Ela \u00e9 um instrumento de preven\u00e7\u00e3o emocional, mental e existencial.<br \/>Uma ferramenta de lucidez, em um mundo que vive no modo autom\u00e1tico.<\/p><p>\u00a0<\/p><p><strong>A verdadeira virada come\u00e7a com um ato de coragem: olhar para si<\/strong><\/p><p>Olhar para a pr\u00f3pria vida com honestidade d\u00f3i.<br \/>Mas \u00e9 uma dor que cura.<\/p><p>Nunca foi sobre ser perfeito.<br \/>Sempre foi sobre evoluir.<\/p><p>O fim do ano n\u00e3o \u00e9 apenas um marco no calend\u00e1rio.<br \/>\u00c9 um convite simb\u00f3lico para fazer aquilo que quase nunca fazemos durante o ano inteiro: <strong>parar, respirar e se ouvir<\/strong>.<\/p><p>E, talvez, a maior mudan\u00e7a n\u00e3o esteja em ganhar mais, produzir mais ou conquistar mais\u2026<br \/>Mas em viver com mais consci\u00eancia e harmonia, entre todas as \u00e1reas importantes.<\/p><p>\u00a0<\/p><p><strong>A esperan\u00e7a mora no movimento<\/strong><\/p><p>Toda roda que identifica seus desalinhamentos pode ser ajustada.<br \/>Toda vida que reconhece seus vazios pode ser reconstru\u00edda.<br \/>Toda pessoa que escolhe se olhar com verdade j\u00e1 iniciou seu processo de transforma\u00e7\u00e3o.<\/p><p>A Roda da Vida n\u00e3o muda ningu\u00e9m.<br \/>Esta obra \u00e9 feita por n\u00f3s mesmos, e somos os \u00fanicos respons\u00e1veis por essa melhora.<\/p><p>Que este ano novo traga alegria, prosperidade e esperan\u00e7a, para sempre recome\u00e7ar e seguir em frente!<\/p><p>\u00a0<\/p><p>Boas festas!<\/p><p>\u00a0<\/p><p><em>Bruno Carvalho dos Santos \u00e9 CEO e fundador do grupo amzmp, conglomerado de comunica\u00e7\u00e3o, marketing e tecnologia, com atua\u00e7\u00e3o no Brasil, Estados Unidos e Am\u00e9rica Latina. Empres\u00e1rio, pai, palestrante e articulista sobre lideran\u00e7a, comportamento humano e prop\u00f3sito de vida<\/em><\/p><p>\u00a0<\/p>\t\t\t\t\t\t\t\t<\/div>\n\t\t\t\t<\/div>\n\t\t\t\t\t<\/div>\n\t\t\t\t<\/div>\n\t\t<div class=\"elementor-element elementor-element-6eb3717 e-flex e-con-boxed e-con e-parent\" data-id=\"6eb3717\" data-element_type=\"container\" data-e-type=\"container\">\n\t\t\t\t\t<div class=\"e-con-inner\">\n\t\t\t\t<div class=\"elementor-element elementor-element-9e85d8c elementor-widget elementor-widget-html\" data-id=\"9e85d8c\" data-element_type=\"widget\" data-e-type=\"widget\" data-widget_type=\"html.default\">\n\t\t\t\t<div class=\"elementor-widget-container\">\n\t\t\t\t\t<!-- Links \u2013 Com este exerc\u00edcio de autorreflex\u00e3o, voc\u00ea mesmo pode organizar os rumos da sua vida para 2026 -->\r\n<h3 style=\"font-size: 25px; font-weight: 600;\">\r\nLinks \u2013 Com este exerc\u00edcio de autorreflex\u00e3o, voc\u00ea mesmo pode organizar os rumos da sua vida para 2026\r\n<\/h3>\r\n\r\n<a href=\"https:\/\/imprensabr.com\/com-este-exercicio-de-autorreflexao-voce-mesmo-pode-organizar-os-rumos-da-sua-vida-para-2026\/\" target=\"_blank\">\r\nhttps:\/\/imprensabr.com\/com-este-exercicio-de-autorreflexao-voce-mesmo-pode-organizar-os-rumos-da-sua-vida-para-2026\/\r\n<\/a><br>\r\n\r\n<a href=\"https:\/\/portalrbn.com.br\/com-este-exercicio-de-autorreflexao-voce-mesmo-pode-organizar-os-rumos-da-sua-vida-para-2026\/#google_vignette\" target=\"_blank\">\r\nhttps:\/\/portalrbn.com.br\/com-este-exercicio-de-autorreflexao-voce-mesmo-pode-organizar-os-rumos-da-sua-vida-para-2026\/\r\n<\/a><br>\r\n\r\n<a href=\"https:\/\/gazeta24h.com\/com-este-exercicio-de-autorreflexao-voce-mesmo-pode-organizar-os-rumos-da-sua-vida-para-2026\/#google_vignette\" target=\"_blank\">\r\nhttps:\/\/gazeta24h.com\/com-este-exercicio-de-autorreflexao-voce-mesmo-pode-organizar-os-rumos-da-sua-vida-para-2026\/\r\n<\/a><br>\r\n\r\n<a href=\"https:\/\/lucamoreira.com.br\/negocios\/com-este-exercicio-de-autorreflexao-voce-mesmo-pode-organizar-os-rumos-da-sua-vida-para-2026\/\" target=\"_blank\">\r\nhttps:\/\/lucamoreira.com.br\/negocios\/com-este-exercicio-de-autorreflexao-voce-mesmo-pode-organizar-os-rumos-da-sua-vida-para-2026\/\r\n<\/a><br>\r\n\r\n<a href=\"https:\/\/culturaenegocios.com.br\/com-este-exercicio-de-autorreflexao-voce-mesmo-pode-organizar-os-rumos-da-sua-vida-para-2026\/\" target=\"_blank\">\r\nhttps:\/\/culturaenegocios.com.br\/com-este-exercicio-de-autorreflexao-voce-mesmo-pode-organizar-os-rumos-da-sua-vida-para-2026\/\r\n<\/a><br>\r\n\r\n<a href=\"https:\/\/ecosdarealidade.com.br\/negocios\/com-este-exercicio-de-autorreflexao-voce-mesmo-pode-organizar-os-rumos-da-sua-vida-para-2026\/\" target=\"_blank\">\r\nhttps:\/\/ecosdarealidade.com.br\/negocios\/com-este-exercicio-de-autorreflexao-voce-mesmo-pode-organizar-os-rumos-da-sua-vida-para-2026\/\r\n<\/a><br>\r\n\r\n<a href=\"https:\/\/verbonoticias.com.br\/com-este-exercicio-de-autorreflexao-voce-mesmo-pode-organizar-os-rumos-da-sua-vida-para-2026\/\" target=\"_blank\">\r\nhttps:\/\/verbonoticias.com.br\/com-este-exercicio-de-autorreflexao-voce-mesmo-pode-organizar-os-rumos-da-sua-vida-para-2026\/\r\n<\/a><br>\r\n\r\n<a href=\"https:\/\/fluxofactual.com.br\/negocios\/com-este-exercicio-de-autorreflexao-voce-mesmo-pode-organizar-os-rumos-da-sua-vida-para-2026\/\" target=\"_blank\">\r\nhttps:\/\/fluxofactual.com.br\/negocios\/com-este-exercicio-de-autorreflexao-voce-mesmo-pode-organizar-os-rumos-da-sua-vida-para-2026\/\r\n<\/a><br>\r\n\r\n<a href=\"https:\/\/jornalvanguardanews.com.br\/2025\/12\/10\/com-este-exercicio-de-autorreflexao-voce-mesmo-pode-organizar-os-rumos-da-sua-vida-para-2026\/\" target=\"_blank\">\r\nhttps:\/\/jornalvanguardanews.com.br\/2025\/12\/10\/com-este-exercicio-de-autorreflexao-voce-mesmo-pode-organizar-os-rumos-da-sua-vida-para-2026\/\r\n<\/a><br>\r\n\r\n<a href=\"https:\/\/panoramapress.com.br\/com-este-exercicio-de-autorreflexao-voce-mesmo-pode-organizar-os-rumos-da-sua-vida-para-2026\/\" target=\"_blank\">\r\nhttps:\/\/panoramapress.com.br\/com-este-exercicio-de-autorreflexao-voce-mesmo-pode-organizar-os-rumos-da-sua-vida-para-2026\/\r\n<\/a><br>\r\n\r\n<a href=\"https:\/\/pulsoreport.com.br\/negocios\/com-este-exercicio-de-autorreflexao-voce-mesmo-pode-organizar-os-rumos-da-sua-vida-para-2026\/\" target=\"_blank\">\r\nhttps:\/\/pulsoreport.com.br\/negocios\/com-este-exercicio-de-autorreflexao-voce-mesmo-pode-organizar-os-rumos-da-sua-vida-para-2026\/\r\n<\/a><br>\r\n\r\n<a href=\"https:\/\/revistafocoeditorial.com.br\/negocios\/2025\/12\/10\/com-este-exercicio-de-autorreflexao-voce-mesmo-pode-organizar-os-rumos-da-sua-vida-para-2026\/\" target=\"_blank\">\r\nhttps:\/\/revistafocoeditorial.com.br\/negocios\/2025\/12\/10\/com-este-exercicio-de-autorreflexao-voce-mesmo-pode-organizar-os-rumos-da-sua-vida-para-2026\/\r\n<\/a><br>\r\n\r\n<a href=\"https:\/\/echonoticias.com.br\/negocios\/com-este-exercicio-de-autorreflexao-voce-mesmo-pode-organizar-os-rumos-da-sua-vida-para-2026\/\" target=\"_blank\">\r\nhttps:\/\/echonoticias.com.br\/negocios\/com-este-exercicio-de-autorreflexao-voce-mesmo-pode-organizar-os-rumos-da-sua-vida-para-2026\/\r\n<\/a><br>\r\n\t\t\t\t<\/div>\n\t\t\t\t<\/div>\n\t\t\t\t\t<\/div>\n\t\t\t\t<\/div>\n\t\t\t\t<\/div>\n\t\t","protected":false},"excerpt":{"rendered":"<p>Por Bruno Carvalho dos Santos \u2013 CEO e fundador do grupo amzmp O fim do ano sempre chega carregado de esperan\u00e7as e promessas. Promessas de mudan\u00e7a, de recome\u00e7o, de um \u201cano que vai ser diferente\u201d. Renovamos metas, tra\u00e7amos planos, prometemos cuidar mais de n\u00f3s mesmos. Mas existe uma verdade desconfort\u00e1vel que poucos encaram: nem sempre [&hellip;]<\/p>\n","protected":false},"author":1,"featured_media":4917,"comment_status":"open","ping_status":"open","sticky":false,"template":"","format":"standard","meta":{"footnotes":""},"categories":[54,39,43,52],"tags":[248,247,252,256,246,249,260,262,253,251,250,263],"class_list":["post-4916","post","type-post","status-publish","format-standard","has-post-thumbnail","hentry","category-bruno-carvalho","category-business","category-carreiras","category-colunistas","tag-autoconhecimento","tag-autorreflexao","tag-coaching","tag-crescimento-pessoal","tag-desenvolvimento-pessoal","tag-equilibrio-de-vida","tag-espiritualidade","tag-final-de-ano","tag-inteligencia-emocional","tag-metas-pessoais","tag-planejamento-de-vida","tag-planejamento-para-2026"],"yoast_head":"<!-- This site is optimized with the Yoast SEO plugin v26.2 - https:\/\/yoast.com\/wordpress\/plugins\/seo\/ -->\n<title>Com este exerc\u00edcio de autorreflex\u00e3o, voc\u00ea mesmo pode organizar os rumos da sua vida para 2026 - Noorbe<\/title>\n<meta name=\"description\" content=\"O fim do ano sempre chega carregado de esperan\u00e7as e promessas.Promessas de mudan\u00e7a, de recome\u00e7o, de um \u201cano que vai ser diferente\u201d.\" \/>\n<meta name=\"robots\" content=\"index, follow, max-snippet:-1, max-image-preview:large, max-video-preview:-1\" \/>\n<link rel=\"canonical\" href=\"https:\/\/noorbe.com.br\/index.php\/2025\/12\/15\/com-este-exercicio-de-autorreflexao-voce-mesmo-pode-organizar-os-rumos-da-sua-vida-para-2026\/\" \/>\n<meta property=\"og:locale\" content=\"pt_BR\" \/>\n<meta property=\"og:type\" content=\"article\" \/>\n<meta property=\"og:title\" content=\"Com este exerc\u00edcio de autorreflex\u00e3o, voc\u00ea mesmo pode organizar os rumos da sua vida para 2026 - Noorbe\" \/>\n<meta property=\"og:description\" content=\"O fim do ano sempre chega carregado de esperan\u00e7as e promessas.Promessas de mudan\u00e7a, de recome\u00e7o, de um \u201cano que vai ser diferente\u201d.\" \/>\n<meta property=\"og:url\" content=\"https:\/\/noorbe.com.br\/index.php\/2025\/12\/15\/com-este-exercicio-de-autorreflexao-voce-mesmo-pode-organizar-os-rumos-da-sua-vida-para-2026\/\" \/>\n<meta property=\"og:site_name\" content=\"Noorbe\" \/>\n<meta property=\"article:published_time\" content=\"2025-12-15T19:07:42+00:00\" \/>\n<meta property=\"article:modified_time\" content=\"2025-12-15T19:15:11+00:00\" \/>\n<meta property=\"og:image\" content=\"https:\/\/noorbe.com.br\/wp-content\/uploads\/2025\/12\/praticas-de-bem-estar-para-o-autocuidado-no-dia-mundial-da-saude.jpg\" \/>\n\t<meta property=\"og:image:width\" content=\"1000\" \/>\n\t<meta property=\"og:image:height\" content=\"667\" \/>\n\t<meta property=\"og:image:type\" content=\"image\/jpeg\" \/>\n<meta name=\"author\" content=\"reda\u00e7\u00e3o\" \/>\n<meta name=\"twitter:card\" content=\"summary_large_image\" \/>\n<meta name=\"twitter:label1\" content=\"Escrito por\" \/>\n\t<meta name=\"twitter:data1\" content=\"reda\u00e7\u00e3o\" \/>\n\t<meta name=\"twitter:label2\" content=\"Est. tempo de leitura\" \/>\n\t<meta name=\"twitter:data2\" content=\"6 minutos\" \/>\n<script type=\"application\/ld+json\" class=\"yoast-schema-graph\">{\"@context\":\"https:\/\/schema.org\",\"@graph\":[{\"@type\":\"Article\",\"@id\":\"https:\/\/noorbe.com.br\/index.php\/2025\/12\/15\/com-este-exercicio-de-autorreflexao-voce-mesmo-pode-organizar-os-rumos-da-sua-vida-para-2026\/#article\",\"isPartOf\":{\"@id\":\"https:\/\/noorbe.com.br\/index.php\/2025\/12\/15\/com-este-exercicio-de-autorreflexao-voce-mesmo-pode-organizar-os-rumos-da-sua-vida-para-2026\/\"},\"author\":{\"name\":\"reda\u00e7\u00e3o\",\"@id\":\"https:\/\/noorbe.com.br\/#\/schema\/person\/91c15812f01705e694e85f3d97ca918b\"},\"headline\":\"Com este exerc\u00edcio de autorreflex\u00e3o, voc\u00ea mesmo pode organizar os rumos da sua vida para 2026\",\"datePublished\":\"2025-12-15T19:07:42+00:00\",\"dateModified\":\"2025-12-15T19:15:11+00:00\",\"mainEntityOfPage\":{\"@id\":\"https:\/\/noorbe.com.br\/index.php\/2025\/12\/15\/com-este-exercicio-de-autorreflexao-voce-mesmo-pode-organizar-os-rumos-da-sua-vida-para-2026\/\"},\"wordCount\":983,\"commentCount\":0,\"publisher\":{\"@id\":\"https:\/\/noorbe.com.br\/#organization\"},\"image\":{\"@id\":\"https:\/\/noorbe.com.br\/index.php\/2025\/12\/15\/com-este-exercicio-de-autorreflexao-voce-mesmo-pode-organizar-os-rumos-da-sua-vida-para-2026\/#primaryimage\"},\"thumbnailUrl\":\"https:\/\/noorbe.com.br\/wp-content\/uploads\/2025\/12\/praticas-de-bem-estar-para-o-autocuidado-no-dia-mundial-da-saude.jpg\",\"keywords\":[\"autoconhecimento\",\"autorreflex\u00e3o\",\"coaching\",\"crescimento pessoal\",\"desenvolvimento pessoal\",\"equil\u00edbrio de vida\",\"espiritualidade\",\"final de ano\",\"intelig\u00eancia emocional\",\"metas pessoais\",\"planejamento de vida\",\"planejamento para 2026\"],\"articleSection\":[\"Bruno Carvalho\",\"Business\",\"Carreiras\",\"Colunistas\"],\"inLanguage\":\"pt-BR\",\"potentialAction\":[{\"@type\":\"CommentAction\",\"name\":\"Comment\",\"target\":[\"https:\/\/noorbe.com.br\/index.php\/2025\/12\/15\/com-este-exercicio-de-autorreflexao-voce-mesmo-pode-organizar-os-rumos-da-sua-vida-para-2026\/#respond\"]}]},{\"@type\":\"WebPage\",\"@id\":\"https:\/\/noorbe.com.br\/index.php\/2025\/12\/15\/com-este-exercicio-de-autorreflexao-voce-mesmo-pode-organizar-os-rumos-da-sua-vida-para-2026\/\",\"url\":\"https:\/\/noorbe.com.br\/index.php\/2025\/12\/15\/com-este-exercicio-de-autorreflexao-voce-mesmo-pode-organizar-os-rumos-da-sua-vida-para-2026\/\",\"name\":\"Com este exerc\u00edcio de autorreflex\u00e3o, voc\u00ea mesmo pode organizar os rumos da sua vida para 2026 - Noorbe\",\"isPartOf\":{\"@id\":\"https:\/\/noorbe.com.br\/#website\"},\"primaryImageOfPage\":{\"@id\":\"https:\/\/noorbe.com.br\/index.php\/2025\/12\/15\/com-este-exercicio-de-autorreflexao-voce-mesmo-pode-organizar-os-rumos-da-sua-vida-para-2026\/#primaryimage\"},\"image\":{\"@id\":\"https:\/\/noorbe.com.br\/index.php\/2025\/12\/15\/com-este-exercicio-de-autorreflexao-voce-mesmo-pode-organizar-os-rumos-da-sua-vida-para-2026\/#primaryimage\"},\"thumbnailUrl\":\"https:\/\/noorbe.com.br\/wp-content\/uploads\/2025\/12\/praticas-de-bem-estar-para-o-autocuidado-no-dia-mundial-da-saude.jpg\",\"datePublished\":\"2025-12-15T19:07:42+00:00\",\"dateModified\":\"2025-12-15T19:15:11+00:00\",\"description\":\"O fim do ano sempre chega carregado de esperan\u00e7as e promessas.Promessas de mudan\u00e7a, de recome\u00e7o, de um \u201cano que vai ser diferente\u201d.\",\"breadcrumb\":{\"@id\":\"https:\/\/noorbe.com.br\/index.php\/2025\/12\/15\/com-este-exercicio-de-autorreflexao-voce-mesmo-pode-organizar-os-rumos-da-sua-vida-para-2026\/#breadcrumb\"},\"inLanguage\":\"pt-BR\",\"potentialAction\":[{\"@type\":\"ReadAction\",\"target\":[\"https:\/\/noorbe.com.br\/index.php\/2025\/12\/15\/com-este-exercicio-de-autorreflexao-voce-mesmo-pode-organizar-os-rumos-da-sua-vida-para-2026\/\"]}]},{\"@type\":\"ImageObject\",\"inLanguage\":\"pt-BR\",\"@id\":\"https:\/\/noorbe.com.br\/index.php\/2025\/12\/15\/com-este-exercicio-de-autorreflexao-voce-mesmo-pode-organizar-os-rumos-da-sua-vida-para-2026\/#primaryimage\",\"url\":\"https:\/\/noorbe.com.br\/wp-content\/uploads\/2025\/12\/praticas-de-bem-estar-para-o-autocuidado-no-dia-mundial-da-saude.jpg\",\"contentUrl\":\"https:\/\/noorbe.com.br\/wp-content\/uploads\/2025\/12\/praticas-de-bem-estar-para-o-autocuidado-no-dia-mundial-da-saude.jpg\",\"width\":1000,\"height\":667},{\"@type\":\"BreadcrumbList\",\"@id\":\"https:\/\/noorbe.com.br\/index.php\/2025\/12\/15\/com-este-exercicio-de-autorreflexao-voce-mesmo-pode-organizar-os-rumos-da-sua-vida-para-2026\/#breadcrumb\",\"itemListElement\":[{\"@type\":\"ListItem\",\"position\":1,\"name\":\"In\u00edcio\",\"item\":\"https:\/\/noorbe.com.br\/\"},{\"@type\":\"ListItem\",\"position\":2,\"name\":\"Com este exerc\u00edcio de autorreflex\u00e3o, voc\u00ea mesmo pode organizar os rumos da sua vida para 2026\"}]},{\"@type\":\"WebSite\",\"@id\":\"https:\/\/noorbe.com.br\/#website\",\"url\":\"https:\/\/noorbe.com.br\/\",\"name\":\"Noorbe\",\"description\":\"\",\"publisher\":{\"@id\":\"https:\/\/noorbe.com.br\/#organization\"},\"potentialAction\":[{\"@type\":\"SearchAction\",\"target\":{\"@type\":\"EntryPoint\",\"urlTemplate\":\"https:\/\/noorbe.com.br\/?s={search_term_string}\"},\"query-input\":{\"@type\":\"PropertyValueSpecification\",\"valueRequired\":true,\"valueName\":\"search_term_string\"}}],\"inLanguage\":\"pt-BR\"},{\"@type\":\"Organization\",\"@id\":\"https:\/\/noorbe.com.br\/#organization\",\"name\":\"Noorbe\",\"url\":\"https:\/\/noorbe.com.br\/\",\"logo\":{\"@type\":\"ImageObject\",\"inLanguage\":\"pt-BR\",\"@id\":\"https:\/\/noorbe.com.br\/#\/schema\/logo\/image\/\",\"url\":\"https:\/\/noorbe.com.br\/wp-content\/uploads\/2024\/05\/noorbe.jpg\",\"contentUrl\":\"https:\/\/noorbe.com.br\/wp-content\/uploads\/2024\/05\/noorbe.jpg\",\"width\":300,\"height\":53,\"caption\":\"Noorbe\"},\"image\":{\"@id\":\"https:\/\/noorbe.com.br\/#\/schema\/logo\/image\/\"}},{\"@type\":\"Person\",\"@id\":\"https:\/\/noorbe.com.br\/#\/schema\/person\/91c15812f01705e694e85f3d97ca918b\",\"name\":\"reda\u00e7\u00e3o\",\"image\":{\"@type\":\"ImageObject\",\"inLanguage\":\"pt-BR\",\"@id\":\"https:\/\/noorbe.com.br\/#\/schema\/person\/image\/\",\"url\":\"https:\/\/secure.gravatar.com\/avatar\/8127b64fc9b7ae806aaaf0ceb8dc77bbe9560462241d5264f19dd5635e941324?s=96&d=mm&r=g\",\"contentUrl\":\"https:\/\/secure.gravatar.com\/avatar\/8127b64fc9b7ae806aaaf0ceb8dc77bbe9560462241d5264f19dd5635e941324?s=96&d=mm&r=g\",\"caption\":\"reda\u00e7\u00e3o\"},\"sameAs\":[\"https:\/\/noorbe.com.br\"],\"url\":\"https:\/\/noorbe.com.br\/index.php\/author\/noorbeamz\/\"}]}<\/script>\n<!-- \/ Yoast SEO plugin. -->","yoast_head_json":{"title":"Com este exerc\u00edcio de autorreflex\u00e3o, voc\u00ea mesmo pode organizar os rumos da sua vida para 2026 - Noorbe","description":"O fim do ano sempre chega carregado de esperan\u00e7as e promessas.Promessas de mudan\u00e7a, de recome\u00e7o, de um \u201cano que vai ser diferente\u201d.","robots":{"index":"index","follow":"follow","max-snippet":"max-snippet:-1","max-image-preview":"max-image-preview:large","max-video-preview":"max-video-preview:-1"},"canonical":"https:\/\/noorbe.com.br\/index.php\/2025\/12\/15\/com-este-exercicio-de-autorreflexao-voce-mesmo-pode-organizar-os-rumos-da-sua-vida-para-2026\/","og_locale":"pt_BR","og_type":"article","og_title":"Com este exerc\u00edcio de autorreflex\u00e3o, voc\u00ea mesmo pode organizar os rumos da sua vida para 2026 - Noorbe","og_description":"O fim do ano sempre chega carregado de esperan\u00e7as e promessas.Promessas de mudan\u00e7a, de recome\u00e7o, de um \u201cano que vai ser diferente\u201d.","og_url":"https:\/\/noorbe.com.br\/index.php\/2025\/12\/15\/com-este-exercicio-de-autorreflexao-voce-mesmo-pode-organizar-os-rumos-da-sua-vida-para-2026\/","og_site_name":"Noorbe","article_published_time":"2025-12-15T19:07:42+00:00","article_modified_time":"2025-12-15T19:15:11+00:00","og_image":[{"width":1000,"height":667,"url":"https:\/\/noorbe.com.br\/wp-content\/uploads\/2025\/12\/praticas-de-bem-estar-para-o-autocuidado-no-dia-mundial-da-saude.jpg","type":"image\/jpeg"}],"author":"reda\u00e7\u00e3o","twitter_card":"summary_large_image","twitter_misc":{"Escrito por":"reda\u00e7\u00e3o","Est. tempo de leitura":"6 minutos"},"schema":{"@context":"https:\/\/schema.org","@graph":[{"@type":"Article","@id":"https:\/\/noorbe.com.br\/index.php\/2025\/12\/15\/com-este-exercicio-de-autorreflexao-voce-mesmo-pode-organizar-os-rumos-da-sua-vida-para-2026\/#article","isPartOf":{"@id":"https:\/\/noorbe.com.br\/index.php\/2025\/12\/15\/com-este-exercicio-de-autorreflexao-voce-mesmo-pode-organizar-os-rumos-da-sua-vida-para-2026\/"},"author":{"name":"reda\u00e7\u00e3o","@id":"https:\/\/noorbe.com.br\/#\/schema\/person\/91c15812f01705e694e85f3d97ca918b"},"headline":"Com este exerc\u00edcio de autorreflex\u00e3o, voc\u00ea mesmo pode organizar os rumos da sua vida para 2026","datePublished":"2025-12-15T19:07:42+00:00","dateModified":"2025-12-15T19:15:11+00:00","mainEntityOfPage":{"@id":"https:\/\/noorbe.com.br\/index.php\/2025\/12\/15\/com-este-exercicio-de-autorreflexao-voce-mesmo-pode-organizar-os-rumos-da-sua-vida-para-2026\/"},"wordCount":983,"commentCount":0,"publisher":{"@id":"https:\/\/noorbe.com.br\/#organization"},"image":{"@id":"https:\/\/noorbe.com.br\/index.php\/2025\/12\/15\/com-este-exercicio-de-autorreflexao-voce-mesmo-pode-organizar-os-rumos-da-sua-vida-para-2026\/#primaryimage"},"thumbnailUrl":"https:\/\/noorbe.com.br\/wp-content\/uploads\/2025\/12\/praticas-de-bem-estar-para-o-autocuidado-no-dia-mundial-da-saude.jpg","keywords":["autoconhecimento","autorreflex\u00e3o","coaching","crescimento pessoal","desenvolvimento pessoal","equil\u00edbrio de vida","espiritualidade","final de ano","intelig\u00eancia emocional","metas pessoais","planejamento de vida","planejamento para 2026"],"articleSection":["Bruno Carvalho","Business","Carreiras","Colunistas"],"inLanguage":"pt-BR","potentialAction":[{"@type":"CommentAction","name":"Comment","target":["https:\/\/noorbe.com.br\/index.php\/2025\/12\/15\/com-este-exercicio-de-autorreflexao-voce-mesmo-pode-organizar-os-rumos-da-sua-vida-para-2026\/#respond"]}]},{"@type":"WebPage","@id":"https:\/\/noorbe.com.br\/index.php\/2025\/12\/15\/com-este-exercicio-de-autorreflexao-voce-mesmo-pode-organizar-os-rumos-da-sua-vida-para-2026\/","url":"https:\/\/noorbe.com.br\/index.php\/2025\/12\/15\/com-este-exercicio-de-autorreflexao-voce-mesmo-pode-organizar-os-rumos-da-sua-vida-para-2026\/","name":"Com este exerc\u00edcio de autorreflex\u00e3o, voc\u00ea mesmo pode organizar os rumos da sua vida para 2026 - Noorbe","isPartOf":{"@id":"https:\/\/noorbe.com.br\/#website"},"primaryImageOfPage":{"@id":"https:\/\/noorbe.com.br\/index.php\/2025\/12\/15\/com-este-exercicio-de-autorreflexao-voce-mesmo-pode-organizar-os-rumos-da-sua-vida-para-2026\/#primaryimage"},"image":{"@id":"https:\/\/noorbe.com.br\/index.php\/2025\/12\/15\/com-este-exercicio-de-autorreflexao-voce-mesmo-pode-organizar-os-rumos-da-sua-vida-para-2026\/#primaryimage"},"thumbnailUrl":"https:\/\/noorbe.com.br\/wp-content\/uploads\/2025\/12\/praticas-de-bem-estar-para-o-autocuidado-no-dia-mundial-da-saude.jpg","datePublished":"2025-12-15T19:07:42+00:00","dateModified":"2025-12-15T19:15:11+00:00","description":"O fim do ano sempre chega carregado de esperan\u00e7as e promessas.Promessas de mudan\u00e7a, de recome\u00e7o, de um \u201cano que vai ser diferente\u201d.","breadcrumb":{"@id":"https:\/\/noorbe.com.br\/index.php\/2025\/12\/15\/com-este-exercicio-de-autorreflexao-voce-mesmo-pode-organizar-os-rumos-da-sua-vida-para-2026\/#breadcrumb"},"inLanguage":"pt-BR","potentialAction":[{"@type":"ReadAction","target":["https:\/\/noorbe.com.br\/index.php\/2025\/12\/15\/com-este-exercicio-de-autorreflexao-voce-mesmo-pode-organizar-os-rumos-da-sua-vida-para-2026\/"]}]},{"@type":"ImageObject","inLanguage":"pt-BR","@id":"https:\/\/noorbe.com.br\/index.php\/2025\/12\/15\/com-este-exercicio-de-autorreflexao-voce-mesmo-pode-organizar-os-rumos-da-sua-vida-para-2026\/#primaryimage","url":"https:\/\/noorbe.com.br\/wp-content\/uploads\/2025\/12\/praticas-de-bem-estar-para-o-autocuidado-no-dia-mundial-da-saude.jpg","contentUrl":"https:\/\/noorbe.com.br\/wp-content\/uploads\/2025\/12\/praticas-de-bem-estar-para-o-autocuidado-no-dia-mundial-da-saude.jpg","width":1000,"height":667},{"@type":"BreadcrumbList","@id":"https:\/\/noorbe.com.br\/index.php\/2025\/12\/15\/com-este-exercicio-de-autorreflexao-voce-mesmo-pode-organizar-os-rumos-da-sua-vida-para-2026\/#breadcrumb","itemListElement":[{"@type":"ListItem","position":1,"name":"In\u00edcio","item":"https:\/\/noorbe.com.br\/"},{"@type":"ListItem","position":2,"name":"Com este exerc\u00edcio de autorreflex\u00e3o, voc\u00ea mesmo pode organizar os rumos da sua vida para 2026"}]},{"@type":"WebSite","@id":"https:\/\/noorbe.com.br\/#website","url":"https:\/\/noorbe.com.br\/","name":"Noorbe","description":"","publisher":{"@id":"https:\/\/noorbe.com.br\/#organization"},"potentialAction":[{"@type":"SearchAction","target":{"@type":"EntryPoint","urlTemplate":"https:\/\/noorbe.com.br\/?s={search_term_string}"},"query-input":{"@type":"PropertyValueSpecification","valueRequired":true,"valueName":"search_term_string"}}],"inLanguage":"pt-BR"},{"@type":"Organization","@id":"https:\/\/noorbe.com.br\/#organization","name":"Noorbe","url":"https:\/\/noorbe.com.br\/","logo":{"@type":"ImageObject","inLanguage":"pt-BR","@id":"https:\/\/noorbe.com.br\/#\/schema\/logo\/image\/","url":"https:\/\/noorbe.com.br\/wp-content\/uploads\/2024\/05\/noorbe.jpg","contentUrl":"https:\/\/noorbe.com.br\/wp-content\/uploads\/2024\/05\/noorbe.jpg","width":300,"height":53,"caption":"Noorbe"},"image":{"@id":"https:\/\/noorbe.com.br\/#\/schema\/logo\/image\/"}},{"@type":"Person","@id":"https:\/\/noorbe.com.br\/#\/schema\/person\/91c15812f01705e694e85f3d97ca918b","name":"reda\u00e7\u00e3o","image":{"@type":"ImageObject","inLanguage":"pt-BR","@id":"https:\/\/noorbe.com.br\/#\/schema\/person\/image\/","url":"https:\/\/secure.gravatar.com\/avatar\/8127b64fc9b7ae806aaaf0ceb8dc77bbe9560462241d5264f19dd5635e941324?s=96&d=mm&r=g","contentUrl":"https:\/\/secure.gravatar.com\/avatar\/8127b64fc9b7ae806aaaf0ceb8dc77bbe9560462241d5264f19dd5635e941324?s=96&d=mm&r=g","caption":"reda\u00e7\u00e3o"},"sameAs":["https:\/\/noorbe.com.br"],"url":"https:\/\/noorbe.com.br\/index.php\/author\/noorbeamz\/"}]}},"views":317,"_links":{"self":[{"href":"https:\/\/noorbe.com.br\/index.php\/wp-json\/wp\/v2\/posts\/4916","targetHints":{"allow":["GET"]}}],"collection":[{"href":"https:\/\/noorbe.com.br\/index.php\/wp-json\/wp\/v2\/posts"}],"about":[{"href":"https:\/\/noorbe.com.br\/index.php\/wp-json\/wp\/v2\/types\/post"}],"author":[{"embeddable":true,"href":"https:\/\/noorbe.com.br\/index.php\/wp-json\/wp\/v2\/users\/1"}],"replies":[{"embeddable":true,"href":"https:\/\/noorbe.com.br\/index.php\/wp-json\/wp\/v2\/comments?post=4916"}],"version-history":[{"count":9,"href":"https:\/\/noorbe.com.br\/index.php\/wp-json\/wp\/v2\/posts\/4916\/revisions"}],"predecessor-version":[{"id":4926,"href":"https:\/\/noorbe.com.br\/index.php\/wp-json\/wp\/v2\/posts\/4916\/revisions\/4926"}],"wp:featuredmedia":[{"embeddable":true,"href":"https:\/\/noorbe.com.br\/index.php\/wp-json\/wp\/v2\/media\/4917"}],"wp:attachment":[{"href":"https:\/\/noorbe.com.br\/index.php\/wp-json\/wp\/v2\/media?parent=4916"}],"wp:term":[{"taxonomy":"category","embeddable":true,"href":"https:\/\/noorbe.com.br\/index.php\/wp-json\/wp\/v2\/categories?post=4916"},{"taxonomy":"post_tag","embeddable":true,"href":"https:\/\/noorbe.com.br\/index.php\/wp-json\/wp\/v2\/tags?post=4916"}],"curies":[{"name":"wp","href":"https:\/\/api.w.org\/{rel}","templated":true}]}}